{"id":10289,"date":"2023-01-20T17:35:17","date_gmt":"2023-01-20T16:35:17","guid":{"rendered":"https:\/\/www.slovozivota.sk\/?p=10289"},"modified":"2023-01-24T18:47:47","modified_gmt":"2023-01-24T17:47:47","slug":"den-pre-izrael-29-1-2023","status":"publish","type":"post","link":"https:\/\/www.slovozivota.sk\/en\/2023\/01\/den-pre-izrael-29-1-2023\/","title":{"rendered":"De\u0148 pre Izrael &#8211; 29.1.2023"},"content":{"rendered":"<div class=\"entry-content\">\n<p><img decoding=\"async\" class=\"alignright wp-image-10290\" src=\"https:\/\/www.slovozivota.sk\/wp-content\/uploads\/2023\/01\/banner_den_pre_Izrael_2023_3-1024x576.jpg\" alt=\"\" width=\"500\" height=\"281\" srcset=\"https:\/\/www.slovozivota.sk\/wp-content\/uploads\/2023\/01\/banner_den_pre_Izrael_2023_3-1024x576.jpg 1024w, https:\/\/www.slovozivota.sk\/wp-content\/uploads\/2023\/01\/banner_den_pre_Izrael_2023_3-300x170.jpg 300w, https:\/\/www.slovozivota.sk\/wp-content\/uploads\/2023\/01\/banner_den_pre_Izrael_2023_3-768x432.jpg 768w, https:\/\/www.slovozivota.sk\/wp-content\/uploads\/2023\/01\/banner_den_pre_Izrael_2023_3-1536x864.jpg 1536w, https:\/\/www.slovozivota.sk\/wp-content\/uploads\/2023\/01\/banner_den_pre_Izrael_2023_3-600x338.jpg 600w, https:\/\/www.slovozivota.sk\/wp-content\/uploads\/2023\/01\/banner_den_pre_Izrael_2023_3-1170x660.jpg 1170w, https:\/\/www.slovozivota.sk\/wp-content\/uploads\/2023\/01\/banner_den_pre_Izrael_2023_3-870x490.jpg 870w, https:\/\/www.slovozivota.sk\/wp-content\/uploads\/2023\/01\/banner_den_pre_Izrael_2023_3-390x220.jpg 390w, https:\/\/www.slovozivota.sk\/wp-content\/uploads\/2023\/01\/banner_den_pre_Izrael_2023_3.jpg 1920w\" sizes=\"(max-width: 767px) 100vw, 500px\" \/>V spolupr\u00e1ci s organiz\u00e1ciou <a href=\"http:\/\/www.icej.sk\/\" target=\"_blank\" rel=\"noopener noreferrer\">ICEJ<\/a> a v r\u00e1mci Medzin\u00e1rodn\u00e9ho d\u0148a pripomienky holokaustu a predch\u00e1dzania zlo\u010dinom proti \u013eudskosti, po dvoch rokoch n\u00fatenej prest\u00e1vky usporad\u00favame podujatie <em>De\u0148 pre Izrael.<\/em><\/p>\n<p>Za\u010d\u00edname u\u017e doobeda duchovn\u00fdm programom \u2013 chv\u00e1ly, biblick\u00e9 vyu\u010dovanie, modlitby a pokra\u010dujeme ob\u010derstven\u00edm v na\u0161ej kaviarni. Poobede je hlavn\u00fdm bodom programu verejn\u00e1 predn\u00e1\u0161ka vz\u00e1cneho hos\u0165a Martina Kor\u010doka, ved\u00faceho M\u00fazea holokaustu v Seredi, spojen\u00e1 s diskusiou.<\/p>\n<p><strong>De\u0148 pre Izrael 2023 <\/strong><\/p>\n<p><strong>Kde: <\/strong><a href=\"https:\/\/www.slovozivota.sk\/kontakt\/\">Slovo \u017eivota, Tom\u00e1\u0161ikova 30, Bratislava<\/a><br \/>\n<strong>Kedy: <\/strong>Nede\u013ea 29.1.2023<\/p>\n<p><strong>Program:<br \/>\n<\/strong>10:00 \u2013 <strong>Bohoslu\u017eba, Peter \u010cu\u0159\u00edk a hostia; <\/strong>chv\u00e1ly<br \/>\n12:00 \u2013 ob\u010derstvenie v kaviarni<br \/>\n13:00 \u2013 hos\u0165<strong> Martin Kor\u010dok,<\/strong> Svedectv\u00e1 pre\u017eiv\u0161\u00edch + diskusia<br \/>\n14:30 \u2013 pl\u00e1novan\u00fd z\u00e1ver<\/p>\n<\/div>\n<p><strong>Hos\u0165:<br \/>\n<\/strong><img decoding=\"async\" class=\"alignright size-medium wp-image-10304\" src=\"https:\/\/www.slovozivota.sk\/wp-content\/uploads\/2023\/01\/Martin_Korcok-300x285.jpeg\" alt=\"\" width=\"300\" height=\"285\" srcset=\"https:\/\/www.slovozivota.sk\/wp-content\/uploads\/2023\/01\/Martin_Korcok-300x285.jpeg 300w, https:\/\/www.slovozivota.sk\/wp-content\/uploads\/2023\/01\/Martin_Korcok-390x371.jpeg 390w, https:\/\/www.slovozivota.sk\/wp-content\/uploads\/2023\/01\/Martin_Korcok.jpeg 449w\" sizes=\"(max-width: 300px) 100vw, 300px\" \/>Dovo\u013ete n\u00e1m predstavi\u0165 v\u00e1m vz\u00e1cneho hos\u0165a, re\u010dn\u00edka na podujat\u00ed De\u0148 pre Izrael ??<\/p>\n<p><em>MARTIN KOR\u010cOK<\/em><\/p>\n<p>S\u00fa\u010dasn\u00fd kandid\u00e1t na ocenenie Kri\u0161t\u00e1\u013eov\u00e9 kr\u00eddlo za filantropiu, riadite\u013e M\u00fazea Holokaustu v Seredi, z\u00e1stupca Medzin\u00e1rodnej aliancie pre pripom\u00ednanie holokaustu (International Holocaust Remembranc Alliance) v Komisii expertov na z\u00e1le\u017eitosti R\u00f3mov (Committee of Experts on Roma and Travellers Issues ADI-ROM) v Rade Eur\u00f3py (Council of Europe), Predseda Medzin\u00e1rodnej odbornej poroty Roma Spirit.<\/p>\n<p>Medzin\u00e1rodne p\u00f4sobiaci autor a re\u010dn\u00edk, \u010dlen odborn\u00fdch komisi\u00ed, oce\u0148ovan\u00fd za svoju tvorbu venovan\u00fa holokaustu, \u013eudsk\u00e9mu utrpeniu, aktivity spojen\u00e9 so vzdel\u00e1van\u00edm o holokauste a s bojom proti antisemitizmu.<\/p>\n<p>&nbsp;<\/p>\n<div class=\"entry-content\">\n<p>&nbsp;<\/p>\n<\/div>\n","protected":false},"excerpt":{"rendered":"<p>V spolupr\u00e1ci s organiz\u00e1ciou ICEJ a v r\u00e1mci Medzin\u00e1rodn\u00e9ho d\u0148a pripomienky holokaustu a predch\u00e1dzania zlo\u010dinom proti \u013eudskosti, po dvoch rokoch n\u00fatenej prest\u00e1vky usporad\u00favame podujatie De\u0148 pre Izrael. Za\u010d\u00edname u\u017e doobeda [&hellip;]<\/p>\n","protected":false},"author":109,"featured_media":10295,"comment_status":"open","ping_status":"open","sticky":false,"template":"","format":"standard","meta":{"episode_type":"audio","audio_file":"","cover_image":"","cover_image_id":"","duration":"","filesize":"","date_recorded":"","explicit":"","block":"","filesize_raw":"","footnotes":""},"categories":[72],"tags":[],"series":[],"class_list":["post-10289","post","type-post","status-publish","format-standard","has-post-thumbnail","hentry","category-aktuality"],"episode_featured_image":"https:\/\/www.slovozivota.sk\/wp-content\/uploads\/2023\/01\/banner_den_pre_Izrael_2023_aktual.png","episode_player_image":"https:\/\/www.slovozivota.sk\/wp-content\/uploads\/2019\/10\/PodcastSZ-1.jpg","download_link":"","player_link":"","audio_player":false,"episode_data":{"playerMode":"dark","subscribeUrls":[],"rssFeedUrl":"https:\/\/www.slovozivota.sk\/en\/feed\/podcast\/slovo-zivota","embedCode":"<blockquote class=\"wp-embedded-content\" data-secret=\"J9KjQpaBCn\"><a href=\"https:\/\/www.slovozivota.sk\/en\/2023\/01\/den-pre-izrael-29-1-2023\/\">De\u0148 pre Izrael &#8211; 29.1.2023<\/a><\/blockquote><iframe sandbox=\"allow-scripts\" security=\"restricted\" src=\"https:\/\/www.slovozivota.sk\/en\/2023\/01\/den-pre-izrael-29-1-2023\/embed\/#?secret=J9KjQpaBCn\" width=\"500\" height=\"350\" title=\"&#8220;De\u0148 pre Izrael &#8211; 29.1.2023&#8221; &#8212; Slovo \u017eivota\" data-secret=\"J9KjQpaBCn\" frameborder=\"0\" marginwidth=\"0\" marginheight=\"0\" scrolling=\"no\" class=\"wp-embedded-content\"><\/iframe><script type=\"text\/javascript\">\n\/* <![CDATA[ *\/\n\/*! This file is auto-generated *\/\n!function(d,l){\"use strict\";l.querySelector&&d.addEventListener&&\"undefined\"!=typeof URL&&(d.wp=d.wp||{},d.wp.receiveEmbedMessage||(d.wp.receiveEmbedMessage=function(e){var t=e.data;if((t||t.secret||t.message||t.value)&&!\/[^a-zA-Z0-9]\/.test(t.secret)){for(var s,r,n,a=l.querySelectorAll('iframe[data-secret=\"'+t.secret+'\"]'),o=l.querySelectorAll('blockquote[data-secret=\"'+t.secret+'\"]'),c=new RegExp(\"^https?:$\",\"i\"),i=0;i<o.length;i++)o[i].style.display=\"none\";for(i=0;i<a.length;i++)s=a[i],e.source===s.contentWindow&&(s.removeAttribute(\"style\"),\"height\"===t.message?(1e3<(r=parseInt(t.value,10))?r=1e3:~~r<200&&(r=200),s.height=r):\"link\"===t.message&&(r=new URL(s.getAttribute(\"src\")),n=new URL(t.value),c.test(n.protocol))&&n.host===r.host&&l.activeElement===s&&(d.top.location.href=t.value))}},d.addEventListener(\"message\",d.wp.receiveEmbedMessage,!1),l.addEventListener(\"DOMContentLoaded\",function(){for(var e,t,s=l.querySelectorAll(\"iframe.wp-embedded-content\"),r=0;r<s.length;r++)(t=(e=s[r]).getAttribute(\"data-secret\"))||(t=Math.random().toString(36).substring(2,12),e.src+=\"#?secret=\"+t,e.setAttribute(\"data-secret\",t)),e.contentWindow.postMessage({message:\"ready\",secret:t},\"*\")},!1)))}(window,document);\n\/* ]]> *\/\n<\/script>\n"},"_links":{"self":[{"href":"https:\/\/www.slovozivota.sk\/en\/wp-json\/wp\/v2\/posts\/10289","targetHints":{"allow":["GET"]}}],"collection":[{"href":"https:\/\/www.slovozivota.sk\/en\/wp-json\/wp\/v2\/posts"}],"about":[{"href":"https:\/\/www.slovozivota.sk\/en\/wp-json\/wp\/v2\/types\/post"}],"author":[{"embeddable":true,"href":"https:\/\/www.slovozivota.sk\/en\/wp-json\/wp\/v2\/users\/109"}],"replies":[{"embeddable":true,"href":"https:\/\/www.slovozivota.sk\/en\/wp-json\/wp\/v2\/comments?post=10289"}],"version-history":[{"count":5,"href":"https:\/\/www.slovozivota.sk\/en\/wp-json\/wp\/v2\/posts\/10289\/revisions"}],"predecessor-version":[{"id":10305,"href":"https:\/\/www.slovozivota.sk\/en\/wp-json\/wp\/v2\/posts\/10289\/revisions\/10305"}],"wp:featuredmedia":[{"embeddable":true,"href":"https:\/\/www.slovozivota.sk\/en\/wp-json\/wp\/v2\/media\/10295"}],"wp:attachment":[{"href":"https:\/\/www.slovozivota.sk\/en\/wp-json\/wp\/v2\/media?parent=10289"}],"wp:term":[{"taxonomy":"category","embeddable":true,"href":"https:\/\/www.slovozivota.sk\/en\/wp-json\/wp\/v2\/categories?post=10289"},{"taxonomy":"post_tag","embeddable":true,"href":"https:\/\/www.slovozivota.sk\/en\/wp-json\/wp\/v2\/tags?post=10289"},{"taxonomy":"series","embeddable":true,"href":"https:\/\/www.slovozivota.sk\/en\/wp-json\/wp\/v2\/series?post=10289"}],"curies":[{"name":"wp","href":"https:\/\/api.w.org\/{rel}","templated":true}]}}