{"id":2181,"date":"2010-03-30T00:00:00","date_gmt":"2010-03-29T22:00:00","guid":{"rendered":"https:\/\/new.slovozivota.sk\/2010\/03\/jar\/"},"modified":"2019-10-03T02:29:09","modified_gmt":"2019-10-03T00:29:09","slug":"jar","status":"publish","type":"post","link":"https:\/\/www.slovozivota.sk\/en\/2010\/03\/jar\/","title":{"rendered":"Jar"},"content":{"rendered":"<p>Pri\u0161la jar! Kone\u010dne. Neviem \u010di si toto po\u010dasie u\u017e\u00edvate tak ako ja, ale ja sa ho neviem naba\u017ei\u0165. Mo\u017eno aj preto, \u017ee jar je moje najob\u013e\u00fabenej\u0161ie ro\u010dn\u00e9 obdobie. Ale tento rok je t\u00e1 moja rados\u0165 e\u0161te umocnen\u00e1 dlhou a tuhou zimou, ktor\u00fa sme tu mali a ktor\u00e1 nie a nie presta\u0165. Ke\u010f pred p\u00e1r t\u00fd\u017ed\u0148ami pri\u0161li prv\u00e9 n\u00e1znaky toho, \u017ee zima u\u017e str\u00e1ca svoju moc, pln\u00fd nad\u0161enia som odlo\u017eil svoju zimn\u00fa bundu a te\u0161il sa na prv\u00e9 sne\u017eienky, no namiesto toho sme dostali \u010fal\u0161iu n\u00e1dielku snehu, fakt ma to u\u017e prest\u00e1valo bavi\u0165. Na\u0161\u0165astie t\u00e1to zima nebola prvou zimou v mojom \u017eivote a tak som dobre vedel ako to nakoniec dopadne. A nem\u00fdlil som sa. U\u017e 25 kr\u00e1t v mojom \u017eivote zimu premohla jar.<\/p>\n<p>\u0160koda, \u017ee s obdobiami v \u017eivote \u010dloveka to niekedy nie je tak\u00e9 jednoduch\u00e9 ako s t\u00fdmi ro\u010dn\u00fdmi o ktor\u00fdch vie\u0161 presne kedy pr\u00eddu, ako bud\u00fa prebieha\u0165 a kedy sa skon\u010dia. Tie \u017eivotn\u00e9 sa neopakuj\u00fa. S\u00fa st\u00e1le nov\u00e9 a v\u00e4\u010d\u0161inou nevie\u0161 kedy a ako skon\u010d\u00ed obdobie v ktorom pr\u00e1ve si a ak\u00e9 obdobie pr\u00edde po \u0148om.<\/p>\n<p>Ned\u00e1vno som na\u0161iel v Biblii nie\u010do, \u010do som si dovtedy nikdy nev\u0161imol a \u010do ma ve\u013emi povzbudilo. Ke\u010f som si pozeral \u017eivot apo\u0161tola Petra, tie\u017e prech\u00e1dzal r\u00f4znymi obdobiami. Ke\u010f stretol Je\u017ei\u0161a tak sa v jeho \u017eivote za\u010dalo jedno \u00fa\u017easn\u00e9 obdobie. Obdobie pln\u00e9 Bo\u017eej moci, divov a z\u00e1zrakov. Divok\u00e9 dobrodru\u017estvo s Je\u017ei\u0161om, kde Peter za\u017eil \u00fa\u017easn\u00e9 veci, ktor\u00e9 sa diali okolo neho a ver\u00edm \u017ee aj v \u0148om. Mysl\u00edm, \u017ee to bola riadna \u201ejazda s vetrom vo vlasoch\u201c. Zrazu sa v\u0161ak, aspo\u0148 v Petrov\u00fdch o\u010diach ur\u010dite, za\u010dali veci kazi\u0165. Zrazu sa t\u00e1to divok\u00e1, n\u00e1dhern\u00e1, dobrodru\u017en\u00e1 jazda s Je\u017ei\u0161om za\u010dala radik\u00e1lne meni\u0165. Mysl\u00edm, \u017ee pre Petra bolo Je\u017ei\u0161ovo zajatie a veci, ktor\u00e9 sa odohrali n\u00e1sledne ako jedna ve\u013ek\u00e1 \u010deln\u00e1 hav\u00e1ria. R\u00fdchla, ne\u010dakan\u00e1 a absol\u00fatne de\u0161trukt\u00edvna. Zrazu, akoby bolo v\u0161etko straten\u00e9. Akoby sa v\u0161etko rozpadlo na k\u00fasky, ktor\u00e9 sa u\u017e nedaj\u00fa nikdy posklada\u0165 sp\u00e4\u0165. Zrazu zhaslo svetlo a ostala len tma. Ostalo len ticho, samota a strach&#8230;<\/p>\n<p>Ocitol si sa niekedy v takejto situ\u00e1cii? Kedy ti zrazu ni\u010d ned\u00e1va zmysel? Kedy nerozumie\u0161 v\u00f4bec ni\u010domu? Kedy nevie\u0161, \u010do m\u00e1\u0161 robi\u0165 a kam m\u00e1\u0161 \u00eds\u0165? Kedy sa pozer\u00e1\u0161 dookola ale aj tak ti v\u0161etky cesty pripadaj\u00fa \u00faplne zbyto\u010dn\u00e9? Peter sa nach\u00e1dzal na rovnakom mieste. \u00daplne straten\u00fd. Nerozumel ni\u010domu.<\/p>\n<p>Ke\u010f som si \u010d\u00edtal tento Petrov pr\u00edbeh, zrazu som si uvedomil jednu vec. Uvedomil som si, \u017ee napriek tomu, \u017ee v\u0161etko bolo v takomto stra\u0161nom stave a Peter si myslel, \u017ee v\u0161etko je nen\u00e1vratne straten\u00e9, pravda bola v skuto\u010dnosti tak\u00e1, \u017ee v\u0161etko bolo absol\u00fatne dokonale presne tak ako malo by\u0165! Dokonca lep\u0161ie a dokonalej\u0161ie to u\u017e by\u0165 nemohlo! Peter si myslel, \u017ee je uprostred najv\u00e4\u010d\u0161ej por\u00e1\u017eky, ale pravda bola tak\u00e1, \u017ee bol v procese najv\u00e4\u010d\u0161ieho v\u00ed\u0165aztva!<\/p>\n<p>Ak sa nach\u00e1dza\u0161 v podobnom obdob\u00ed ako Peter, tak \u0165a chcem povzbudi\u0165, \u017ee niekdy s\u00fa veci v skuto\u010dnosti \u00faplne, ale \u00faplne inak ne\u017e vyzeraj\u00fa. Niekedy sa z najv\u00e4\u010d\u0161ej por\u00e1\u017eky vyk\u013euje to najv\u00e4\u010d\u0161ie v\u00ed\u0165aztvo! Mo\u017eno sa c\u00edti\u0161 ako uprostred najv\u00e4\u010d\u0161ej zimy a ke\u010f pozer\u00e1\u0161 naokolo zd\u00e1 sa ti to absol\u00fatne a nemenn\u00e9. Ja \u0165a v\u0161ak chcem povzbudi\u0165 t\u00fdm, \u017ee nech je toto obdobie zimy ak\u00e9ko\u013evek \u0165a\u017ek\u00e9, jedna vec je ist\u00e1. Raz sa skon\u010d\u00ed a pr\u00edde jar!<\/p>\n<p>A tak \u0165a povzbudzujem, dr\u017e sa P\u00e1na a d\u00f4veruj mu.<\/p>\n<p>\u00a0<\/p>\n","protected":false},"excerpt":{"rendered":"<p>Pri\u0161la jar! Kone\u010dne. Neviem \u010di si toto po\u010dasie u\u017e\u00edvate tak ako ja, ale ja sa ho neviem naba\u017ei\u0165. Mo\u017eno aj preto, \u017ee jar je moje najob\u013e\u00fabenej\u0161ie ro\u010dn\u00e9 obdobie. Ale tento [&hellip;]<\/p>\n","protected":false},"author":1,"featured_media":0,"comment_status":"open","ping_status":"open","sticky":false,"template":"","format":"standard","meta":{"episode_type":"","audio_file":"","cover_image":"","cover_image_id":"","duration":"","filesize":"","date_recorded":"","explicit":"","block":"","filesize_raw":"","footnotes":""},"categories":[51],"tags":[],"series":[],"class_list":["post-2181","post","type-post","status-publish","format-standard","hentry","category-blog-clanky"],"episode_featured_image":false,"episode_player_image":"https:\/\/www.slovozivota.sk\/wp-content\/uploads\/2019\/10\/PodcastSZ-1.jpg","download_link":"","player_link":"","audio_player":false,"episode_data":{"playerMode":"dark","subscribeUrls":[],"rssFeedUrl":"https:\/\/www.slovozivota.sk\/en\/feed\/podcast\/slovo-zivota","embedCode":"<blockquote class=\"wp-embedded-content\" data-secret=\"xjDZAJPa39\"><a href=\"https:\/\/www.slovozivota.sk\/en\/2010\/03\/jar\/\">Jar<\/a><\/blockquote><iframe sandbox=\"allow-scripts\" security=\"restricted\" src=\"https:\/\/www.slovozivota.sk\/en\/2010\/03\/jar\/embed\/#?secret=xjDZAJPa39\" width=\"500\" height=\"350\" title=\"&#8220;Jar&#8221; &#8212; Slovo \u017eivota\" data-secret=\"xjDZAJPa39\" frameborder=\"0\" marginwidth=\"0\" marginheight=\"0\" scrolling=\"no\" class=\"wp-embedded-content\"><\/iframe><script type=\"text\/javascript\">\n\/* <![CDATA[ *\/\n\/*! This file is auto-generated *\/\n!function(d,l){\"use strict\";l.querySelector&&d.addEventListener&&\"undefined\"!=typeof URL&&(d.wp=d.wp||{},d.wp.receiveEmbedMessage||(d.wp.receiveEmbedMessage=function(e){var t=e.data;if((t||t.secret||t.message||t.value)&&!\/[^a-zA-Z0-9]\/.test(t.secret)){for(var s,r,n,a=l.querySelectorAll('iframe[data-secret=\"'+t.secret+'\"]'),o=l.querySelectorAll('blockquote[data-secret=\"'+t.secret+'\"]'),c=new RegExp(\"^https?:$\",\"i\"),i=0;i<o.length;i++)o[i].style.display=\"none\";for(i=0;i<a.length;i++)s=a[i],e.source===s.contentWindow&&(s.removeAttribute(\"style\"),\"height\"===t.message?(1e3<(r=parseInt(t.value,10))?r=1e3:~~r<200&&(r=200),s.height=r):\"link\"===t.message&&(r=new URL(s.getAttribute(\"src\")),n=new URL(t.value),c.test(n.protocol))&&n.host===r.host&&l.activeElement===s&&(d.top.location.href=t.value))}},d.addEventListener(\"message\",d.wp.receiveEmbedMessage,!1),l.addEventListener(\"DOMContentLoaded\",function(){for(var e,t,s=l.querySelectorAll(\"iframe.wp-embedded-content\"),r=0;r<s.length;r++)(t=(e=s[r]).getAttribute(\"data-secret\"))||(t=Math.random().toString(36).substring(2,12),e.src+=\"#?secret=\"+t,e.setAttribute(\"data-secret\",t)),e.contentWindow.postMessage({message:\"ready\",secret:t},\"*\")},!1)))}(window,document);\n\/* ]]> *\/\n<\/script>\n"},"_links":{"self":[{"href":"https:\/\/www.slovozivota.sk\/en\/wp-json\/wp\/v2\/posts\/2181","targetHints":{"allow":["GET"]}}],"collection":[{"href":"https:\/\/www.slovozivota.sk\/en\/wp-json\/wp\/v2\/posts"}],"about":[{"href":"https:\/\/www.slovozivota.sk\/en\/wp-json\/wp\/v2\/types\/post"}],"author":[{"embeddable":true,"href":"https:\/\/www.slovozivota.sk\/en\/wp-json\/wp\/v2\/users\/1"}],"replies":[{"embeddable":true,"href":"https:\/\/www.slovozivota.sk\/en\/wp-json\/wp\/v2\/comments?post=2181"}],"version-history":[{"count":0,"href":"https:\/\/www.slovozivota.sk\/en\/wp-json\/wp\/v2\/posts\/2181\/revisions"}],"wp:attachment":[{"href":"https:\/\/www.slovozivota.sk\/en\/wp-json\/wp\/v2\/media?parent=2181"}],"wp:term":[{"taxonomy":"category","embeddable":true,"href":"https:\/\/www.slovozivota.sk\/en\/wp-json\/wp\/v2\/categories?post=2181"},{"taxonomy":"post_tag","embeddable":true,"href":"https:\/\/www.slovozivota.sk\/en\/wp-json\/wp\/v2\/tags?post=2181"},{"taxonomy":"series","embeddable":true,"href":"https:\/\/www.slovozivota.sk\/en\/wp-json\/wp\/v2\/series?post=2181"}],"curies":[{"name":"wp","href":"https:\/\/api.w.org\/{rel}","templated":true}]}}