{"id":2358,"date":"2011-01-19T00:00:00","date_gmt":"2011-01-18T23:00:00","guid":{"rendered":"https:\/\/new.slovozivota.sk\/2011\/01\/svetovy-pamaetny-den-holokaustu-bratislava-2412011\/"},"modified":"2011-01-19T00:00:00","modified_gmt":"2011-01-18T23:00:00","slug":"svetovy-pamaetny-den-holokaustu-bratislava-2412011","status":"publish","type":"post","link":"https:\/\/www.slovozivota.sk\/en\/2011\/01\/svetovy-pamaetny-den-holokaustu-bratislava-2412011\/","title":{"rendered":"Svetov\u00fd pam\u00e4tn\u00fd de\u0148 holokaustu (Bratislava, 24.1.2011)"},"content":{"rendered":"<p><img decoding=\"async\" class=\" alignleft size-full wp-image-2357\" src=\"https:\/\/new.slovozivota.sk\/wp-content\/uploads\/2011\/01\/201101_ecfi.png\" border=\"0\" alt=\"\" align=\"left\" width=\"150\" height=\"140\" \/>Dovo\u013ete, aby sme v\u00e1s pozvali na stretnutie k\u00a0<strong>Svetov\u00e9mu pam\u00e4tn\u00e9mu d\u0148u holokaustu<\/strong>, ktor\u00e9 sa uskuto\u010dn\u00ed d\u0148a 24. janu\u00e1ra 2011 o 18:30 hod. v Modrej s\u00e1le DK D\u00fabravka na Saratovskej 2\/A v Bratislave.<\/p>\n<p>D\u0148a 27. janu\u00e1ra v roku 1945 bol osloboden\u00fd koncentra\u010dn\u00fd t\u00e1bor Auschwitz-Birkenau v Po\u013esku. V roku 2005 bol Valn\u00fdm zhroma\u017eden\u00edm OSN tento d\u00e1tum vyhl\u00e1sen\u00fd za Svetov\u00fd pam\u00e4tn\u00fd de\u0148 holokaustu (International Holocaust Remembrance Day).<\/p>\n<p>Poklad\u00e1me za d\u00f4le\u017eit\u00e9, aby sme si pripom\u00ednali tieto nesl\u00e1vne kapitoly na\u0161ej hist\u00f3rie, a aj tak\u00fdmto sp\u00f4sobom konfrontovali zlo a neumo\u017enili mu zapusti\u0165 nov\u00e9 korene v \u010dase, ke\u010f vid\u00edme povst\u00e1va\u0165 nov\u00e9 vlny antisemitizmu a extr\u00e9mizmu v spolo\u010dnosti.<\/p>\n<p>Je potrebn\u00e9, aby aj mlad\u0161ia gener\u00e1cia po\u010dula o udalostiach, ktor\u00e9 sa odohrali po\u010das 2. svetovej vojny a niesla \u010falej toto svedectvo. Naviac, ako kres\u0165ania vn\u00edmame poverenie st\u00e1\u0165 v slu\u017ebe pote\u0161ovania \u017eidovsk\u00e9ho n\u00e1roda, ako o tom p\u00ed\u0161e prorok Izai\u00e1\u0161 (40,1-2). Preto by sme nechceli len spom\u00edna\u0165, ale aj sa aj akt\u00edvne prihov\u00e1ra\u0165 v modlitb\u00e1ch za s\u00fa\u010dasn\u00e9 potreby Izraela ako novodob\u00e9ho n\u00e1roda.<\/p>\n<p>Spolu s nami si v tomto t\u00fd\u017edni pripomen\u00fa Holokaust stovky kres\u0165ansk\u00fdch zborov po celom svete, preto\u017ee sa jeho garantom stala aj Eur\u00f3pska koal\u00edcia pre Izrael, ktor\u00e1 pracuje na p\u00f4de Eur\u00f3pskeho parlamentu (<a href=\"http:\/\/www.ec4i.org\/\">http:\/\/www.ec4i.org\/<\/a>.) Hlavn\u00fdmi organiz\u00e1tormi tejto spomienky v Bratislave s\u00fa okrem Slovo \u017eivota Bratislava aj ICEJ (Medzin\u00e1rodn\u00e9 kres\u0165ansk\u00e9 ve\u013evyslanectvo Izrael, pobo\u010dka Slovensko) a platforma KvM &#8220;Kres\u0165ania v meste&#8221; zdru\u017euj\u00faca kres\u0165ansk\u00e9 cirkvi a organiz\u00e1cie v Bratislave.<\/p>\n<p>24.1. V DK D\u00fabravka v\u00e1s \u010dak\u00e1 bohat\u00fd program a ve\u013emi zauj\u00edmav\u00ed hostia. Te\u0161\u00edme sa na v\u00e1s!<\/p>\n","protected":false},"excerpt":{"rendered":"<p>Dovo\u013ete, aby sme v\u00e1s pozvali na stretnutie k\u00a0Svetov\u00e9mu pam\u00e4tn\u00e9mu d\u0148u holokaustu, ktor\u00e9 sa uskuto\u010dn\u00ed d\u0148a 24. janu\u00e1ra 2011 o 18:30 hod. v Modrej s\u00e1le DK D\u00fabravka na Saratovskej 2\/A v [&hellip;]<\/p>\n","protected":false},"author":1,"featured_media":2357,"comment_status":"open","ping_status":"open","sticky":false,"template":"","format":"standard","meta":{"episode_type":"","audio_file":"","cover_image":"","cover_image_id":"","duration":"","filesize":"","date_recorded":"","explicit":"","block":"","filesize_raw":"","footnotes":""},"categories":[72],"tags":[],"series":[],"class_list":["post-2358","post","type-post","status-publish","format-standard","has-post-thumbnail","hentry","category-aktuality"],"episode_featured_image":"https:\/\/www.slovozivota.sk\/wp-content\/uploads\/2011\/01\/201101_ecfi.png","episode_player_image":"https:\/\/www.slovozivota.sk\/wp-content\/uploads\/2019\/10\/PodcastSZ-1.jpg","download_link":"","player_link":"","audio_player":false,"episode_data":{"playerMode":"dark","subscribeUrls":[],"rssFeedUrl":"https:\/\/www.slovozivota.sk\/en\/feed\/podcast\/slovo-zivota","embedCode":"<blockquote class=\"wp-embedded-content\" data-secret=\"JxNq0B2urQ\"><a href=\"https:\/\/www.slovozivota.sk\/en\/2011\/01\/svetovy-pamaetny-den-holokaustu-bratislava-2412011\/\">Svetov\u00fd pam\u00e4tn\u00fd de\u0148 holokaustu (Bratislava, 24.1.2011)<\/a><\/blockquote><iframe sandbox=\"allow-scripts\" security=\"restricted\" src=\"https:\/\/www.slovozivota.sk\/en\/2011\/01\/svetovy-pamaetny-den-holokaustu-bratislava-2412011\/embed\/#?secret=JxNq0B2urQ\" width=\"500\" height=\"350\" title=\"&#8220;Svetov\u00fd pam\u00e4tn\u00fd de\u0148 holokaustu (Bratislava, 24.1.2011)&#8221; &#8212; Slovo \u017eivota\" data-secret=\"JxNq0B2urQ\" frameborder=\"0\" marginwidth=\"0\" marginheight=\"0\" scrolling=\"no\" class=\"wp-embedded-content\"><\/iframe><script type=\"text\/javascript\">\n\/* <![CDATA[ *\/\n\/*! This file is auto-generated *\/\n!function(d,l){\"use strict\";l.querySelector&&d.addEventListener&&\"undefined\"!=typeof URL&&(d.wp=d.wp||{},d.wp.receiveEmbedMessage||(d.wp.receiveEmbedMessage=function(e){var t=e.data;if((t||t.secret||t.message||t.value)&&!\/[^a-zA-Z0-9]\/.test(t.secret)){for(var s,r,n,a=l.querySelectorAll('iframe[data-secret=\"'+t.secret+'\"]'),o=l.querySelectorAll('blockquote[data-secret=\"'+t.secret+'\"]'),c=new RegExp(\"^https?:$\",\"i\"),i=0;i<o.length;i++)o[i].style.display=\"none\";for(i=0;i<a.length;i++)s=a[i],e.source===s.contentWindow&&(s.removeAttribute(\"style\"),\"height\"===t.message?(1e3<(r=parseInt(t.value,10))?r=1e3:~~r<200&&(r=200),s.height=r):\"link\"===t.message&&(r=new URL(s.getAttribute(\"src\")),n=new URL(t.value),c.test(n.protocol))&&n.host===r.host&&l.activeElement===s&&(d.top.location.href=t.value))}},d.addEventListener(\"message\",d.wp.receiveEmbedMessage,!1),l.addEventListener(\"DOMContentLoaded\",function(){for(var e,t,s=l.querySelectorAll(\"iframe.wp-embedded-content\"),r=0;r<s.length;r++)(t=(e=s[r]).getAttribute(\"data-secret\"))||(t=Math.random().toString(36).substring(2,12),e.src+=\"#?secret=\"+t,e.setAttribute(\"data-secret\",t)),e.contentWindow.postMessage({message:\"ready\",secret:t},\"*\")},!1)))}(window,document);\n\/* ]]> *\/\n<\/script>\n"},"_links":{"self":[{"href":"https:\/\/www.slovozivota.sk\/en\/wp-json\/wp\/v2\/posts\/2358","targetHints":{"allow":["GET"]}}],"collection":[{"href":"https:\/\/www.slovozivota.sk\/en\/wp-json\/wp\/v2\/posts"}],"about":[{"href":"https:\/\/www.slovozivota.sk\/en\/wp-json\/wp\/v2\/types\/post"}],"author":[{"embeddable":true,"href":"https:\/\/www.slovozivota.sk\/en\/wp-json\/wp\/v2\/users\/1"}],"replies":[{"embeddable":true,"href":"https:\/\/www.slovozivota.sk\/en\/wp-json\/wp\/v2\/comments?post=2358"}],"version-history":[{"count":0,"href":"https:\/\/www.slovozivota.sk\/en\/wp-json\/wp\/v2\/posts\/2358\/revisions"}],"wp:featuredmedia":[{"embeddable":true,"href":"https:\/\/www.slovozivota.sk\/en\/wp-json\/wp\/v2\/media\/2357"}],"wp:attachment":[{"href":"https:\/\/www.slovozivota.sk\/en\/wp-json\/wp\/v2\/media?parent=2358"}],"wp:term":[{"taxonomy":"category","embeddable":true,"href":"https:\/\/www.slovozivota.sk\/en\/wp-json\/wp\/v2\/categories?post=2358"},{"taxonomy":"post_tag","embeddable":true,"href":"https:\/\/www.slovozivota.sk\/en\/wp-json\/wp\/v2\/tags?post=2358"},{"taxonomy":"series","embeddable":true,"href":"https:\/\/www.slovozivota.sk\/en\/wp-json\/wp\/v2\/series?post=2358"}],"curies":[{"name":"wp","href":"https:\/\/api.w.org\/{rel}","templated":true}]}}