{"id":2400,"date":"2009-09-28T00:00:00","date_gmt":"2009-09-27T22:00:00","guid":{"rendered":"https:\/\/new.slovozivota.sk\/2009\/09\/zima-sa-uz-pominula-a-priblizil-sa-cas-spevu-velp-2-11-12\/"},"modified":"2019-10-03T02:29:09","modified_gmt":"2019-10-03T00:29:09","slug":"zima-sa-uz-pominula-a-priblizil-sa-cas-spevu-velp-2-11-12","status":"publish","type":"post","link":"https:\/\/www.slovozivota.sk\/en\/2009\/09\/zima-sa-uz-pominula-a-priblizil-sa-cas-spevu-velp-2-11-12\/","title":{"rendered":"Zima sa u\u017e pominula a pribl\u00ed\u017eil sa \u010das spevu (Ve\u013ep 2: 11-12)"},"content":{"rendered":"<p>Tak ako sa striedaj\u00fa ro\u010dn\u00e9 obdobia v pr\u00edrode, menia sa menia aj jednotliv\u00e9 obdobia\u00a0 v\u00a0na\u0161om duchovnom \u017eivote. Ka\u017ed\u00e9 z\u00a0t\u00fdchto obdob\u00ed m\u00e1 svoj v\u00fdznam a\u00a0opodstatnenos\u0165. Napr\u00edklad zima je obdob\u00edm, kedy pr\u00edroda odpo\u010d\u00edva a\u00a0\u010derp\u00e1 v\u00fd\u017eivu, aby bola pripraven\u00e1 na obdobie jari, ktor\u00e9 onedlho pr\u00edde. Pre duchovn\u00e9 obdobie zimy je pr\u00edzna\u010dn\u00e1 tichos\u0165 bez ak\u00e9hoko\u013evek vidite\u013en\u00e9ho ovocia, \u010di \u017eivota. Je to \u010das zapustenia kore\u0148ov do Bo\u017eieho Slova, \u010derpanie s\u00edl z\u00a0Bo\u017eej pr\u00edtomnosti, hoci e\u0161te v\u0161etko vyzer\u00e1 navonok m\u0155tve a bez ovocia. Je to \u00a0obdobie obnovenia a\u00a0na\u010derpania nov\u00fdch s\u00edl. Leto predstavuje \u010das naplnenia a don\u00e1\u0161ania ovocia. Jese\u0148 je zase pr\u00edpravou na zimn\u00e9 obdobie.<\/p>\n<p>Zastavme sa v\u0161ak trochu pri obdob\u00ed jari, ktor\u00e9 je obzvl\u00e1\u0161\u0165 zauj\u00edmav\u00e9. Jar je predzves\u0165ou o\u010dak\u00e1vania a\u00a0n\u00e1deje. V\u00a0pr\u00edrode sa objavuj\u00fa zelen\u00e9 listy, vt\u00e1ky spievaj\u00fa, kvety kvitn\u00fa a\u00a0vyd\u00e1vaj\u00fa omamn\u00fa v\u00f4\u0148u. V\u0161etko pulzuje nov\u00fdm \u017eivotom. Pre duchovn\u00fa oblas\u0165 to znamen\u00e1 \u010das prvej l\u00e1sky ku Kristovi, \u010das nov\u00fdch n\u00e1dej\u00ed a\u00a0o\u010dak\u00e1vania. Duchovn\u00e9 ovocie v\u00a0na\u0161ich \u017eivotoch pr\u00edde vtedy, ke\u010f budeme milova\u0165 n\u00e1\u0161ho Spasite\u013ea cel\u00fdm srdcom, celou silou a\u00a0celou mys\u013eou. Ke\u010f mu dovol\u00edme, aby n\u00e1s miloval a\u00a0uviedol do svojej z\u00e1hrady. Je to pr\u00e1ve v\u00a0Jeho pr\u00edtomnosti, kde sa po\u010dn\u00fa Bo\u017eie povolania a\u00a0ve\u013ek\u00e9 sny. Bo\u017eie Slovo n\u00e1s vyz\u00fdva, aby sme h\u013eadali Bo\u017eiu tv\u00e1r, k\u00fdm je na to pr\u00edhodn\u00fd \u010das! Potom budeme podobne ako Peter pripraven\u00fd vykro\u010di\u0165, kedyko\u013evek n\u00e1s P\u00e1n zavol\u00e1. Jar je takisto obdob\u00edm o\u010distenia. Tak ako je na jar zvykom vy\u010disti\u0165 na\u0161e pr\u00edbytky od ka\u017edej \u0161piny a\u00a0neporiadku po zime, v\u00a0duchovnom obdob\u00ed jari n\u00e1s P\u00e1n vol\u00e1 do svojej bl\u00edzkosti a\u00a0vyz\u00fdva n\u00e1s, aby sme mu dovolili, aby o\u010distil na\u0161e srdcia a\u00a0tel\u00e1.<\/p>\n<p>Obdobie jari nie je aktu\u00e1lne len pre n\u00e1s ako jednotliv\u00fdch veriacich, ale aj pre cel\u00fd n\u00e1rod. Vieme, \u010do n\u00e1m Boh zas\u013e\u00fabil &#8211; n\u00e1dhern\u00e9 ovocie spasen\u00fdch du\u0161\u00ed a\u00a0znovuzevanjelizovanie Eur\u00f3py. Na druhej strane si uvedomujeme, \u017ee e\u0161te nie sme tam. Av\u0161ak aj ke\u010f je tu odpor a\u00a0teplota m\u00f4\u017ee by\u0165 e\u0161te niekedy len tesne nad nulou, je tu nov\u00e9 o\u010dak\u00e1vanie a\u00a0\u017eivot, ktor\u00fd je predzves\u0165ou ovocia na Bo\u017eiu sl\u00e1vu.<\/p>\n<p>P\u00e1n vyz\u00fdva, aby sme h\u013eadali Jeho tv\u00e1r a\u00a0nielen Jeho ruku &#8211; jednotlivci, cirkvi, denomin\u00e1cie viac ako kedyko\u013evek doteraz, aby sa v\u0161etko, \u010do n\u00e1m zas\u013e\u00fabil, stalo skuto\u010dnos\u0165ou!<\/p>\n","protected":false},"excerpt":{"rendered":"<p>Tak ako sa striedaj\u00fa ro\u010dn\u00e9 obdobia v pr\u00edrode, menia sa menia aj jednotliv\u00e9 obdobia\u00a0 v\u00a0na\u0161om duchovnom \u017eivote. Ka\u017ed\u00e9 z\u00a0t\u00fdchto obdob\u00ed m\u00e1 svoj v\u00fdznam a\u00a0opodstatnenos\u0165. Napr\u00edklad zima je obdob\u00edm, kedy pr\u00edroda [&hellip;]<\/p>\n","protected":false},"author":1,"featured_media":0,"comment_status":"open","ping_status":"open","sticky":false,"template":"","format":"standard","meta":{"episode_type":"","audio_file":"","cover_image":"","cover_image_id":"","duration":"","filesize":"","date_recorded":"","explicit":"","block":"","filesize_raw":"","footnotes":""},"categories":[51],"tags":[],"series":[],"class_list":["post-2400","post","type-post","status-publish","format-standard","hentry","category-blog-clanky"],"episode_featured_image":false,"episode_player_image":"https:\/\/www.slovozivota.sk\/wp-content\/uploads\/2019\/10\/PodcastSZ-1.jpg","download_link":"","player_link":"","audio_player":false,"episode_data":{"playerMode":"dark","subscribeUrls":[],"rssFeedUrl":"https:\/\/www.slovozivota.sk\/en\/feed\/podcast\/slovo-zivota","embedCode":"<blockquote class=\"wp-embedded-content\" data-secret=\"EPKOjX7kXE\"><a href=\"https:\/\/www.slovozivota.sk\/en\/2009\/09\/zima-sa-uz-pominula-a-priblizil-sa-cas-spevu-velp-2-11-12\/\">Zima sa u\u017e pominula a pribl\u00ed\u017eil sa \u010das spevu (Ve\u013ep 2: 11-12)<\/a><\/blockquote><iframe sandbox=\"allow-scripts\" security=\"restricted\" src=\"https:\/\/www.slovozivota.sk\/en\/2009\/09\/zima-sa-uz-pominula-a-priblizil-sa-cas-spevu-velp-2-11-12\/embed\/#?secret=EPKOjX7kXE\" width=\"500\" height=\"350\" title=\"&#8220;Zima sa u\u017e pominula a pribl\u00ed\u017eil sa \u010das spevu (Ve\u013ep 2: 11-12)&#8221; &#8212; Slovo \u017eivota\" data-secret=\"EPKOjX7kXE\" frameborder=\"0\" marginwidth=\"0\" marginheight=\"0\" scrolling=\"no\" class=\"wp-embedded-content\"><\/iframe><script type=\"text\/javascript\">\n\/* <![CDATA[ *\/\n\/*! This file is auto-generated *\/\n!function(d,l){\"use strict\";l.querySelector&&d.addEventListener&&\"undefined\"!=typeof URL&&(d.wp=d.wp||{},d.wp.receiveEmbedMessage||(d.wp.receiveEmbedMessage=function(e){var t=e.data;if((t||t.secret||t.message||t.value)&&!\/[^a-zA-Z0-9]\/.test(t.secret)){for(var s,r,n,a=l.querySelectorAll('iframe[data-secret=\"'+t.secret+'\"]'),o=l.querySelectorAll('blockquote[data-secret=\"'+t.secret+'\"]'),c=new RegExp(\"^https?:$\",\"i\"),i=0;i<o.length;i++)o[i].style.display=\"none\";for(i=0;i<a.length;i++)s=a[i],e.source===s.contentWindow&&(s.removeAttribute(\"style\"),\"height\"===t.message?(1e3<(r=parseInt(t.value,10))?r=1e3:~~r<200&&(r=200),s.height=r):\"link\"===t.message&&(r=new URL(s.getAttribute(\"src\")),n=new URL(t.value),c.test(n.protocol))&&n.host===r.host&&l.activeElement===s&&(d.top.location.href=t.value))}},d.addEventListener(\"message\",d.wp.receiveEmbedMessage,!1),l.addEventListener(\"DOMContentLoaded\",function(){for(var e,t,s=l.querySelectorAll(\"iframe.wp-embedded-content\"),r=0;r<s.length;r++)(t=(e=s[r]).getAttribute(\"data-secret\"))||(t=Math.random().toString(36).substring(2,12),e.src+=\"#?secret=\"+t,e.setAttribute(\"data-secret\",t)),e.contentWindow.postMessage({message:\"ready\",secret:t},\"*\")},!1)))}(window,document);\n\/* ]]> *\/\n<\/script>\n"},"_links":{"self":[{"href":"https:\/\/www.slovozivota.sk\/en\/wp-json\/wp\/v2\/posts\/2400","targetHints":{"allow":["GET"]}}],"collection":[{"href":"https:\/\/www.slovozivota.sk\/en\/wp-json\/wp\/v2\/posts"}],"about":[{"href":"https:\/\/www.slovozivota.sk\/en\/wp-json\/wp\/v2\/types\/post"}],"author":[{"embeddable":true,"href":"https:\/\/www.slovozivota.sk\/en\/wp-json\/wp\/v2\/users\/1"}],"replies":[{"embeddable":true,"href":"https:\/\/www.slovozivota.sk\/en\/wp-json\/wp\/v2\/comments?post=2400"}],"version-history":[{"count":0,"href":"https:\/\/www.slovozivota.sk\/en\/wp-json\/wp\/v2\/posts\/2400\/revisions"}],"wp:attachment":[{"href":"https:\/\/www.slovozivota.sk\/en\/wp-json\/wp\/v2\/media?parent=2400"}],"wp:term":[{"taxonomy":"category","embeddable":true,"href":"https:\/\/www.slovozivota.sk\/en\/wp-json\/wp\/v2\/categories?post=2400"},{"taxonomy":"post_tag","embeddable":true,"href":"https:\/\/www.slovozivota.sk\/en\/wp-json\/wp\/v2\/tags?post=2400"},{"taxonomy":"series","embeddable":true,"href":"https:\/\/www.slovozivota.sk\/en\/wp-json\/wp\/v2\/series?post=2400"}],"curies":[{"name":"wp","href":"https:\/\/api.w.org\/{rel}","templated":true}]}}