{"id":2406,"date":"2009-12-14T00:00:00","date_gmt":"2009-12-13T23:00:00","guid":{"rendered":"https:\/\/new.slovozivota.sk\/2009\/12\/boh-nie-je-clovek-aby-klamal\/"},"modified":"2019-10-03T02:29:09","modified_gmt":"2019-10-03T00:29:09","slug":"boh-nie-je-clovek-aby-klamal","status":"publish","type":"post","link":"https:\/\/www.slovozivota.sk\/en\/2009\/12\/boh-nie-je-clovek-aby-klamal\/","title":{"rendered":"Boh nie je \u010dlovek, aby klamal"},"content":{"rendered":"<p>Pred p\u00e1r d\u0148ami sme na konferencii zboru Slovo \u017eivota pre\u017eili \u00fa\u017easn\u00fd \u010das. \u00da\u017easn\u00fd kv\u00f4li tomu, \u017ee n\u00e1s nav\u0161t\u00edvil P\u00e1n so svojou pr\u00edtomnos\u0165ou. A e\u0161te aj preto, lebo n\u00e1m pri\u0161iel k\u00e1za\u0165 \u010dlovek, ktor\u00e9ho re\u0161pektujem, aj ke\u010f ho osobne v\u00f4bec nepozn\u00e1m. M\u00f4j re\u0161pekt vo\u010di nemu m\u00e1 svoj p\u00f4vod v tom, \u017ee prin\u00e1\u0161a Bo\u017eiu pr\u00edtomnos\u0165 a k\u00e1\u017ee neuverite\u013ene jednoduch\u00fdm sp\u00f4sobom.<\/p>\n<p>Slovo, ktor\u00e9 ma azda najviac oslovilo po\u010das dvoch dn\u00ed s kazate\u013eom menom Bengt Wedemalm je: <br \/> &#8220;Boh nie je \u010dlovek, aby klamal.&#8221;<\/p>\n<p>Ko\u013ekokr\u00e1t som toto Slovo v Biblii \u010d\u00edtal, ale nikdy som sa nad n\u00edm nezamyslel tak, ako teraz.<\/p>\n<p>1. Boh nie je \u010dlovek &#8211; ak\u00e9 \u00fa\u017easn\u00e9 zjavenie. Boh je Boh. On je in\u00fd ako sme my, aj ke\u010f my poch\u00e1dzame z Neho. My sme sa raz narodili, Boh sa nikdy nenarodil, On v\u017edy bol. My rastieme, ale On nikdy ner\u00e1stol, On bol, je a v\u017edy aj bude ve\u013ek\u00fd a majest\u00e1tny. My sa u\u010d\u00edme, On v\u017edy v\u0161etko vedel, lebo On je tvorcom poznania a v\u0161etk\u00e9ho, \u010do existuje. Medzi nami a Bohom je ve\u013ek\u00fd rozdiel, ale niet ni\u010doho, v \u010dom by sme sa s N\u00edm mali alebo mohli porovn\u00e1va\u0165.<\/p>\n<p>2. Boh sa nespr\u00e1va ako \u010dlovek. My klameme, ale Boh nikdy neklame. Ke\u010f my klameme, rob\u00edme to preto, lebo sa c\u00edtime by\u0165 ohrozen\u00fdmi. Ale On nie je nik\u00fdm ani ni\u010d\u00edm ohrozen\u00fd. My sa br\u00e1nime, On sa br\u00e1ni\u0165 nemus\u00ed. My sa hanb\u00edme za v\u010deraj\u0161ok, ale On sa za\u0148 hanbi\u0165 nemus\u00ed. My sa boj\u00edme o zajtraj\u0161ok, On sa nestrachuje, lebo zajtraj\u0161\u00ed de\u0148 preb\u00fdva v \u0147om. My si mysl\u00edme, \u017ee ve\u013ea vieme, On si to myslie\u0165 nemus\u00ed, preto\u017ee v\u0161etko poch\u00e1dza od Neho. V\u0161etko okolo n\u00e1s je predmetom n\u00e1\u0161ho sk\u00famania, naopak Boh je predmetom sk\u00famania v\u0161etk\u00e9ho, \u010do je okolo Neho.<\/p>\n<p>Vo v\u0161etk\u00fdch t\u00fdch rozdieloch medzi nami a Bohom v\u0161ak m\u00e1me jedno spolo\u010dn\u00e9 &#8211; Krista Je\u017ei\u0161a. Je\u017ei\u0161a, ktor\u00e9ho Boh &#8211; Otec poslal na Zem, aby obliekol \u013eudsk\u00fa podobu a stal sa obe\u0165ou za n\u00e1s. \u010clovek bol kv\u00f4li hriechu ods\u00faden\u00fd na telesn\u00fa, ale aj duchovnu smr\u0165. Je\u017e\u00ed\u0161 n\u00e1s spod duchovnej smrti vyk\u00fapil a vstal z m\u0155tvych. On neumrel nav\u017edy, On \u017eije. Preto ak uver\u00ed\u0161 a vyzn\u00e1\u0161 P\u00e1na Je\u017ei\u0161a svojimi \u00fastami za svojho Spasite\u013ea, bude\u0161 spasen\u00fd &#8211; zachr\u00e1nen\u00fd a duchovn\u00e1 smr\u0165 u\u017e v tvojom \u017eivote nenastane. Prenikne do teba Bo\u017e\u00ed \u017eivot a stane\u0161 sa t\u00fdm, k\u00fdm \u0165a Boh naozaj stvoril.<\/p>\n<p>Bude\u0161 s N\u00edm a On bude s tebou.<\/p>\n","protected":false},"excerpt":{"rendered":"<p>Pred p\u00e1r d\u0148ami sme na konferencii zboru Slovo \u017eivota pre\u017eili \u00fa\u017easn\u00fd \u010das. \u00da\u017easn\u00fd kv\u00f4li tomu, \u017ee n\u00e1s nav\u0161t\u00edvil P\u00e1n so svojou pr\u00edtomnos\u0165ou. A e\u0161te aj preto, lebo n\u00e1m pri\u0161iel k\u00e1za\u0165 [&hellip;]<\/p>\n","protected":false},"author":1,"featured_media":0,"comment_status":"open","ping_status":"open","sticky":false,"template":"","format":"standard","meta":{"episode_type":"","audio_file":"","cover_image":"","cover_image_id":"","duration":"","filesize":"","date_recorded":"","explicit":"","block":"","filesize_raw":"","footnotes":""},"categories":[51],"tags":[],"series":[],"class_list":["post-2406","post","type-post","status-publish","format-standard","hentry","category-blog-clanky"],"episode_featured_image":false,"episode_player_image":"https:\/\/www.slovozivota.sk\/wp-content\/uploads\/2019\/10\/PodcastSZ-1.jpg","download_link":"","player_link":"","audio_player":false,"episode_data":{"playerMode":"dark","subscribeUrls":[],"rssFeedUrl":"https:\/\/www.slovozivota.sk\/en\/feed\/podcast\/slovo-zivota","embedCode":"<blockquote class=\"wp-embedded-content\" data-secret=\"UMopMguYmp\"><a href=\"https:\/\/www.slovozivota.sk\/en\/2009\/12\/boh-nie-je-clovek-aby-klamal\/\">Boh nie je \u010dlovek, aby klamal<\/a><\/blockquote><iframe sandbox=\"allow-scripts\" security=\"restricted\" src=\"https:\/\/www.slovozivota.sk\/en\/2009\/12\/boh-nie-je-clovek-aby-klamal\/embed\/#?secret=UMopMguYmp\" width=\"500\" height=\"350\" title=\"&#8220;Boh nie je \u010dlovek, aby klamal&#8221; &#8212; Slovo \u017eivota\" data-secret=\"UMopMguYmp\" frameborder=\"0\" marginwidth=\"0\" marginheight=\"0\" scrolling=\"no\" class=\"wp-embedded-content\"><\/iframe><script type=\"text\/javascript\">\n\/* <![CDATA[ *\/\n\/*! This file is auto-generated *\/\n!function(d,l){\"use strict\";l.querySelector&&d.addEventListener&&\"undefined\"!=typeof URL&&(d.wp=d.wp||{},d.wp.receiveEmbedMessage||(d.wp.receiveEmbedMessage=function(e){var t=e.data;if((t||t.secret||t.message||t.value)&&!\/[^a-zA-Z0-9]\/.test(t.secret)){for(var s,r,n,a=l.querySelectorAll('iframe[data-secret=\"'+t.secret+'\"]'),o=l.querySelectorAll('blockquote[data-secret=\"'+t.secret+'\"]'),c=new RegExp(\"^https?:$\",\"i\"),i=0;i<o.length;i++)o[i].style.display=\"none\";for(i=0;i<a.length;i++)s=a[i],e.source===s.contentWindow&&(s.removeAttribute(\"style\"),\"height\"===t.message?(1e3<(r=parseInt(t.value,10))?r=1e3:~~r<200&&(r=200),s.height=r):\"link\"===t.message&&(r=new URL(s.getAttribute(\"src\")),n=new URL(t.value),c.test(n.protocol))&&n.host===r.host&&l.activeElement===s&&(d.top.location.href=t.value))}},d.addEventListener(\"message\",d.wp.receiveEmbedMessage,!1),l.addEventListener(\"DOMContentLoaded\",function(){for(var e,t,s=l.querySelectorAll(\"iframe.wp-embedded-content\"),r=0;r<s.length;r++)(t=(e=s[r]).getAttribute(\"data-secret\"))||(t=Math.random().toString(36).substring(2,12),e.src+=\"#?secret=\"+t,e.setAttribute(\"data-secret\",t)),e.contentWindow.postMessage({message:\"ready\",secret:t},\"*\")},!1)))}(window,document);\n\/* ]]> *\/\n<\/script>\n"},"_links":{"self":[{"href":"https:\/\/www.slovozivota.sk\/en\/wp-json\/wp\/v2\/posts\/2406","targetHints":{"allow":["GET"]}}],"collection":[{"href":"https:\/\/www.slovozivota.sk\/en\/wp-json\/wp\/v2\/posts"}],"about":[{"href":"https:\/\/www.slovozivota.sk\/en\/wp-json\/wp\/v2\/types\/post"}],"author":[{"embeddable":true,"href":"https:\/\/www.slovozivota.sk\/en\/wp-json\/wp\/v2\/users\/1"}],"replies":[{"embeddable":true,"href":"https:\/\/www.slovozivota.sk\/en\/wp-json\/wp\/v2\/comments?post=2406"}],"version-history":[{"count":0,"href":"https:\/\/www.slovozivota.sk\/en\/wp-json\/wp\/v2\/posts\/2406\/revisions"}],"wp:attachment":[{"href":"https:\/\/www.slovozivota.sk\/en\/wp-json\/wp\/v2\/media?parent=2406"}],"wp:term":[{"taxonomy":"category","embeddable":true,"href":"https:\/\/www.slovozivota.sk\/en\/wp-json\/wp\/v2\/categories?post=2406"},{"taxonomy":"post_tag","embeddable":true,"href":"https:\/\/www.slovozivota.sk\/en\/wp-json\/wp\/v2\/tags?post=2406"},{"taxonomy":"series","embeddable":true,"href":"https:\/\/www.slovozivota.sk\/en\/wp-json\/wp\/v2\/series?post=2406"}],"curies":[{"name":"wp","href":"https:\/\/api.w.org\/{rel}","templated":true}]}}