{"id":2451,"date":"2009-03-23T00:00:00","date_gmt":"2009-03-22T23:00:00","guid":{"rendered":"https:\/\/new.slovozivota.sk\/2009\/03\/rozhovor-so-staffanom-mobergom\/"},"modified":"2009-03-23T00:00:00","modified_gmt":"2009-03-22T23:00:00","slug":"rozhovor-so-staffanom-mobergom","status":"publish","type":"post","link":"https:\/\/www.slovozivota.sk\/en\/2009\/03\/rozhovor-so-staffanom-mobergom\/","title":{"rendered":"Rozhovor so Staffanom Mobergom"},"content":{"rendered":"<p><img decoding=\"async\" class=\" alignleft size-full wp-image-2450\" src=\"https:\/\/new.slovozivota.sk\/wp-content\/uploads\/2009\/03\/staffan_moberg.jpg\" border=\"0\" alt=\"\" align=\"left\" width=\"90\" height=\"135\" \/>Staffan je oblastn\u00fd pastor cirkvi Slova \u017eivota v Uppsale a dekan Biblick\u00e9ho centra. S\u00e1m je kazate\u013eom a mision\u00e1rom s dlhoro\u010dnou sk\u00fasenos\u0165ou z republ\u00edk b\u00fdval\u00e9ho Sovietskeho zv\u00e4zu, pri\u010dom bol viac rokov dekanom Biblickej \u0161koly v Moskve. Je ve\u013emi obdarovan\u00fd v oblasti spr\u00e1vy a administr\u00e1cie. Na biblickej \u0161kole v Uppsale a tie\u017e u n\u00e1s v Bratislave bude u\u010di\u0165 predmet Utrpenie.<\/p>\n<p>Spolu s\u00a0rodinou si str\u00e1vil \u0161es\u0165 rokov ako mision\u00e1r a\u00a0dekan biblickej \u0161koly v\u00a0b\u00fdvalom Sovietskom zv\u00e4ze, a\u00a0to na Sib\u00edri a\u00a0v\u00a0Moskve. Povedz n\u00e1m, \u010do bolo pre v\u00e1s ako rodinu naj\u0165a\u017e\u0161ie po\u010das tohto obdobia a\u00a0takisto, ak\u00e9 s\u00fa tvoje najkraj\u0161ie spomienky.<\/p>\n<p>V\u00a0b\u00fdvalom Sovietskom zv\u00e4ze sme str\u00e1vili \u0161es\u0165 rokov &#8211; z\u00a0toho tri roky na Sib\u00edri. Pravdepodobne tou naj\u00fa\u017easnej\u0161ou vecou bolo, \u017ee sme tam pri\u0161li vo ve\u013emi \u0161peci\u00e1lnom \u010dase, ktor\u00fd sa vyzna\u010doval hlavne t\u00fdm, \u017ee po p\u00e1de komunizmu sa vytvorilo ur\u010dit\u00e9 v\u00e1kuum, ktor\u00e9 bolo treba naplni\u0165. Taktie\u017e bolo pre n\u00e1s ohromn\u00fdm privil\u00e9giom vyu\u010dova\u0165 na biblickej \u0161kole ka\u017ed\u00fd de\u0148 viac ako 500 \u0161tudentov po dobu \u0161iestich rokov!<\/p>\n<p>Samozrejme, \u017ee tento \u010das bol spojen\u00fd aj s\u00a0mnoh\u00fdmi bojmi a\u00a0\u0165a\u017ekos\u0165ami. Pri\u0161li sme zo \u0160v\u00e9dska, kde sme mali hojnos\u0165 v\u0161etk\u00e9ho, do krajiny, kde nebolo takmer ni\u010doho. Okrem toho sme museli bojova\u0165 s\u00a0\u00fa\u017easnou byrokraciou, \u010do n\u00e1m s\u0165a\u017eovalo najm\u00e4 n\u00e1\u0161 ka\u017edodenn\u00fd \u017eivot. Ale asi t\u00fdm naj\u0165a\u017e\u0161\u00edm pre n\u00e1s ako rodinu bolo, \u017ee na\u0161e deti vyrastali na mieste, ktor\u00e9 nebolo ich domovom a\u00a0kde \u013eudia boli pre nich cudzincami. Pre man\u017eelku bolo asi naj\u0165a\u017e\u0161ie vyrovna\u0165 sa so samotou, nako\u013eko bola doma s\u00a0de\u0165mi ve\u013emi \u010dasto sama. V\u00a0porovnan\u00ed so \u0161v\u00e9dskymi pomermi to bolo \u00faplne rozdielne, ke\u010f\u017ee sa nedalo \u00eds\u0165 von kv\u00f4li bezpe\u010dnosti.<\/p>\n<p>\u00a0<\/p>\n<p><strong>Mnoh\u00ed kres\u0165ania vedia, \u017ee s\u00fa Bohom povolan\u00ed, av\u0161ak roky pre\u0161\u013eapuj\u00fa na jednom mieste bez toho, aby niekedy do tohto povolania vo\u0161li. \u010co je pod\u013ea teba d\u00f4vodom, \u017ee niektor\u00ed kres\u0165ania len sn\u00edvaj\u00fa a\u00a0in\u00ed, naopak, konaj\u00fa Bo\u017eiu v\u00f4\u013eu?<\/strong><\/p>\n<p>Osobne si mysl\u00edm, \u017ee pravdepodobne t\u00fdm najd\u00f4le\u017eitej\u0161\u00edm faktorom, ktor\u00fd o\u00a0tom rozhoduje je, \u010di je dan\u00fd kres\u0165an s\u00fa\u010das\u0165ou cirkvi, ktor\u00e1 sa sna\u017e\u00ed plne sl\u00fa\u017ei\u0165 P\u00e1novi. Pre n\u00e1s ako rodinu bolo obrovsk\u00fdm privil\u00e9giom, \u017ee sme mohli by\u0165 s\u00fa\u010das\u0165ou cirkvi Slovo \u017eivota v\u00a0Uppsale. Tu n\u00e1m bolo umo\u017enen\u00e9 z\u00fa\u010dastni\u0165 sa viacer\u00fdch kr\u00e1tkodob\u00fdch misijn\u00fdch v\u00fdjazdov, \u010di sl\u00fa\u017ei\u0165 r\u00f4znym sp\u00f4sobom na dom\u00e1cich skupin\u00e1ch a v\u00a0slu\u017ebe de\u0165om.<\/p>\n<p>Ke\u010f Boh za\u010dal hovori\u0165 o\u00a0projekte Ruskej vn\u00fatro\u0161t\u00e1tnej misie, vn\u00edmal som ve\u013emi silne, \u017ee Boh ku mne hovor\u00ed: \u201eJeden rok v\u00a0Sovietskom zv\u00e4ze!&#8221;. Nesk\u00f4r som sa o\u00a0tom zdie\u013eal s\u00a0mojou man\u017eelkou Evou, vn\u00edmala presne to ist\u00e9. Nasledoval rozhovor s\u00a0vtedaj\u0161\u00edm riadite\u013eom misijn\u00e9ho oddelenia C. G. Severinom a\u00a0dobrodru\u017estvo bolo na svete. V\u00a0cirkvi sa rozhodli sa, \u017ee n\u00e1s vy\u0161l\u00fa, av\u0161ak bez akejko\u013evek finan\u010dnej podpory. Ale na\u0161e \u017eivoty s\u00fa svedectvom toho, \u017ee ke\u010f sme sa rozhodli kona\u0165 a\u00a0posl\u00fachnu\u0165 Bo\u017eie volanie, postaral sa o\u00a0n\u00e1s predivn\u00fdm sp\u00f4sobom!<\/p>\n<p>\u00a0<\/p>\n<p><strong>Hoci ste spolu s\u00a0man\u017eelkou Evou ve\u013emi zanepr\u00e1zdnen\u00ed slu\u017ebou pre P\u00e1na, ke\u010f sa na v\u00e1s \u010dlovek pozrie ako na rodinu, povie si, \u017ee mo\u017eno takto nejako by kres\u0165ansk\u00e1 rodina mala vyzera\u0165. M\u00f4\u017ee\u0161 n\u00e1m prezradi\u0165, ako to rob\u00edte?<\/strong><\/p>\n<p>Je pravdou, \u017ee obaja sme ve\u013emi vy\u0165a\u017een\u00ed, av\u0161ak na\u0161ou prioritou zost\u00e1va rodina. Nikdy nesmie\u0161 dovoli\u0165, aby \u0165a cirkevn\u00e9 aktivity pohltili nato\u013eko, \u017ee nebude\u0161 ma\u0165 \u010das na svoje deti. To znamen\u00e1, \u017ee ke\u010f sme doma, sna\u017e\u00edme sa naplno venova\u0165 na\u0161im \u0161tyrom de\u0165om a\u00a0r\u00f4znym sp\u00f4sobom\u00a0nap\u013a\u0148a\u0165 ich potreby. Pokia\u013e je to len trochu mo\u017en\u00e9, odpor\u00fa\u010dam, aby matka zostala s\u00a0de\u0165mi doma \u010do najdlh\u0161ie. V\u00a0na\u0161om pr\u00edpade sme to tak spravili a\u00a0mohli sme vidie\u0165, \u017ee Boh n\u00e1s \u017eehnal finan\u010dne \u00faplne in\u00fdmi sp\u00f4sobmi ako keby pracovala. \u0160peci\u00e1lne deti, ke\u010f s\u00fa mal\u00e9, potrebuj\u00fa zv\u00fd\u0161en\u00fa pozornos\u0165. Vedia toti\u017e ve\u013emi dobre rozl\u00ed\u0161i\u0165, \u010di s\u00fa prioritou alebo s\u00fa to len re\u010di. My sme sa sna\u017eili by\u0165 na\u0161im de\u0165om v\u017edy pr\u00edkladom v\u00a0na\u0161ej l\u00e1ske pre cirkev. Ustanovili sme pravidlo, \u017ee nikdy nebudeme hovori\u0165 o\u00a0in\u00fdch \u013eu\u010foch a\u00a0o\u00a0cirkvi negat\u00edvne. Ak toti\u017e doma neust\u00e1le kritizuje\u0161 pastora a\u00a0cirkev, nie je \u017eiadnou zvl\u00e1\u0161tnos\u0165ou, \u017ee nesk\u00f4r tvoje deti nebud\u00fa chcie\u0165 ma\u0165 s\u00a0cirkvou ni\u010d spolo\u010dn\u00e9.<\/p>\n<p>Ve\u013ekou v\u00fdhodou pre n\u00e1s taktie\u017e bolo, \u017ee v\u00a0uppsalskom zbore m\u00e1me pastora pre deti, rozvinut\u00fa detsk\u00fa slu\u017ebu, kres\u0165ansk\u00fa \u0161kolu, \u010di pastora ml\u00e1de\u017ee, ktor\u00ed n\u00e1m s v\u00fdchovou na\u0161ich det\u00ed akt\u00edvne pom\u00e1hali.\u00a0 A\u00a0ak sa na\u0161e deti nesk\u00f4r rozhodn\u00fa samy nasledova\u0165 P\u00e1na, je to v\u017edy prejav Bo\u017eej milosti a\u00a0nikdy nie na\u0161a z\u00e1sluha.<\/p>\n<p>Okrem toho je v\u00a0kres\u0165anskej rodine ve\u013emi d\u00f4le\u017eit\u00e9, aby obaja man\u017eelia boli naplno odovzdan\u00ed Bohu a\u00a0sna\u017eili sa naplni\u0165 jeho v\u00f4\u013eu pre ich \u017eivoty. Mali by ma\u0165 rozvinut\u00fd osobn\u00fd modlitebn\u00fd \u017eivot a\u00a0tr\u00e1vi\u0165 \u010das v\u00a0P\u00edsme.<\/p>\n<p>\u00a0<\/p>\n<p><strong>Staffan, nako\u013eko si s\u00e1m pre\u0161iel biblickou \u0161kolou, povedz n\u00e1m, \u010do tento rok pre teba znamenal a\u00a0pre\u010do si mysl\u00ed\u0161, \u017ee je biblick\u00e1 \u0161kola d\u00f4le\u017eit\u00e1?<\/strong><\/p>\n<p>Bol to rok, ktor\u00fd ma \u00faplne zmenil a\u00a0dal mi pevn\u00fd z\u00e1klad do m\u00f4jho kres\u0165ansk\u00e9ho \u017eivota. Biblick\u00fa \u0161kolu by som prirovnal k\u00a0duchovn\u00e9mu \u201esklen\u00edku&#8221;, kde rastlinky vyrast\u00fa ve\u013emi r\u00fdchlo po\u010das kr\u00e1tkeho obdobia a\u00a0s\u00fa zrel\u00e9, aby boli nesk\u00f4r presaden\u00e9 do skuto\u010dn\u00fdch podmienok. Biblick\u00e1 \u0161kola je rovnako vit\u00e1lna pre tvoj osobn\u00fd kres\u0165ansk\u00fd \u017eivot ako i\u00a0pre slu\u017ebu. Niekto raz vyr\u00e1tal, \u017ee i\u00a0keby si nav\u0161tevoval nede\u013en\u00e9 zhroma\u017edenie pravidelne ka\u017ed\u00fd t\u00fd\u017ede\u0148, potreboval by si minim\u00e1lne p\u00e4tn\u00e1s\u0165 rokov na to, aby si prijal to, \u010do na biblickej \u0161kole za dev\u00e4\u0165 mesiacov.<\/p>\n<p>\u00a0<\/p>\n<p><strong>Na biblickej \u0161kole si vyu\u010doval tak trochu netradi\u010dn\u00fd predmet \u201eUtrpenie veriaceho&#8221;. \u010co by mal ka\u017ed\u00fd kres\u0165an o\u00a0tejto problematike vedie\u0165?<\/strong><\/p>\n<p>V\u00a0prvom rade by som chcel poveda\u0165, \u017ee mus\u00edme rozli\u0161ova\u0165 medzi vecami, ktor\u00e9 s\u00fa od Boha a\u00a0ktor\u00e9 naopak od neho nie s\u00fa. To v\u0161ak nie je v\u00f4bec jednoduch\u00e1 \u00faloha. Ver\u00edm, \u017ee s\u00fa takisto ur\u010dit\u00e9 veci, ktor\u00e9 Boh dop\u00fa\u0161\u0165a s\u00a0ur\u010dit\u00fdm vy\u0161\u0161\u00edm z\u00e1merom. Ale na druhej strane ve\u013eakr\u00e1t nesieme prirodzen\u00e9 n\u00e1sledky svojich nespr\u00e1vnych rozhodnut\u00ed. \u010eal\u0161\u00edm faktorom je skuto\u010dnos\u0165, \u017ee ako kres\u0165ania \u017eijeme v\u00a0padnutom svete, kde \u017eivot nie je v\u017edy \u013eahk\u00fd a\u00a0kde sa \u010dasto dej\u00fa \u201ezl\u00e9 veci dobr\u00fdm \u013eu\u010fom&#8221;. \u010co by som chcel poradi\u0165 t\u00fdm, ktor\u00ed sa stret\u00e1vaj\u00fa s\u00a0bratmi a\u00a0sestrami, ktor\u00ed trpia nejak\u00fdm sp\u00f4sobom je, aby sa sna\u017eili v\u017edy by\u0165 t\u00fdmi, ktor\u00ed bud\u00fa povzbudzova\u0165 a\u00a0pozdvihova\u0165. Nikdy by sme nemali ukazova\u0165 na n\u00e1\u0161ho brata prstom, i\u00a0ke\u010f mo\u017eno trp\u00ed pre svoju vlastn\u00fa hl\u00fapos\u0165. V\u017edy by to mala by\u0165 Bo\u017eia l\u00e1ska, ktor\u00e1 n\u00e1s motivuje. Azda tou najlep\u0161ou vecou je niekedy len ich vypo\u010du\u0165 a\u00a0by\u0165 v\u00a0ich pr\u00edtomnosti. A\u00a0okrem toho sa m\u00f4\u017eeme za nich v\u017edy modli\u0165!<\/p>\n","protected":false},"excerpt":{"rendered":"<p>Staffan je oblastn\u00fd pastor cirkvi Slova \u017eivota v Uppsale a dekan Biblick\u00e9ho centra. S\u00e1m je kazate\u013eom a mision\u00e1rom s dlhoro\u010dnou sk\u00fasenos\u0165ou z republ\u00edk b\u00fdval\u00e9ho Sovietskeho zv\u00e4zu, pri\u010dom bol viac rokov [&hellip;]<\/p>\n","protected":false},"author":1,"featured_media":2450,"comment_status":"open","ping_status":"open","sticky":false,"template":"","format":"standard","meta":{"episode_type":"","audio_file":"","cover_image":"","cover_image_id":"","duration":"","filesize":"","date_recorded":"","explicit":"","block":"","filesize_raw":"","footnotes":""},"categories":[72],"tags":[],"series":[],"class_list":["post-2451","post","type-post","status-publish","format-standard","has-post-thumbnail","hentry","category-aktuality"],"episode_featured_image":"https:\/\/www.slovozivota.sk\/wp-content\/uploads\/2009\/03\/staffan_moberg.jpg","episode_player_image":"https:\/\/www.slovozivota.sk\/wp-content\/uploads\/2019\/10\/PodcastSZ-1.jpg","download_link":"","player_link":"","audio_player":false,"episode_data":{"playerMode":"dark","subscribeUrls":[],"rssFeedUrl":"https:\/\/www.slovozivota.sk\/en\/feed\/podcast\/slovo-zivota","embedCode":"<blockquote class=\"wp-embedded-content\" data-secret=\"a137JjY7gq\"><a href=\"https:\/\/www.slovozivota.sk\/en\/2009\/03\/rozhovor-so-staffanom-mobergom\/\">Rozhovor so Staffanom Mobergom<\/a><\/blockquote><iframe sandbox=\"allow-scripts\" security=\"restricted\" src=\"https:\/\/www.slovozivota.sk\/en\/2009\/03\/rozhovor-so-staffanom-mobergom\/embed\/#?secret=a137JjY7gq\" width=\"500\" height=\"350\" title=\"&#8220;Rozhovor so Staffanom Mobergom&#8221; &#8212; Slovo \u017eivota\" data-secret=\"a137JjY7gq\" frameborder=\"0\" marginwidth=\"0\" marginheight=\"0\" scrolling=\"no\" class=\"wp-embedded-content\"><\/iframe><script type=\"text\/javascript\">\n\/* <![CDATA[ *\/\n\/*! This file is auto-generated *\/\n!function(d,l){\"use strict\";l.querySelector&&d.addEventListener&&\"undefined\"!=typeof URL&&(d.wp=d.wp||{},d.wp.receiveEmbedMessage||(d.wp.receiveEmbedMessage=function(e){var t=e.data;if((t||t.secret||t.message||t.value)&&!\/[^a-zA-Z0-9]\/.test(t.secret)){for(var s,r,n,a=l.querySelectorAll('iframe[data-secret=\"'+t.secret+'\"]'),o=l.querySelectorAll('blockquote[data-secret=\"'+t.secret+'\"]'),c=new RegExp(\"^https?:$\",\"i\"),i=0;i<o.length;i++)o[i].style.display=\"none\";for(i=0;i<a.length;i++)s=a[i],e.source===s.contentWindow&&(s.removeAttribute(\"style\"),\"height\"===t.message?(1e3<(r=parseInt(t.value,10))?r=1e3:~~r<200&&(r=200),s.height=r):\"link\"===t.message&&(r=new URL(s.getAttribute(\"src\")),n=new URL(t.value),c.test(n.protocol))&&n.host===r.host&&l.activeElement===s&&(d.top.location.href=t.value))}},d.addEventListener(\"message\",d.wp.receiveEmbedMessage,!1),l.addEventListener(\"DOMContentLoaded\",function(){for(var e,t,s=l.querySelectorAll(\"iframe.wp-embedded-content\"),r=0;r<s.length;r++)(t=(e=s[r]).getAttribute(\"data-secret\"))||(t=Math.random().toString(36).substring(2,12),e.src+=\"#?secret=\"+t,e.setAttribute(\"data-secret\",t)),e.contentWindow.postMessage({message:\"ready\",secret:t},\"*\")},!1)))}(window,document);\n\/* ]]> *\/\n<\/script>\n"},"_links":{"self":[{"href":"https:\/\/www.slovozivota.sk\/en\/wp-json\/wp\/v2\/posts\/2451","targetHints":{"allow":["GET"]}}],"collection":[{"href":"https:\/\/www.slovozivota.sk\/en\/wp-json\/wp\/v2\/posts"}],"about":[{"href":"https:\/\/www.slovozivota.sk\/en\/wp-json\/wp\/v2\/types\/post"}],"author":[{"embeddable":true,"href":"https:\/\/www.slovozivota.sk\/en\/wp-json\/wp\/v2\/users\/1"}],"replies":[{"embeddable":true,"href":"https:\/\/www.slovozivota.sk\/en\/wp-json\/wp\/v2\/comments?post=2451"}],"version-history":[{"count":0,"href":"https:\/\/www.slovozivota.sk\/en\/wp-json\/wp\/v2\/posts\/2451\/revisions"}],"wp:featuredmedia":[{"embeddable":true,"href":"https:\/\/www.slovozivota.sk\/en\/wp-json\/wp\/v2\/media\/2450"}],"wp:attachment":[{"href":"https:\/\/www.slovozivota.sk\/en\/wp-json\/wp\/v2\/media?parent=2451"}],"wp:term":[{"taxonomy":"category","embeddable":true,"href":"https:\/\/www.slovozivota.sk\/en\/wp-json\/wp\/v2\/categories?post=2451"},{"taxonomy":"post_tag","embeddable":true,"href":"https:\/\/www.slovozivota.sk\/en\/wp-json\/wp\/v2\/tags?post=2451"},{"taxonomy":"series","embeddable":true,"href":"https:\/\/www.slovozivota.sk\/en\/wp-json\/wp\/v2\/series?post=2451"}],"curies":[{"name":"wp","href":"https:\/\/api.w.org\/{rel}","templated":true}]}}