{"id":2461,"date":"2009-01-20T00:00:00","date_gmt":"2009-01-19T23:00:00","guid":{"rendered":"https:\/\/new.slovozivota.sk\/2009\/01\/rozhovor-s-perom-cedergardhom\/"},"modified":"2009-01-20T00:00:00","modified_gmt":"2009-01-19T23:00:00","slug":"rozhovor-s-perom-cedergardhom","status":"publish","type":"post","link":"https:\/\/www.slovozivota.sk\/en\/2009\/01\/rozhovor-s-perom-cedergardhom\/","title":{"rendered":"Rozhovor s Perom Cederg\u00e5rdhom"},"content":{"rendered":"<p><img decoding=\"async\" class=\" alignleft size-full wp-image-2460\" src=\"https:\/\/new.slovozivota.sk\/wp-content\/uploads\/2009\/01\/per.jpg\" border=\"0\" alt=\"\" align=\"left\" width=\"90\" height=\"135\" \/>Per bol u\u017e viac kr\u00e1t na Slovensku. M\u00e1 \u0161peci\u00e1lny dar, je to evanjelista, modl\u00ed za \u013eud\u00ed a\u00a0oni s\u00fa uzdraven\u00ed. V\u00e4\u010d\u0161inou m\u00e1 dlh\u00e9 zhroma\u017edenia, ale nie je to ve\u013emi kv\u00f4li nemu, ale preto, \u017ee \u013eudia s\u00fa hladn\u00ed a\u00a0t\u00fa\u017eia po uzdraven\u00ed. A pok\u00fdm s\u00fa tam \u013eudia, tak je tam s\u00a0nimi a\u00a0je ochotn\u00fd sa s\u00a0nimi modli\u0165.<\/p>\n<p><strong>Per, toto tret\u00ed raz, \u010do si nav\u0161t\u00edvil Bratislavu. M\u00f4\u017ee\u0161 n\u00e1m poveda\u0165, ak\u00fd je tvoj vz\u0165ah k Slovensku?<\/strong><\/p>\n<p>Kedyko\u013evek sem pr\u00eddem, c\u00edtim sa neuverite\u013ene dobre. C\u00edtim, \u017ee som s\u00fa\u010das\u0165ou cirkvi a taktie\u017e tu m\u00e1m mnoh\u00fdch priate\u013eov.<\/p>\n<p>\u00a0<\/p>\n<p><strong>Ke\u010f\u017ee \u013eudia mali mo\u017enos\u0165 spozna\u0165 \u0165a lep\u0161ie, tvoja slu\u017eba bola ve\u013emi dobre prijat\u00e1. Okrem toho si vyu\u010doval aj na biblickej \u0161kole.<\/strong><\/p>\n<p>Osobne ver\u00edm, \u017ee biblick\u00e1 \u0161kola, ktor\u00fa m\u00e1te tu v Bratislave, je ve\u013emi k\u013e\u00fa\u010dov\u00e1. Budujete toti\u017e v \u0161tudentoch nie\u010do ve\u013emi vz\u00e1cne, \u010do po ur\u010ditom \u010dase len tak nevyprch\u00e1.<\/p>\n<p>\u00a0<\/p>\n<p><strong>Ak\u00fd predmet si vyu\u010doval na biblickej \u0161kole?<\/strong><\/p>\n<p>Vyu\u010doval som o uzdraven\u00ed. Toto v\u00f4bec nie je \u013eahk\u00e1 tematika. I ke\u010f sme v osemdesiatych rokoch za\u017eili uzdravuj\u00face prebudenie, pred mnoh\u00fdmi z n\u00e1s je e\u0161te dlh\u00e1 cesta, ktorou mus\u00edme prejs\u0165, aby sme tejto pravde porozumeli vo v\u00e4\u010d\u0161ej miere. Mus\u00edme ma\u0165 trpezlivos\u0165 aj s t\u00fdmi, ktor\u00ed zatia\u013e toto zjavenie e\u0161te neprijali. Ve\u013eakr\u00e1t je probl\u00e9mom, \u017ee mnoh\u00ed dr\u017eia Bibliu len v ruke, no mala by by\u0165 implantovan\u00e1 hlboko do n\u00e1\u0161ho srdca. Z tohto d\u00f4vodu som sa sna\u017eil, aby vyu\u010dovanie neprebiehalo len na \u010disto teoretickej rovine, ale aby bolo aplikovan\u00e9 aj praktick\u00fdm sp\u00f4sobom. V posledn\u00fd de\u0148 vyu\u010dovania som sa modlil za ruky \u0161tudentov, aby to uzdravuj\u00face pomazanie, ktor\u00e9 mi Boh dal, bolo odovzdan\u00e9 \u010falej a aby teraz mohli aj oni \u00eds\u0165 a uzdravova\u0165 chor\u00fdch. Je taktie\u017e dobr\u00e9 si uvedomi\u0165, \u017ee nemus\u00edme za\u010da\u0165 t\u00fdm, \u017ee budeme kriesi\u0165 m\u0155tvych. Mali by sme v\u0161ak za\u010da\u0165 tam, kde sa pr\u00e1ve vo svojej viere nach\u00e1dzame.<\/p>\n<p>\u00a0<\/p>\n<p><strong>Ako vn\u00edma\u0161 biblick\u00fa \u0161kolu v Bratislave?<\/strong><\/p>\n<p>Je to \u00fa\u017easn\u00e9 privil\u00e9gium, \u017ee ju m\u00f4\u017eete ma\u0165. Ur\u010dit\u00fdm sp\u00f4sobom je to priekopn\u00edcka pr\u00e1ca a jej v\u00fdznam spo\u010d\u00edva hlavne v tom, \u017ee tr\u00e9nujete veriacich a slu\u017eobn\u00edkov, ktor\u00ed bud\u00fa prin\u00e1\u0161a\u0165 ovocie na Bo\u017eiu sl\u00e1vu po cel\u00fd \u017eivot a nie iba jeden \u010di dva roky. Ver\u00edm, \u017ee absolventi tejto biblickej \u0161koly neovplyvnia len v\u00e1\u0161 n\u00e1rod, ale aj okolit\u00e9 krajiny. Preto chcem povzbudi\u0165 ka\u017ed\u00e9ho, kto biblickou \u0161kolou e\u0161te nepre\u0161iel, aby ur\u010dite pri\u0161iel na bud\u00faci rok!<\/p>\n<p>\u00a0<\/p>\n<p><strong>Na zhroma\u017edeniach si uv\u00e1dzal viacer\u00e9 pr\u00edklady uzdravenia. Mohol by si sa s na\u0161imi \u010ditate\u013emi podeli\u0165 aspo\u0148 o jeden z t\u00fdch najzauj\u00edmavej\u0161\u00edch?<\/strong><\/p>\n<p>V mojej slu\u017ebe je ve\u013emi d\u00f4le\u017eit\u00e9 slovo poznania. Ak mi Boh d\u00e1 konkr\u00e9tne slovo poznania, potom sa m\u00f4\u017eem modli\u0165 za \u013eud\u00ed s absol\u00fatnou smelos\u0165ou, lebo viem, \u017ee je to Boh, ktor\u00fd prehovoril, a teda Jeho z\u00e1merom je t\u00fdchto \u013eud\u00ed uzdravi\u0165. Nasledovn\u00fd pr\u00edklad to ve\u013emi dobre ilustruje. Po\u010das kampane na Ukrajine som na zhroma\u017eden\u00ed dostal asi 50 r\u00f4znych slov poznania, na ktor\u00e9 \u013eudia okam\u017eite reagovali. Medzi nimi Boh hovoril o \u017eene, ktor\u00e1 m\u00e1 dieru vo svojom srdcovom svale. Slovo pokra\u010dovalo v tom zmysle, \u017ee uveden\u00e1 \u017eena potrebuje oper\u00e1ciu, lebo inak zomrie. Ke\u010f som tieto slov\u00e1 vyslovil, Boh mi zjavil viacej podrobnost\u00ed \u2013 uveden\u00e1 \u017eena u\u017e vlastne mala oper\u00e1ciu, ale t\u00e1 neprebehla \u00faspe\u0161ne. Na p\u00f3dium ihne\u010f pri\u0161la \u017eena vo veku pribli\u017ene 50 rokov. Ke\u010f sme sa za \u0148u modlili, Boh sa jej pred na\u0161imi o\u010dami dotkol. Ako v\u0161etci ve\u013emi dobre vieme, so srdcov\u00fdmi probl\u00e9mami je to tro\u0161ku inak ako s ostatn\u00fdmi ochoreniami, preto\u017ee sa nem\u00f4\u017eeme ihne\u010f na vlastn\u00e9 o\u010di presved\u010di\u0165 o v\u00fdsledku. Av\u0161ak pastor mi nesk\u00f4r ozn\u00e1mil, \u017ee ke\u010f t\u00e1to \u017eena za\u010diatkom \u010fal\u0161ieho t\u00fd\u017ed\u0148a nav\u0161t\u00edvila nemocnicu a pre\u0161la potrebn\u00fdmi vy\u0161etreniami, stalo sa nie\u010do ve\u013emi zauj\u00edmav\u00e9. Lek\u00e1r okomentoval v\u00fdsledky zhruba t\u00fdmito slovami: \u201eVyzer\u00e1 to tak, \u017ee druh\u00e1 oper\u00e1cia prebehla ve\u013emi \u00faspe\u0161ne. Diera v tvojom srdci je \u00faplne zacelen\u00e1. Blaho\u017eel\u00e1m!\u201c\u00a0A v\u0161etci samozrejme ve\u013emi dobre vieme, kto bol t\u00fdm \u00faspe\u0161n\u00fdm chirurgom! Smiech&#8230;<\/p>\n<p>\u00a0<\/p>\n<p><strong>\u010co v\u00fdznamn\u00e9 si sa nau\u010dil o uzdraven\u00ed za tie roky, \u010do \u0165a P\u00e1n v tejto oblasti pou\u017e\u00edva?<\/strong><\/p>\n<p>Jednou z d\u00f4le\u017eit\u00fdch vec\u00ed, ktor\u00e9 si \u013eudia musia uvedomi\u0165, je fakt, \u017ee existuje rozdiel medzi procesom a z\u00e1zrakom uzdravenia. Niekedy Boh pri uzdravovan\u00ed pou\u017e\u00edva proces, a inokedy kon\u00e1 tak, \u017ee v okamihu u\u010din\u00ed z\u00e1zrak uzdravenia. Ak ja by som bol Bohom, tak by som uzdravil ka\u017ed\u00e9ho a hne\u010f. Boh v\u0161ak nie v\u017edy kon\u00e1 tak\u00fdmto sp\u00f4sobom. Ve\u013eakr\u00e1t n\u00e1m ch\u00fdba trpezlivos\u0165.<\/p>\n<p>\u00a0<\/p>\n<p><strong>Doteraz si ako Bo\u017e\u00ed slu\u017eobn\u00edk nav\u0161t\u00edvil asi 25 kraj\u00edn. \u010co vn\u00edma\u0161 ako t\u00fa najd\u00f4le\u017eitej\u0161iu vec pre dne\u0161n\u00fa cirkev?<\/strong><\/p>\n<p>Mali by sme si uvedomi\u0165, \u017ee Bo\u017e\u00edm z\u00e1merom pre n\u00e1s ako cirkev je, aby sme sa stali po\u017eehnan\u00edm pre ostatn\u00fdch. A t\u00fdm nem\u00e1m na mysli len pre nespasen\u00fdch, \u010di \u013eud\u00ed v na\u0161om zbore, ale aby sme boli po\u017eehnan\u00edm aj vo vz\u0165ahu k bratom a sestr\u00e1m z in\u00fdch cirkv\u00ed \u010di denomin\u00e1ci\u00ed. Tento t\u00fd\u017ede\u0148 som mal mo\u017enos\u0165 stretn\u00fa\u0165 \u013eud\u00ed z viacer\u00fdch cirkv\u00ed. A mal som pocit, \u017ee sa pozn\u00e1me cel\u00e9 roky, a to i napriek tomu, \u017ee som ich predt\u00fdm nikdy nevidel.<\/p>\n<p>A tou druhou vecou, ktor\u00fa v dne\u0161n\u00fdch d\u0148och pova\u017eujem za ve\u013emi d\u00f4le\u017eit\u00fa, je, aby sme znovu objavili dary Ducha. A aby tieto nefungovali len v \u017eivotoch pastorov, \u010di ved\u00facich zboru, ale v \u017eivote ka\u017ed\u00e9ho veriaceho. Ver\u00edm, \u017ee potrebujeme za\u017ei\u0165 nov\u00e9 charizmatick\u00e9 prebudenie. Av\u0161ak tieto dary nesm\u00fa by\u0165 pou\u017eit\u00e9 pre na\u0161e vlastn\u00e9 pote\u0161enie, ale ako Bo\u017e\u00ed n\u00e1stroj pre zasiahnutie neveriacich a z\u00e1rove\u0148 i pre budovanie cirkvi. Mali by sme pou\u017e\u00edva\u0165 v\u0161etk\u00fdch dev\u00e4\u0165 darov a nie len hovorenie nov\u00fdmi jazykmi. Ale to je proces. M\u00f4\u017eeme r\u00e1s\u0165 v pomazan\u00ed. Osobne sl\u00fa\u017eim P\u00e1novi vy\u0161e tridsa\u0165 rokov a uvedomil som si, \u017ee rastieme pod\u013ea toho, nako\u013eko sme z\u00e1visl\u00ed na Duchu a do akej miery mu d\u00f4verujeme. P\u00e1n ma neust\u00e1le vyz\u00fdva, aby som napredoval v pomazan\u00ed a autorite, \u010di u\u017e sa tu jedn\u00e1 o vyslobodenia alebo tvoriv\u00e9 z\u00e1zraky. V roku 1983 som prijal prorock\u00e9 slovo o smerovan\u00ed a rozmeroch mojej slu\u017eby a toto slovo mi P\u00e1n potvrdil aj o 10 rokov, v roku 1993. Od tohto \u010dasu u\u017e uplynulo \u010fal\u0161\u00edch 15 rokov a videl som ho naplnen\u00e9 len s\u010dasti. Boh v\u0161ak nem\u00e1 probl\u00e9m s \u010dasom. Ke\u010f prem\u00fd\u0161\u013eam o bud\u00facnosti, som naplnen\u00fd o\u010dak\u00e1van\u00edm a vzru\u0161en\u00edm z toho, \u010do v\u0161etko e\u0161te bude P\u00e1n kona\u0165.<\/p>\n","protected":false},"excerpt":{"rendered":"<p>Per bol u\u017e viac kr\u00e1t na Slovensku. M\u00e1 \u0161peci\u00e1lny dar, je to evanjelista, modl\u00ed za \u013eud\u00ed a\u00a0oni s\u00fa uzdraven\u00ed. V\u00e4\u010d\u0161inou m\u00e1 dlh\u00e9 zhroma\u017edenia, ale nie je to ve\u013emi kv\u00f4li nemu, [&hellip;]<\/p>\n","protected":false},"author":1,"featured_media":2460,"comment_status":"open","ping_status":"open","sticky":false,"template":"","format":"standard","meta":{"episode_type":"","audio_file":"","cover_image":"","cover_image_id":"","duration":"","filesize":"","date_recorded":"","explicit":"","block":"","filesize_raw":"","footnotes":""},"categories":[72],"tags":[],"series":[],"class_list":["post-2461","post","type-post","status-publish","format-standard","has-post-thumbnail","hentry","category-aktuality"],"episode_featured_image":"https:\/\/www.slovozivota.sk\/wp-content\/uploads\/2009\/01\/per.jpg","episode_player_image":"https:\/\/www.slovozivota.sk\/wp-content\/uploads\/2019\/10\/PodcastSZ-1.jpg","download_link":"","player_link":"","audio_player":false,"episode_data":{"playerMode":"dark","subscribeUrls":[],"rssFeedUrl":"https:\/\/www.slovozivota.sk\/en\/feed\/podcast\/slovo-zivota","embedCode":"<blockquote class=\"wp-embedded-content\" data-secret=\"gsyDJ6FTEx\"><a href=\"https:\/\/www.slovozivota.sk\/en\/2009\/01\/rozhovor-s-perom-cedergardhom\/\">Rozhovor s Perom Cederg\u00e5rdhom<\/a><\/blockquote><iframe sandbox=\"allow-scripts\" security=\"restricted\" src=\"https:\/\/www.slovozivota.sk\/en\/2009\/01\/rozhovor-s-perom-cedergardhom\/embed\/#?secret=gsyDJ6FTEx\" width=\"500\" height=\"350\" title=\"&#8220;Rozhovor s Perom Cederg\u00e5rdhom&#8221; &#8212; Slovo \u017eivota\" data-secret=\"gsyDJ6FTEx\" frameborder=\"0\" marginwidth=\"0\" marginheight=\"0\" scrolling=\"no\" class=\"wp-embedded-content\"><\/iframe><script type=\"text\/javascript\">\n\/* <![CDATA[ *\/\n\/*! This file is auto-generated *\/\n!function(d,l){\"use strict\";l.querySelector&&d.addEventListener&&\"undefined\"!=typeof URL&&(d.wp=d.wp||{},d.wp.receiveEmbedMessage||(d.wp.receiveEmbedMessage=function(e){var t=e.data;if((t||t.secret||t.message||t.value)&&!\/[^a-zA-Z0-9]\/.test(t.secret)){for(var s,r,n,a=l.querySelectorAll('iframe[data-secret=\"'+t.secret+'\"]'),o=l.querySelectorAll('blockquote[data-secret=\"'+t.secret+'\"]'),c=new RegExp(\"^https?:$\",\"i\"),i=0;i<o.length;i++)o[i].style.display=\"none\";for(i=0;i<a.length;i++)s=a[i],e.source===s.contentWindow&&(s.removeAttribute(\"style\"),\"height\"===t.message?(1e3<(r=parseInt(t.value,10))?r=1e3:~~r<200&&(r=200),s.height=r):\"link\"===t.message&&(r=new URL(s.getAttribute(\"src\")),n=new URL(t.value),c.test(n.protocol))&&n.host===r.host&&l.activeElement===s&&(d.top.location.href=t.value))}},d.addEventListener(\"message\",d.wp.receiveEmbedMessage,!1),l.addEventListener(\"DOMContentLoaded\",function(){for(var e,t,s=l.querySelectorAll(\"iframe.wp-embedded-content\"),r=0;r<s.length;r++)(t=(e=s[r]).getAttribute(\"data-secret\"))||(t=Math.random().toString(36).substring(2,12),e.src+=\"#?secret=\"+t,e.setAttribute(\"data-secret\",t)),e.contentWindow.postMessage({message:\"ready\",secret:t},\"*\")},!1)))}(window,document);\n\/* ]]> *\/\n<\/script>\n"},"_links":{"self":[{"href":"https:\/\/www.slovozivota.sk\/en\/wp-json\/wp\/v2\/posts\/2461","targetHints":{"allow":["GET"]}}],"collection":[{"href":"https:\/\/www.slovozivota.sk\/en\/wp-json\/wp\/v2\/posts"}],"about":[{"href":"https:\/\/www.slovozivota.sk\/en\/wp-json\/wp\/v2\/types\/post"}],"author":[{"embeddable":true,"href":"https:\/\/www.slovozivota.sk\/en\/wp-json\/wp\/v2\/users\/1"}],"replies":[{"embeddable":true,"href":"https:\/\/www.slovozivota.sk\/en\/wp-json\/wp\/v2\/comments?post=2461"}],"version-history":[{"count":0,"href":"https:\/\/www.slovozivota.sk\/en\/wp-json\/wp\/v2\/posts\/2461\/revisions"}],"wp:featuredmedia":[{"embeddable":true,"href":"https:\/\/www.slovozivota.sk\/en\/wp-json\/wp\/v2\/media\/2460"}],"wp:attachment":[{"href":"https:\/\/www.slovozivota.sk\/en\/wp-json\/wp\/v2\/media?parent=2461"}],"wp:term":[{"taxonomy":"category","embeddable":true,"href":"https:\/\/www.slovozivota.sk\/en\/wp-json\/wp\/v2\/categories?post=2461"},{"taxonomy":"post_tag","embeddable":true,"href":"https:\/\/www.slovozivota.sk\/en\/wp-json\/wp\/v2\/tags?post=2461"},{"taxonomy":"series","embeddable":true,"href":"https:\/\/www.slovozivota.sk\/en\/wp-json\/wp\/v2\/series?post=2461"}],"curies":[{"name":"wp","href":"https:\/\/api.w.org\/{rel}","templated":true}]}}