{"id":2471,"date":"2008-12-09T00:00:00","date_gmt":"2008-12-08T23:00:00","guid":{"rendered":"https:\/\/new.slovozivota.sk\/2008\/12\/rozhovor-s-evou-moberg\/"},"modified":"2008-12-09T00:00:00","modified_gmt":"2008-12-08T23:00:00","slug":"rozhovor-s-evou-moberg","status":"publish","type":"post","link":"https:\/\/www.slovozivota.sk\/en\/2008\/12\/rozhovor-s-evou-moberg\/","title":{"rendered":"Rozhovor s Evou Moberg"},"content":{"rendered":"<p><img decoding=\"async\" class=\" alignleft size-full wp-image-2470\" src=\"https:\/\/new.slovozivota.sk\/wp-content\/uploads\/2008\/12\/eva_moberg.jpg\" border=\"0\" alt=\"\" align=\"left\" width=\"180\" height=\"110\" \/>Tentoraz by sme v\u00e1m chceli bli\u017e\u0161ie predstavi\u0165 \u017eenu viery a modlitby, slu\u017eobn\u00ed\u010dku v cirkvi, matku, mision\u00e1rku, ale z\u00e1rove\u0148 aj u\u010dite\u013eku na biblickej \u0161kole. Bratislavu nav\u0161t\u00edvila v okt\u00f3bri 2008, aby na\u0161ich \u0161tudentov vyu\u010dovala predmet Modlitba.<\/p>\n<p><strong><br \/><\/strong><\/p>\n<p><strong>Preto\u017ee v\u00a0oblasti kres\u0165anskej slu\u017eby nem\u00e1me a\u017e tak ve\u013ea \u017eensk\u00fdch vzorov, je \u00fa\u017easn\u00e9, \u017ee ty n\u00edm si. M\u00f4\u017ee\u0161 n\u00e1m prezradi\u0165, ako pri \u0161tyroch de\u0165och zvl\u00e1da\u0161 by\u0165 100% matkou a man\u017eelkou a z\u00e1rove\u0148 sa plne venova\u0165 slu\u017ebe?<\/strong><\/p>\n<p>Mysl\u00edm si, \u017ee je ve\u013emi d\u00f4le\u017eit\u00e9, aby pre \u017eenu, ktor\u00e1 sl\u00fa\u017ei v\u00a0cirkvi, zostala rodina i\u00a0na\u010falej jej prioritou. T\u00e1 by sa nikdy nemala sta\u0165 cenou, ktor\u00fa mus\u00edme zaplati\u0165 za slu\u017ebu.<\/p>\n<p>Bo\u017eie slovo hovor\u00ed, \u017ee kto sa nestar\u00e1 o\u00a0dom\u00e1cich, je hor\u0161\u00ed ako neveriaci. Je ve\u013emi smutn\u00e9, ak kres\u0165ania z\u00edskaj\u00fa svet, av\u0161ak stratia svoje rodiny. Toto nie je Bo\u017eou v\u00f4\u013eou! Taktie\u017e si mysl\u00edm, \u017ee je ve\u013emi d\u00f4le\u017eit\u00e9, aby man\u017eelka re\u0161pektovala svojho man\u017eela ako hlavu, aj ke\u010f je neveriaci. Nie je \u017eiadnym divom, \u017ee v\u00a0man\u017eelstve prich\u00e1dza k nezhod\u00e1m, ak si \u017eena v\u017edy \u201erob\u00ed po svojom\u201c. \u010co sa viery a\u00a0cirkvi t\u00fdka, ur\u010dite by sme nemali robi\u0165 kompromisy a\u00a0minim\u00e1lne v\u00a0nede\u013eu by\u0165 na zhroma\u017eden\u00ed, av\u0161ak v\u017edy by to mala by\u0165 vz\u00e1jomn\u00e1 dohoda, zalo\u017een\u00e1 na re\u0161pektovan\u00ed druh\u00e9ho partnera. Je to pr\u00e1ve pokorn\u00fd postoj man\u017eelky, ktor\u00fd m\u00f4\u017ee z\u00edska\u0165 jej neveriaceho man\u017eela pre Krista. Mo\u017eno to, \u010do teraz poviem, bude pre niekoho \u0161okuj\u00face, av\u0161ak som presved\u010den\u00e1, \u017ee rozhoduj\u00face je to, \u010di kon\u00e1me Bo\u017eiu v\u00f4\u013eu a\u00a0nie to, \u010di sa z\u00fa\u010dast\u0148ujeme v\u0161etk\u00fdch cirkevn\u00fdch aktiv\u00edt.<\/p>\n<p>\u00a0<\/p>\n<p><strong>Ako vyzer\u00e1 tak\u00fd be\u017en\u00fd de\u0148 matky \u0161tyroch det\u00ed a ako zvl\u00e1da\u0161 chod dom\u00e1cnosti?<\/strong><\/p>\n<p>R\u00e1no vstanem, modl\u00edm sa, \u010d\u00edtam Bo\u017eie slovo, priprav\u00edm ra\u0148ajky, zobud\u00edm deti a\u00a0potom sa spolu nara\u0148ajkujeme. Ka\u017ed\u00e9 r\u00e1no sa spolo\u010dne modl\u00edme modlitbu \u201eOt\u010de n\u00e1\u0161\u201c a\u00a0\u010fakujeme Bohu za jedlo. Niekedy m\u00e1me aj kr\u00e1tke zamyslenia z\u00a0Biblie a\u00a0potom sa modl\u00edme za ka\u017ed\u00e9 z\u00a0det\u00ed. Zvl\u00e1\u0161\u0165 \u017dalm 91 ako prosbu o\u00a0Bo\u017eiu ochranu a\u00a0\u017dalm 1, kedy nad nimi vyzn\u00e1vam, \u017ee miluj\u00fa Bo\u017eie slovo, bud\u00fa v\u00a0\u0148om \u017ei\u0165 d\u0148om i\u00a0nocou, bud\u00fa ako stromy, ktor\u00e9 s\u00fa zasaden\u00e9 nad potokmi vody a\u00a0v\u0161etko, \u010do bud\u00fa robi\u0165, sa vydar\u00ed. Potom idem do pr\u00e1ce a ke\u010f pr\u00eddem domov, pripravujem jedlo. Spolo\u010dne str\u00e1ven\u00fd \u010das pri stole pova\u017eujem za ve\u013emi d\u00f4le\u017eit\u00fd, lebo pr\u00e1ve v\u00a0tomto \u010dase m\u00f4\u017eem ma\u0165 kontakt so svojimi de\u0165mi.\u00a0 Pri stolovan\u00ed im h\u013ead\u00edm do o\u010d\u00ed a\u00a0sna\u017e\u00edm sa zisti\u0165, ako sa im darilo a\u00a0\u010di s\u00a0niektor\u00fdm z\u00a0nich netreba nie\u010do rie\u0161i\u0165. Okrem toho sa sna\u017e\u00edm tr\u00e1vi\u0165 s\u00a0nimi \u010das, \u010di u\u017e ke\u010f maj\u00fa futbalov\u00fd z\u00e1pas, preteky v\u00a0pl\u00e1van\u00ed, \u010di koncert. V\u00a0soboty m\u00e1vame na\u0161e pravideln\u00e9 rodinn\u00e9 zhroma\u017edenia, kedy spolo\u010dne oslavujeme P\u00e1na a\u00a0modl\u00edme sa za rozli\u010dn\u00e9 potreby. M\u00e1me viacero svedectiev, ako n\u00e1m Boh odpovedal, ke\u010f sa stratil bicykel a\u00a0z\u00e1zra\u010dne sa na\u0161iel, alebo ke\u010f boli chor\u00ed a\u00a0Boh ich uzdravil. \u010eal\u0161ou vecou, ktor\u00e1 je ve\u013emi d\u00f4le\u017eit\u00e1, je, \u017ee ka\u017ed\u00fa nede\u013eu ideme do cirkvi ako rodina. Mo\u017eno si niekto povie, \u017ee to rob\u00edme preto, \u017ee m\u00f4j man\u017eel je pastor, av\u0161ak nie je to tak. Sama som bola takto vychovan\u00e1 a chcem, aby takisto aj moje deti mali vypestovan\u00fd tento zvyk. Aj ke\u010f sa niekedy s\u0165a\u017euj\u00fa a\u00a0p\u00fdtaj\u00fa, \u010di naozaj mus\u00edme \u00eds\u0165, je to nie\u010do, o\u00a0\u010dom nediskutujeme. Spom\u00ednam si, \u017ee raz som sa nec\u00edtila ve\u013emi dobre a\u00a0za\u010dala som uva\u017eova\u0165 nad t\u00fdm, \u017ee zostanem doma. Vtedy ma m\u00f4j syn napomenul, \u017ee predsa pastor pre ml\u00e1de\u017e ich vyu\u010doval o\u00a0tom, \u017ee ak je niekto chor\u00fd, tak potom najlep\u0161ie miesto pre neho je pr\u00e1ve cirkev, lebo tam m\u00f4\u017ee by\u0165 uzdraven\u00fd. Tak\u017ee som nakoniec musela \u00eds\u0165 do cirkvi&#8230; (smiech). To, \u010do je ve\u013emi d\u00f4le\u017eit\u00e9, ako som u\u017e povedala, je vypestova\u0165 v\u00a0na\u0161ich de\u0165och ur\u010dit\u00e9 zvyky, a\u00a0to zvl\u00e1\u0161\u0165 pred dov\u0155\u0161en\u00edm veku 12 rokov, preto\u017ee nesk\u00f4r je to u\u017e len ve\u013emi \u0165a\u017eko realizovate\u013en\u00e9. Ale v\u017edy treba ma\u0165 na pam\u00e4ti, \u017ee nikdy nem\u00f4\u017eem svoje die\u0165a do nie\u010doho n\u00fati\u0165. Ke\u010f v\u0161ak deti vidia, \u017ee modlitba a\u00a0Bo\u017eie slovo s\u00fa d\u00f4le\u017eit\u00e9 pre m\u0148a, bud\u00fa ma v\u00a0tom nasledova\u0165. Preto je pre n\u00e1s ve\u013ekou v\u00fdzvou \u017ei\u0165 skuto\u010dn\u00e9 kres\u0165ansk\u00e9 \u017eivoty a\u00a0nielen nejak\u00e9 pokrytectvo. Niektor\u00ed rodi\u010dia maj\u00fa probl\u00e9m s\u00a0prejavmi \u201evzbury\u201c hlavne u t\u00edned\u017eerov. Treba si v\u0161ak uvedomi\u0165, \u017ee pre t\u00fato vekov\u00fa kateg\u00f3riu je \u00faplne prirodzen\u00e9 \u00faplne v\u0161etko spochyb\u0148ova\u0165. A\u00a0to v\u00f4bec nie je nespr\u00e1vne. Nie je to diabol. Deti v\u00a0tomto veku \u010dasto klad\u00fa ot\u00e1zky typu: \u201ePre\u010do by som mal \u010d\u00edta\u0165 P\u00edsmo?\u201c, alebo sedia na zhroma\u017eden\u00ed, ke\u010f v\u0161etci ostatn\u00ed stoja. Uvedom si, \u017ee Bibliu im nem\u00f4\u017ee\u0161 \u201enatla\u010di\u0165\u201c do hlavy, ale v\u017edy m\u00f4\u017ee\u0161 by\u0165 pozit\u00edvnym pr\u00edkladom, milova\u0165 ich a\u00a0v\u00e1\u017ei\u0165 si ich. \u010eal\u0161\u00edm faktom je, \u017ee niektor\u00e9 deti sa duchovne prebudia v\u00a0pomerne mladom veku, in\u00fdm to trv\u00e1 dlh\u0161ie. Ale mus\u00edme by\u0165 trpezliv\u00ed a\u00a0nie podlieha\u0165 panike, ak sa veci nevyv\u00edjaj\u00fa tak, ako sme si mo\u017eno predstavovali. Ve\u010f nem\u00f4\u017eeme kvetu prik\u00e1za\u0165, kedy m\u00e1 rozkvitn\u00fa\u0165. A\u00a0ak sme v\u00a0na\u0161ej v\u00fdchove ob\u010das nie\u010do nezvl\u00e1dli, nikdy by sme nemali ot\u00e1\u013ea\u0165 poprosi\u0165 na\u0161e die\u0165a o\u00a0odpustenie a\u00a0vyzna\u0165, \u017ee na\u0161a reakcia v\u00a0hneve nebola spr\u00e1vna. Osobne si mysl\u00edm, \u017ee nemus\u00edme by\u0165 dokonal\u00fdmi matkami, ale \u00faprimn\u00fdmi pred Bohom i\u00a0pred \u013eu\u010fmi.<\/p>\n<p>\u00a0<\/p>\n<p><strong>Spolo\u010dne s tvoj\u00edm man\u017eelom Staffanom ste viacej rokov p\u00f4sobili ako mision\u00e1ri na Sib\u00edri a\u00a0v\u00a0Moskve, kde ste preva\u017ene pom\u00e1hali so slu\u017ebou biblickej \u0161koly. Ako si spom\u00edna\u0161 na tieto \u010dasy?<\/strong><\/p>\n<p>Cel\u00e1 cirkev bola v\u00a0tomto obdob\u00ed ve\u013emi zaanga\u017eovan\u00e1 v\u00a0slu\u017ebe v\u00a0oblasti b\u00fdval\u00e9ho Sovietskeho zv\u00e4zu. Ke\u010f P\u00e1n prehovoril v\u00a0auguste roku 1999 k\u00a0Staffanovi o\u00a0jednom roku str\u00e1venom v\u00a0Sovietskom zv\u00e4ze, boli sme ve\u013emi \u0161\u0165astn\u00ed, \u017ee tam m\u00f4\u017eeme \u00eds\u0165 ako mision\u00e1ri. Pripadalo n\u00e1m to ako sen. Z\u00a0n\u00e1\u0161ho \u010dasu v\u00a0Rusku sme tri roky str\u00e1vili na Sib\u00edri. Av\u0161ak nebrali sme to ako nejak\u00fd trest, ale ako \u00fa\u017easn\u00fa rados\u0165. Nikdy nezabudnem na Rusov, ktor\u00ed boli tak \u00fa\u017easne hladn\u00ed po Bo\u017eom slove! Boli sme akoby v\u00a0atmosf\u00e9re panenskej krajiny a\u00a0mnoh\u00ed boli priv\u00e1dzan\u00ed k\u00a0P\u00e1novi. Samozrejme, nebolo to v\u017edy \u013eahk\u00e9 a\u00a0m\u00e1me aj ve\u013ea pr\u00edhod z\u00a0tohto obdobia. Napr\u00edklad, v\u00a0na\u0161om dome bola tak\u00e1 zima, \u017ee na\u0161a ro\u010dn\u00e1 dc\u00e9rka musela vo vn\u00fatri nosi\u0165 zimn\u00e9 oble\u010denie a\u00a0\u010di\u017emy, aby nezamrzla. Alebo ke\u010f som sa raz sna\u017eila pou\u017ei\u0165 kr\u00e9m na ruky,\u00a0s\u00a0\u00fadivom som zistila, \u017ee je zmrznut\u00fd na kos\u0165. Inokedy n\u00e1m zase za\u010dal horie\u0165 motor v\u00a0aute a\u00a0my sme museli z\u00a0neho r\u00fdchlo ujs\u0165. N\u00e1dhern\u00e9 spomienky m\u00e1m na to, ako n\u00e1s jedna rodina pravidelne poz\u00fdvala do typickej ruskej sauny. Bol to jedin\u00fd \u010das v t\u00fd\u017edni, kedy sme si mohli u\u017ei\u0165 trochu tepla, preto\u017ee inak sme preva\u017ene mrzli. Boli sme tam len \u017eeny spolu so v\u0161etk\u00fdmi t\u00fdmi rusk\u00fdmi \u201eb\u00e1bu\u0161kami\u201c a\u00a0mali sme ve\u013emi dobr\u00fd \u010das, bi\u010duj\u00fac sa brezov\u00fdm pr\u00fat\u00edm.<\/p>\n<p>Aj pri sp\u00e4tnom poh\u013eade na toto obdobie n\u00e1\u0161ho \u017eivota som rada, \u017ee sme tam boli a\u00a0videli, ako P\u00e1n konal ve\u013ek\u00e9 veci. Hoci sme platili ur\u010dit\u00fa cenu, ne\u013eutujem ani na okamih, \u017ee sme sl\u00fa\u017eili ako mision\u00e1ri. Takisto na\u0161e deti sa teraz c\u00edtia mision\u00e1rmi a\u00a0s\u00fa na to hrd\u00ed. Na\u0161a najstar\u0161ia dc\u00e9ra chce dokonca pokra\u010dova\u0165 v\u00a0\u0161t\u00fadiu ru\u0161tiny.<\/p>\n<p>\u00a0<\/p>\n<p><strong>Po rusky hovor\u00ed\u0161 takmer dokonale, ako dlho ti trvalo, k\u00fdm si sa tento jazyk nau\u010dila?<\/strong><\/p>\n<p>Ne\u017e sme odi\u0161li do Ruska absolvovala som intenz\u00edvny kurz ru\u0161tiny. Na misii\u00a0sme boli s Christianom \u00c5kerhielmom a jeho man\u017eelkou Katar\u00ednou.\u00a0Ke\u010f\u017ee sme mali len jedn\u00e9ho tlmo\u010dn\u00edka, ktor\u00fd v\u00e4\u010d\u0161inu \u010dasu cestoval s Christianom a\u00a0Staffanom, boli sme my \u017eeny odk\u00e1zan\u00e9 nau\u010di\u0165 sa po rusky, ak sme chceli napr\u00edklad nak\u00fapi\u0165 na trhu z\u00e1kladn\u00e9 potraviny.\u00a0 Aj ke\u010f sme na za\u010diatku robili ve\u013ea ch\u00fdb, bola to jedin\u00e1 cesta, ako to zvl\u00e1dnu\u0165. V\u00fdhodou bolo, \u017ee nesk\u00f4r sme mohli ove\u013ea slobodnej\u0161ie komunikova\u0165 s\u00a0\u013eu\u010fmi, ako by tomu bolo prostredn\u00edctvom tlmo\u010dn\u00edka, ke\u010f\u017ee \u013eudia obvykle nechc\u00fa o\u00a0svojich probl\u00e9moch hovori\u0165 cez tretiu osobu.<\/p>\n<p>\u00a0<\/p>\n<p><strong>Pod\u013ea teba by sa mala \u017eena usilova\u0165 o\u00a0vybudovanie vlastn\u00e9ho povolania, alebo by sk\u00f4r mala podporova\u0165 svojho man\u017eela v\u00a0tom, do \u010doho povolal P\u00e1n jeho? <\/strong><\/p>\n<p>Mysl\u00edm si, \u017ee to ve\u013emi z\u00e1le\u017e\u00ed od osobnosti, ale aj od Bo\u017eieho pl\u00e1nu pre \u017eivot onej \u017eeny. V\u017edy sa to v\u0161ak mus\u00ed dia\u0165 v\u00a0s\u00falade s\u00a0jej man\u017eelom. Osobne som sa nikdy nesna\u017eila jedna\u0165 na vlastn\u00fa p\u00e4s\u0165, ale robila som to, \u010do bolo pr\u00e1ve potrebn\u00e9. Najsk\u00f4r som za\u010dala t\u00fdm, \u017ee som pripravovala ob\u010derstvenie pre u\u010dite\u013eov biblickej \u0161koly, nesk\u00f4r som upratovala kancel\u00e1riu pastora Ulfa Ekmana, pokra\u010dovala som veden\u00edm chv\u00e1ly v\u00a0cirkvi, viedla modlitebn\u00e9 zhroma\u017edenia, bola ved\u00facou dom\u00e1cej skupiny, pracovala ako mision\u00e1rka a\u00a0nesk\u00f4r ma po\u017eiadali, aby som prevzala zodpovednos\u0165 za modlitebn\u00fa slu\u017ebu v\u00a0cirkvi. V\u00a0tejto slu\u017ebe stoj\u00edm u\u017e osem rokov. Pred \u010dasom som takisto za\u010dala vyu\u010dova\u0165 na biblickej \u0161kole v\u00a0Uppsale. Av\u0161ak \u017eiadna z\u00a0uveden\u00fdch slu\u017eieb nebola nie\u010d\u00edm, do \u010doho by som vst\u00fapila sama od seba, v\u017edy ma o\u00a0to po\u017eiadali. Nem\u00e1m potrebu st\u00e1\u0165 na p\u00f3diu a\u00a0by\u0165 viden\u00e1. Mojou z\u00e1sadou je, \u017ee sa v\u017edy sna\u017e\u00edm posl\u00facha\u0165 svojho pastora a\u00a0robi\u0165 \u010doko\u013evek, o \u010do ma po\u017eiada. Ak m\u00f4j pastor vo m\u0148a ver\u00ed, tak mu d\u00f4verujem.\u00a0 \u010co je \u00fa\u017easn\u00e9, je fakt, \u017ee Staffan ma v\u00a0tomto v\u0161etkom podporoval. A\u00a0ja sa sna\u017e\u00edm robi\u0165 to ist\u00e9 vo\u010di nemu.<\/p>\n<p>\u00a0<\/p>\n<p><strong>\u010co si mysl\u00ed\u0161 o\u00a0\u017eene za kazate\u013enicou?<\/strong><\/p>\n<p>Osobne som presved\u010den\u00e1, \u017ee pokia\u013e je \u017eena za kazate\u013enicou, tak to prin\u00e1\u0161a po\u017eehnanie. \u017dena toti\u017e vid\u00ed veci v\u00a0rozdielnom svetle ako mu\u017e a\u00a0takisto pou\u017e\u00edva in\u00e9 pr\u00edklady, ktor\u00e9 s\u00fa ove\u013ea relevantnej\u0161ie pr\u00e1ve pre \u017eeny. A nako\u013eko je v\u00a0cirkv\u00e1ch minim\u00e1lne 50% \u017eien, tak je to priam nevyhnutnos\u0165ou. V\u00a0neposlednom rade, \u017eeny kazate\u013eky m\u00f4\u017eu sl\u00fa\u017ei\u0165 ako vynikaj\u00faci vzor \u017eeny v\u00a0slu\u017ebe pr\u00e1ve pre mlad\u00e9 sestry.<\/p>\n<p>\u00a0<\/p>\n<p><strong>Eva, si \u017eenou viery a modlitby. Domnieva\u0161 sa, \u017ee jestvuj\u00fa \u013eudia, ktor\u00ed sa rodia s akousi\u00a0 \u201cDNA pre modlitbu\u201d alebo je horliv\u00e1 modlitba ur\u010den\u00e1 pre ka\u017ed\u00e9ho kres\u0165ana?<\/strong><\/p>\n<p>Som presved\u010den\u00e1, \u017ee jestvuj\u00fa \u013eudia, ktor\u00ed maj\u00fa \u0161pecifick\u00e9 obdarovanie, pomazanie a\u00a0silu modli\u0165 sa viac ako ostatn\u00ed. Presne tak, ako niektor\u00ed \u013eudia maj\u00fa v\u00e4\u010d\u0161ie schopnosti koordinova\u0165 veci, \u010di vies\u0165 in\u00fdch. Av\u0161ak t\u00e1to skuto\u010dnos\u0165 by n\u00e1m nikdy nemala sl\u00fa\u017ei\u0165 ako v\u00fdhovorka, \u017ee \u201emodlitba je ur\u010den\u00e1 len pre zop\u00e1r vyvolen\u00fdch\u201c. V\u0161etci toti\u017e modlitbu potrebujeme.<\/p>\n<p>\u00a0<\/p>\n<p><strong>Ako vyzer\u00e1 tvoj modlitebn\u00fd \u017eivot a\u00a0ako sa m\u00f4\u017ee sta\u0165 modlitba v\u00a0\u017eivote kres\u0165ana najv\u00e4\u010d\u0161\u00edm privil\u00e9giom a\u00a0rados\u0165ou namiesto len akejsi nudnej povinnosti?<\/strong><\/p>\n<p>S\u00a0Bohom tr\u00e1vim pravidelne \u010das na modlitbe. A\u00a0aj keby som sa mo\u017eno mala modli\u0165 viac, m\u00e1m s\u00a0n\u00edm rozvinut\u00fd vz\u0165ah. Sna\u017e\u00edm sa modli\u0165 ka\u017ed\u00e9 r\u00e1no \u2013 niekedy dlh\u0161ie a\u00a0inokedy krat\u0161ie. Okrem toho sa ve\u013eakr\u00e1t modl\u00edm aj po\u010das d\u0148a, napr\u00edklad pri pr\u00edprave jedla alebo ke\u010f idem vyzdvihn\u00fa\u0165 deti zo \u0161koly. \u010co je v\u0161ak d\u00f4le\u017eit\u00e9, v\u00f4bec nec\u00edtim ods\u00fadenie, \u017ee sa nemodl\u00edm dostato\u010dne. Boh ma z\u00a0toho vyslobodil. Napr\u00edklad, ke\u010f ma pastor Ekman po\u017eiadal, aby som prevzala zodpovednos\u0165 za modlitby v\u00a0cirkvi, prv\u00e9, \u010do som povedala bolo, \u017ee \u201enie som v\u00a0cirkvi tou, ktor\u00e1 by sa modlila najviac!\u201c Av\u0161ak Boh mi uk\u00e1zal, \u017ee to s\u00a0t\u00fdm v\u00f4bec nes\u00favis\u00ed, aj keby som sa mo\u017eno mohla modli\u0165 viac. Ve\u010f v\u017edy sa vlastne m\u00f4\u017eeme modli\u0165 viac! Ve\u013emi d\u00f4le\u017eit\u00e9 je, \u017ee ke\u010f sa modl\u00edm, tak to nerob\u00edm s\u00a0postojom ods\u00fadenia. Ve\u013ea kres\u0165anov m\u00e1 s\u00a0t\u00fdmto probl\u00e9m a\u00a0diabol n\u00e1m v\u00a0tom takisto v\u00fddatne pom\u00e1ha.<\/p>\n<p>A\u00a0ako sa m\u00f4\u017ee sta\u0165 modlitba namiesto nudy nie\u010d\u00edm \u00fa\u017easn\u00fdm? Je pravdou, \u017ee niekedy sa mi modlitba zd\u00e1 naozaj nudnou. Prirovnala by som to k\u00a0tomu, ke\u010f niekedy mus\u00edme doma upratova\u0165. Nie v\u017edy je s\u00a0t\u00fdm spojen\u00fd n\u00e1dhern\u00fd povzn\u00e1\u0161aj\u00faci pocit, ale u\u017e\u00edvame si v\u00fdsledok tejto driny. Tak\u017ee by som chcela pouk\u00e1za\u0165 na v\u00fdsledok modlitby viac ako na samotn\u00fd proces. Na to, \u010do v\u0161etko n\u00e1dhern\u00e9 sa m\u00f4\u017ee sta\u0165, ak sa budeme modli\u0165 a\u00a0naopak, kde m\u00f4\u017eeme skon\u010di\u0165, ak sa modli\u0165 nebudeme. Chcem, aby si ovocie modlitby mohlo vychutn\u00e1va\u0165 \u010do najviac \u201enorm\u00e1lnych\u201c \u013eud\u00ed a\u00a0nielen nejak\u00e1 \u201eelitn\u00e1 skupina modlitebn\u00edkov\u201c.<\/p>\n<p>\u00a0<\/p>\n<p><strong>Spolo\u010dne s man\u017eelom si pre\u0161la biblickou \u0161kolou v Uppsale. \u010co ti to dalo do \u017eivota?<\/strong><\/p>\n<p>Nau\u010dila som sa tu v\u0161etko, na \u010dom vlastne dnes m\u00f4j \u017eivot stoj\u00ed. Hoci poch\u00e1dzam z\u00a0kres\u0165anskej rodiny, bola to pr\u00e1ve biblick\u00e1 \u0161kola, ktor\u00e1 sp\u00f4sobila, \u017ee m\u00f4j vz\u0165ah s\u00a0Bohom naozaj o\u017eil. Tu ma Boh nau\u010dil chodi\u0165 vierou a\u00a0\u00faspe\u0161ne \u010deli\u0165 v\u00fdzvam \u017eivota. Uvedomila som si, \u017ee zrazu m\u00f4\u017eem robi\u0165 veci, ktor\u00e9 som predt\u00fdm nemohla. Vlastne ani neviem, kde by som dnes bola bez absolvovania biblickej \u0161koly. Ur\u010dite ju odpor\u00fa\u010dam ka\u017ed\u00e9mu veriacemu bez oh\u013eadu na to, \u010do chce robi\u0165 v\u00a0bud\u00facnosti. \u017divot nie je v\u017edy jednoduch\u00fd, ale pr\u00e1ve toto je miesto, kde \u010dlovek uvid\u00ed vzory, ktor\u00e9 mu bud\u00fa svieti\u0165 v\u00a0\u0165a\u017ek\u00fdch \u010dasoch. My v\u0161etci tak\u00e9to pr\u00edklady ve\u013emi potrebujeme \u2013 \u013eud\u00ed, ktor\u00ed n\u00e1s usmernia a\u00a0uk\u00e1\u017eu n\u00e1m cestu, ktor\u00fdch vieru m\u00f4\u017eeme nasledova\u0165!<\/p>\n<p>\u00a0<\/p>\n<p>\u010eakujeme za rozhovor!<\/p>\n","protected":false},"excerpt":{"rendered":"<p>Tentoraz by sme v\u00e1m chceli bli\u017e\u0161ie predstavi\u0165 \u017eenu viery a modlitby, slu\u017eobn\u00ed\u010dku v cirkvi, matku, mision\u00e1rku, ale z\u00e1rove\u0148 aj u\u010dite\u013eku na biblickej \u0161kole. Bratislavu nav\u0161t\u00edvila v okt\u00f3bri 2008, aby na\u0161ich [&hellip;]<\/p>\n","protected":false},"author":1,"featured_media":2470,"comment_status":"open","ping_status":"open","sticky":false,"template":"","format":"standard","meta":{"episode_type":"","audio_file":"","cover_image":"","cover_image_id":"","duration":"","filesize":"","date_recorded":"","explicit":"","block":"","filesize_raw":"","footnotes":""},"categories":[72],"tags":[],"series":[],"class_list":["post-2471","post","type-post","status-publish","format-standard","has-post-thumbnail","hentry","category-aktuality"],"episode_featured_image":"https:\/\/www.slovozivota.sk\/wp-content\/uploads\/2008\/12\/eva_moberg.jpg","episode_player_image":"https:\/\/www.slovozivota.sk\/wp-content\/uploads\/2019\/10\/PodcastSZ-1.jpg","download_link":"","player_link":"","audio_player":false,"episode_data":{"playerMode":"dark","subscribeUrls":[],"rssFeedUrl":"https:\/\/www.slovozivota.sk\/en\/feed\/podcast\/slovo-zivota","embedCode":"<blockquote class=\"wp-embedded-content\" data-secret=\"7b1wi2xyvw\"><a href=\"https:\/\/www.slovozivota.sk\/en\/2008\/12\/rozhovor-s-evou-moberg\/\">Rozhovor s Evou Moberg<\/a><\/blockquote><iframe sandbox=\"allow-scripts\" security=\"restricted\" src=\"https:\/\/www.slovozivota.sk\/en\/2008\/12\/rozhovor-s-evou-moberg\/embed\/#?secret=7b1wi2xyvw\" width=\"500\" height=\"350\" title=\"&#8220;Rozhovor s Evou Moberg&#8221; &#8212; Slovo \u017eivota\" data-secret=\"7b1wi2xyvw\" frameborder=\"0\" marginwidth=\"0\" marginheight=\"0\" scrolling=\"no\" class=\"wp-embedded-content\"><\/iframe><script type=\"text\/javascript\">\n\/* <![CDATA[ *\/\n\/*! This file is auto-generated *\/\n!function(d,l){\"use strict\";l.querySelector&&d.addEventListener&&\"undefined\"!=typeof URL&&(d.wp=d.wp||{},d.wp.receiveEmbedMessage||(d.wp.receiveEmbedMessage=function(e){var t=e.data;if((t||t.secret||t.message||t.value)&&!\/[^a-zA-Z0-9]\/.test(t.secret)){for(var s,r,n,a=l.querySelectorAll('iframe[data-secret=\"'+t.secret+'\"]'),o=l.querySelectorAll('blockquote[data-secret=\"'+t.secret+'\"]'),c=new RegExp(\"^https?:$\",\"i\"),i=0;i<o.length;i++)o[i].style.display=\"none\";for(i=0;i<a.length;i++)s=a[i],e.source===s.contentWindow&&(s.removeAttribute(\"style\"),\"height\"===t.message?(1e3<(r=parseInt(t.value,10))?r=1e3:~~r<200&&(r=200),s.height=r):\"link\"===t.message&&(r=new URL(s.getAttribute(\"src\")),n=new URL(t.value),c.test(n.protocol))&&n.host===r.host&&l.activeElement===s&&(d.top.location.href=t.value))}},d.addEventListener(\"message\",d.wp.receiveEmbedMessage,!1),l.addEventListener(\"DOMContentLoaded\",function(){for(var e,t,s=l.querySelectorAll(\"iframe.wp-embedded-content\"),r=0;r<s.length;r++)(t=(e=s[r]).getAttribute(\"data-secret\"))||(t=Math.random().toString(36).substring(2,12),e.src+=\"#?secret=\"+t,e.setAttribute(\"data-secret\",t)),e.contentWindow.postMessage({message:\"ready\",secret:t},\"*\")},!1)))}(window,document);\n\/* ]]> *\/\n<\/script>\n"},"_links":{"self":[{"href":"https:\/\/www.slovozivota.sk\/en\/wp-json\/wp\/v2\/posts\/2471","targetHints":{"allow":["GET"]}}],"collection":[{"href":"https:\/\/www.slovozivota.sk\/en\/wp-json\/wp\/v2\/posts"}],"about":[{"href":"https:\/\/www.slovozivota.sk\/en\/wp-json\/wp\/v2\/types\/post"}],"author":[{"embeddable":true,"href":"https:\/\/www.slovozivota.sk\/en\/wp-json\/wp\/v2\/users\/1"}],"replies":[{"embeddable":true,"href":"https:\/\/www.slovozivota.sk\/en\/wp-json\/wp\/v2\/comments?post=2471"}],"version-history":[{"count":0,"href":"https:\/\/www.slovozivota.sk\/en\/wp-json\/wp\/v2\/posts\/2471\/revisions"}],"wp:featuredmedia":[{"embeddable":true,"href":"https:\/\/www.slovozivota.sk\/en\/wp-json\/wp\/v2\/media\/2470"}],"wp:attachment":[{"href":"https:\/\/www.slovozivota.sk\/en\/wp-json\/wp\/v2\/media?parent=2471"}],"wp:term":[{"taxonomy":"category","embeddable":true,"href":"https:\/\/www.slovozivota.sk\/en\/wp-json\/wp\/v2\/categories?post=2471"},{"taxonomy":"post_tag","embeddable":true,"href":"https:\/\/www.slovozivota.sk\/en\/wp-json\/wp\/v2\/tags?post=2471"},{"taxonomy":"series","embeddable":true,"href":"https:\/\/www.slovozivota.sk\/en\/wp-json\/wp\/v2\/series?post=2471"}],"curies":[{"name":"wp","href":"https:\/\/api.w.org\/{rel}","templated":true}]}}