{"id":2671,"date":"2012-07-31T22:10:11","date_gmt":"2012-07-31T20:10:11","guid":{"rendered":"https:\/\/new.slovozivota.sk\/2012\/07\/evanjelizacne-turne-s-perom-cedergardhom-2\/"},"modified":"2012-07-31T22:10:11","modified_gmt":"2012-07-31T20:10:11","slug":"evanjelizacne-turne-s-perom-cedergardhom-2","status":"publish","type":"post","link":"https:\/\/www.slovozivota.sk\/en\/2012\/07\/evanjelizacne-turne-s-perom-cedergardhom-2\/","title":{"rendered":"Evanjeliza\u010dn\u00e9 turn\u00e9 s Perom Cederg\u00e5rdhom"},"content":{"rendered":"<table>\n<tbody>\n<tr>\n<td>\n<p>Per k\u00e1\u017ee evanjelium v moci Ducha Sv\u00e4t\u00e9ho a ve\u013ea \u013eud\u00ed prij\u00edma cez jeho slu\u017ebu Bo\u017eie uzdravenie. Poch\u00e1dza zo \u0160v\u00e9dska a je vy\u0161tudovan\u00fdm architektom. Spoznal Je\u017ei\u0161a pred 45 rokmi a u\u017e viac ako 30 rokov cestuje po celom svete. Pri jeho \u010dast\u00fdch n\u00e1v\u0161tev\u00e1ch Slovenska sme boli svedkami mnoh\u00fdch dok\u00e1zate\u013en\u00fdch uzdraven\u00ed a zlep\u0161en\u00ed zdravotn\u00e9ho stavu. Tu je kr\u00e1tke svedectvo z jeho n\u00e1v\u0161tevy pred rokom v Seredi:<\/p>\n<p>\u201ePo\u010das Perovej slu\u017eby pri\u0161li slov\u00e1 poznania, ako napr\u00edklad: \u2019S\u00fa tu \u013eudia po autonehode s boles\u0165ou nohy\u2018 alebo \u2019\u013eudia s dierou v srdci\u2018 (na \u010do dopredu vyst\u00fapili aj hostia z in\u00fdch miest, ktor\u00ed sa o akcii dozvedeli z internetu), \u010di v\u00fdzva pre t\u00fdch, ktor\u00ed mali probl\u00e9my so \u017eal\u00fadkom a kr\u010dnou chrbticou\u201c. T\u00ed, ktor\u00ed na tieto v\u00fdzvy vy\u0161li dopredu, pre\u017eili okam\u017eit\u00e9 uzdravenie.\u201c<\/p>\n<p>\u00a0<\/p>\n<h3>Program:<\/h3>\n<table>\n<tbody>\n<tr>\n<td style=\"vertical-align: text-top;\">\n<p>14.8.<\/p>\n<\/td>\n<td style=\"vertical-align: text-top;\">utorok<\/td>\n<td style=\"vertical-align: text-top;\">17:00<\/td>\n<td style=\"vertical-align: text-top;\">Topo\u013e\u010dany, N\u00e1mestie M. R. \u0160tef\u00e1nika<\/td>\n<\/tr>\n<tr>\n<td style=\"vertical-align: text-top;\">15.8.<\/td>\n<td style=\"vertical-align: text-top;\">streda<\/td>\n<td style=\"vertical-align: text-top;\">18:30<\/td>\n<td style=\"vertical-align: text-top;\">\u017dilina, Hotel Slovakia, \u0160t\u00farovo N\u00e1mestie 2, (oproti Auparku), 1. poschodie<\/td>\n<\/tr>\n<tr>\n<td style=\"vertical-align: text-top;\">16.8.<\/td>\n<td style=\"vertical-align: text-top;\">\u0161tvrtok<\/td>\n<td style=\"vertical-align: text-top;\">18:00<\/td>\n<td style=\"vertical-align: text-top;\">Kom\u00e1rno, Z\u0160 Pohrani\u010dn\u00e1 9<\/td>\n<\/tr>\n<tr>\n<td style=\"vertical-align: text-top;\">17.8.<\/td>\n<td style=\"vertical-align: text-top;\">piatok<\/td>\n<td style=\"vertical-align: text-top;\">19:00<\/td>\n<td style=\"vertical-align: text-top;\">Bratislava, Hviezdoslavove n\u00e1m.<\/td>\n<\/tr>\n<tr>\n<td style=\"vertical-align: text-top;\">18.8.<\/td>\n<td style=\"vertical-align: text-top;\">sobota<\/td>\n<td style=\"vertical-align: text-top;\">15:00<\/td>\n<td style=\"vertical-align: text-top;\">Bratislava, Hviezdoslavove n\u00e1m.<\/td>\n<\/tr>\n<tr>\n<td style=\"vertical-align: text-top;\">19.8.<\/td>\n<td style=\"vertical-align: text-top;\">nede\u013ea<\/td>\n<td style=\"vertical-align: text-top;\">10:00<\/td>\n<td style=\"vertical-align: text-top;\">Bratislava, DK D\u00fabravka<\/td>\n<\/tr>\n<tr>\n<td style=\"vertical-align: text-top;\">20.8.<\/td>\n<td style=\"vertical-align: text-top;\">pondelok<\/td>\n<td style=\"vertical-align: text-top;\">18:30<\/td>\n<td style=\"vertical-align: text-top;\">Nitra, Konferen\u010dn\u00e9 centrum, hotel Agroinstitut, Akademick\u00e1 4<\/td>\n<\/tr>\n<tr>\n<td style=\"vertical-align: text-top;\">21.8.<\/td>\n<td style=\"vertical-align: text-top;\">utorok<\/td>\n<td style=\"vertical-align: text-top;\">18:30<\/td>\n<td style=\"vertical-align: text-top;\">Nitra, Konferen\u010dn\u00e9 centrum, hotel Agroinstitut, Akademick\u00e1 4<\/td>\n<\/tr>\n<tr>\n<td style=\"vertical-align: text-top;\">22.8.<\/td>\n<td style=\"vertical-align: text-top;\">streda<\/td>\n<td style=\"vertical-align: text-top;\">18:00<\/td>\n<td style=\"vertical-align: text-top;\">Sere\u010f, Dom kult\u00fary<\/td>\n<\/tr>\n<tr>\n<td style=\"vertical-align: text-top;\">23.8.<\/td>\n<td style=\"vertical-align: text-top;\">\u0161tvrtok<\/td>\n<td style=\"vertical-align: text-top;\">18:00<\/td>\n<td style=\"vertical-align: text-top;\">Sere\u010f, Dom kult\u00fary<\/td>\n<\/tr>\n<tr>\n<td style=\"vertical-align: text-top;\">24.8.<\/td>\n<td style=\"vertical-align: text-top;\">piatok<\/td>\n<td style=\"vertical-align: text-top;\">18:00<\/td>\n<td style=\"vertical-align: text-top;\">Bansk\u00e1 \u0160tiavnica, Kult\u00farne centrum, Kammerhofsk\u00e1 1<\/td>\n<\/tr>\n<tr>\n<td style=\"vertical-align: text-top;\">25.8.<\/td>\n<td style=\"vertical-align: text-top;\">sobota<\/td>\n<td style=\"vertical-align: text-top;\">19:00<\/td>\n<td style=\"vertical-align: text-top;\">Bansk\u00e1 \u0160tiavnica, Drie\u0148ov\u00e1, \u0161kolsk\u00e9 ihrisk\u00e1<\/td>\n<\/tr>\n<tr>\n<td style=\"vertical-align: text-top;\">26.8.<\/td>\n<td style=\"vertical-align: text-top;\">nede\u013ea<\/td>\n<td style=\"vertical-align: text-top;\">10:00<\/td>\n<td style=\"vertical-align: text-top;\">Bansk\u00e1 Bystrica, mestsk\u00e1 poliklinika, zasada\u010dka, \u010cSL Arm\u00e1dy 25<\/td>\n<\/tr>\n<\/tbody>\n<\/table>\n<\/td>\n<td style=\"vertical-align: text-top;\">\n<p style=\"text-align: center;\">{mp4}per_pozvanie_2012{\/mp4}<\/p>\n<\/td>\n<\/tr>\n<\/tbody>\n<\/table>\n<p>\u00a0<\/p>\n<h3>Stiahnite si pozv\u00e1nky z jednotliv\u00fdch miest:<\/h3>\n<table>\n<tbody>\n<tr>\n<td><strong>Topo\u013e\u010dany<\/strong><\/td>\n<td><strong>\u017dilina<\/strong><\/td>\n<td><strong>Kom\u00e1rno<\/strong><\/td>\n<td><strong>Bratislava<\/strong><\/td>\n<\/tr>\n<tr>\n<td><a href=\"https:\/\/new.slovozivota.sk\/wp-content\/uploads\/2012\/06\/per_plagat_TO_2012.jpg\" target=\"_blank\" rel=\"noopener noreferrer\"><img decoding=\"async\" class=\" size-full wp-image-2633\" src=\"https:\/\/new.slovozivota.sk\/wp-content\/uploads\/2012\/06\/per_plagat_TO_2012_nahlad.jpg\" border=\"0\" alt=\"\" width=\"300\" height=\"188\" \/><\/a><\/td>\n<td><a href=\"https:\/\/new.slovozivota.sk\/wp-content\/uploads\/2012\/06\/per_plagat_ZA_2012.pdf\" target=\"_blank\" rel=\"noopener noreferrer\"><img decoding=\"async\" class=\" size-full wp-image-2636\" src=\"https:\/\/new.slovozivota.sk\/wp-content\/uploads\/2012\/06\/per_plagat_ZA_2012_nahlad.png\" border=\"0\" alt=\"\" width=\"133\" height=\"188\" \/><\/a><\/td>\n<td><a href=\"https:\/\/new.slovozivota.sk\/wp-content\/uploads\/2012\/06\/per_plagat_KN_2012.pdf\" target=\"_blank\" rel=\"noopener noreferrer\"><img decoding=\"async\" class=\" size-full wp-image-2638\" src=\"https:\/\/new.slovozivota.sk\/wp-content\/uploads\/2012\/06\/per_plagat_KN_2012_nahlad.jpg\" border=\"0\" alt=\"\" width=\"251\" height=\"188\" \/><\/a><\/td>\n<td><a href=\"https:\/\/new.slovozivota.sk\/wp-content\/uploads\/2012\/06\/per_plagat_BA_2012.jpg\" target=\"_blank\" rel=\"noopener noreferrer\"><img decoding=\"async\" class=\" size-full wp-image-2640\" src=\"https:\/\/new.slovozivota.sk\/wp-content\/uploads\/2012\/06\/per_plagat_BA_2012_nahlad.jpg\" border=\"0\" alt=\"\" width=\"136\" height=\"188\" \/><\/a><\/td>\n<\/tr>\n<\/tbody>\n<\/table>\n<p>\u00a0<\/p>\n<p>Bli\u017e\u0161ie inform\u00e1cie o tomto turn\u00e9 budeme postupne aktualizova\u0165 na www.slovozivota.sk.<\/p>\n","protected":false},"excerpt":{"rendered":"<p>Per k\u00e1\u017ee evanjelium v moci Ducha Sv\u00e4t\u00e9ho a ve\u013ea \u013eud\u00ed prij\u00edma cez jeho slu\u017ebu Bo\u017eie uzdravenie. Poch\u00e1dza zo \u0160v\u00e9dska a je vy\u0161tudovan\u00fdm architektom. Spoznal Je\u017ei\u0161a pred 45 rokmi a u\u017e [&hellip;]<\/p>\n","protected":false},"author":1,"featured_media":2633,"comment_status":"open","ping_status":"open","sticky":false,"template":"","format":"standard","meta":{"episode_type":"","audio_file":"","cover_image":"","cover_image_id":"","duration":"","filesize":"","date_recorded":"","explicit":"","block":"","filesize_raw":"","footnotes":""},"categories":[72],"tags":[],"series":[],"class_list":["post-2671","post","type-post","status-publish","format-standard","has-post-thumbnail","hentry","category-aktuality"],"episode_featured_image":"https:\/\/www.slovozivota.sk\/wp-content\/uploads\/2012\/06\/per_plagat_TO_2012_nahlad.jpg","episode_player_image":"https:\/\/www.slovozivota.sk\/wp-content\/uploads\/2019\/10\/PodcastSZ-1.jpg","download_link":"","player_link":"","audio_player":false,"episode_data":{"playerMode":"dark","subscribeUrls":[],"rssFeedUrl":"https:\/\/www.slovozivota.sk\/en\/feed\/podcast\/slovo-zivota","embedCode":"<blockquote class=\"wp-embedded-content\" data-secret=\"Zq09TZYkQv\"><a href=\"https:\/\/www.slovozivota.sk\/en\/2012\/07\/evanjelizacne-turne-s-perom-cedergardhom-2\/\">Evanjeliza\u010dn\u00e9 turn\u00e9 s Perom Cederg\u00e5rdhom<\/a><\/blockquote><iframe sandbox=\"allow-scripts\" security=\"restricted\" src=\"https:\/\/www.slovozivota.sk\/en\/2012\/07\/evanjelizacne-turne-s-perom-cedergardhom-2\/embed\/#?secret=Zq09TZYkQv\" width=\"500\" height=\"350\" title=\"&#8220;Evanjeliza\u010dn\u00e9 turn\u00e9 s Perom Cederg\u00e5rdhom&#8221; &#8212; Slovo \u017eivota\" data-secret=\"Zq09TZYkQv\" frameborder=\"0\" marginwidth=\"0\" marginheight=\"0\" scrolling=\"no\" class=\"wp-embedded-content\"><\/iframe><script type=\"text\/javascript\">\n\/* <![CDATA[ *\/\n\/*! This file is auto-generated *\/\n!function(d,l){\"use strict\";l.querySelector&&d.addEventListener&&\"undefined\"!=typeof URL&&(d.wp=d.wp||{},d.wp.receiveEmbedMessage||(d.wp.receiveEmbedMessage=function(e){var t=e.data;if((t||t.secret||t.message||t.value)&&!\/[^a-zA-Z0-9]\/.test(t.secret)){for(var s,r,n,a=l.querySelectorAll('iframe[data-secret=\"'+t.secret+'\"]'),o=l.querySelectorAll('blockquote[data-secret=\"'+t.secret+'\"]'),c=new RegExp(\"^https?:$\",\"i\"),i=0;i<o.length;i++)o[i].style.display=\"none\";for(i=0;i<a.length;i++)s=a[i],e.source===s.contentWindow&&(s.removeAttribute(\"style\"),\"height\"===t.message?(1e3<(r=parseInt(t.value,10))?r=1e3:~~r<200&&(r=200),s.height=r):\"link\"===t.message&&(r=new URL(s.getAttribute(\"src\")),n=new URL(t.value),c.test(n.protocol))&&n.host===r.host&&l.activeElement===s&&(d.top.location.href=t.value))}},d.addEventListener(\"message\",d.wp.receiveEmbedMessage,!1),l.addEventListener(\"DOMContentLoaded\",function(){for(var e,t,s=l.querySelectorAll(\"iframe.wp-embedded-content\"),r=0;r<s.length;r++)(t=(e=s[r]).getAttribute(\"data-secret\"))||(t=Math.random().toString(36).substring(2,12),e.src+=\"#?secret=\"+t,e.setAttribute(\"data-secret\",t)),e.contentWindow.postMessage({message:\"ready\",secret:t},\"*\")},!1)))}(window,document);\n\/* ]]> *\/\n<\/script>\n"},"_links":{"self":[{"href":"https:\/\/www.slovozivota.sk\/en\/wp-json\/wp\/v2\/posts\/2671","targetHints":{"allow":["GET"]}}],"collection":[{"href":"https:\/\/www.slovozivota.sk\/en\/wp-json\/wp\/v2\/posts"}],"about":[{"href":"https:\/\/www.slovozivota.sk\/en\/wp-json\/wp\/v2\/types\/post"}],"author":[{"embeddable":true,"href":"https:\/\/www.slovozivota.sk\/en\/wp-json\/wp\/v2\/users\/1"}],"replies":[{"embeddable":true,"href":"https:\/\/www.slovozivota.sk\/en\/wp-json\/wp\/v2\/comments?post=2671"}],"version-history":[{"count":0,"href":"https:\/\/www.slovozivota.sk\/en\/wp-json\/wp\/v2\/posts\/2671\/revisions"}],"wp:featuredmedia":[{"embeddable":true,"href":"https:\/\/www.slovozivota.sk\/en\/wp-json\/wp\/v2\/media\/2633"}],"wp:attachment":[{"href":"https:\/\/www.slovozivota.sk\/en\/wp-json\/wp\/v2\/media?parent=2671"}],"wp:term":[{"taxonomy":"category","embeddable":true,"href":"https:\/\/www.slovozivota.sk\/en\/wp-json\/wp\/v2\/categories?post=2671"},{"taxonomy":"post_tag","embeddable":true,"href":"https:\/\/www.slovozivota.sk\/en\/wp-json\/wp\/v2\/tags?post=2671"},{"taxonomy":"series","embeddable":true,"href":"https:\/\/www.slovozivota.sk\/en\/wp-json\/wp\/v2\/series?post=2671"}],"curies":[{"name":"wp","href":"https:\/\/api.w.org\/{rel}","templated":true}]}}