{"id":2844,"date":"2013-03-02T23:42:58","date_gmt":"2013-03-02T22:42:58","guid":{"rendered":"https:\/\/new.slovozivota.sk\/2013\/03\/joyce-meyer-ja-a-moje-velke-usta\/"},"modified":"2013-03-02T23:42:58","modified_gmt":"2013-03-02T22:42:58","slug":"joyce-meyer-ja-a-moje-velke-usta","status":"publish","type":"post","link":"https:\/\/www.slovozivota.sk\/en\/2013\/03\/joyce-meyer-ja-a-moje-velke-usta\/","title":{"rendered":"Joyce Meyer &#8211; Ja a moje ve\u013ek\u00e9 \u00fasta"},"content":{"rendered":"<p><em><img decoding=\"async\" class=\" alignright size-full wp-image-2843\" src=\"https:\/\/new.slovozivota.sk\/wp-content\/uploads\/2013\/03\/ja_a_moje_velke_usta.jpg\" border=\"0\" alt=\"\" align=\"right\" width=\"400\" height=\"322\" srcset=\"https:\/\/www.slovozivota.sk\/wp-content\/uploads\/2013\/03\/ja_a_moje_velke_usta.jpg 400w, https:\/\/www.slovozivota.sk\/wp-content\/uploads\/2013\/03\/ja_a_moje_velke_usta-300x242.jpg 300w, https:\/\/www.slovozivota.sk\/wp-content\/uploads\/2013\/03\/ja_a_moje_velke_usta-390x314.jpg 390w\" sizes=\"(max-width: 767px) 100vw, 400px\" \/>Joyce Meyer<\/em> sa stala ob\u013e\u00fabenou spisovate\u013ekou na Slovensku. Jej dve najnov\u0161ie knihy z n\u00e1\u0161ho vydavate\u013estva &#8211; <em>Sila my\u0161lienok<\/em> a <em>Ako zvl\u00e1da\u0165 svoje em\u00f3cie<\/em>, si na\u0161li svojich priaznivcov medzi kres\u0165anmi r\u00f4znych vierovyznan\u00ed.<\/p>\n<p>\u00a0<\/p>\n<p>V\u0161ade naokolo stret\u00e1vame negat\u00edvne naladen\u00fdch \u013eud\u00ed. Veriaci niekedy nie s\u00fa v\u00fdnimkou. To by sa ale malo zmeni\u0165. Slov\u00e1 maj\u00fa obrovsk\u00fa moc a ve\u013emi na n\u00e1s vpl\u00fdvaj\u00fa, viac ne\u017e si prip\u00fa\u0161\u0165ame. Chceme vidie\u0165 veriacich pln\u00fdch viery, o\u010dak\u00e1vania a vyzn\u00e1vaj\u00facich Bo\u017eie slovo. Aj preto sme vydali \u201eJa a moje ve\u013ek\u00e9 \u00fasta\u201c. Ver\u00edme, \u017ee sa v\u00e1m bude kniha p\u00e1\u010di\u0165. Prin\u00e1\u0161ame v\u00e1m uk\u00e1\u017eku z jednej kapitoly.<\/p>\n<p>\u00a0<\/p>\n<p><strong>\u201eHovor\u00edm v\u00e1m v\u0161ak, \u017ee v de\u0148 s\u00fadu sa \u013eudia bud\u00fa zodpoveda\u0165 za ka\u017ed\u00e9 pr\u00e1zdne slovo, ktor\u00e9 vyrieknu\u201c<\/strong> (Mat 12:36, Ekum. pr.).<\/p>\n<p>\u00a0<\/p>\n<p>P\u00e1n Je\u017ei\u0161 u\u010dil, \u017ee jedn\u00e9ho d\u0148a sa v\u0161etci budeme zodpoveda\u0165 za svoje slov\u00e1. Pre\u010do? Preto\u017ee slov\u00e1 s\u00fa nosite\u013emi moci \u2013 tvorivej, alebo ni\u010divej.<\/p>\n<p>Pr\u00edslovia 18:21 hovoria, \u017ee \u017eivot a smr\u0165 s\u00fa v podru\u010d\u00ed jazyka. Z toho jasne vypl\u00fdva, \u017ee slov\u00e1 maj\u00fa ve\u013ek\u00fa moc a moc sa v\u017edy sp\u00e1ja so zodpovednos\u0165ou.<\/p>\n<p>\u013dudia \u010dasto t\u00fa\u017eia po moci, s ktorou by sa mohli zahr\u00e1va\u0165; nie v\u0161ak po moci, za ktor\u00fa treba nies\u0165 zodpovednos\u0165 \u2013 a pr\u00e1ve t\u00fa od n\u00e1s P\u00e1n Boh \u017eiada.<\/p>\n<p>P\u00e1n n\u00e1m dal schopnos\u0165 hovori\u0165 a o\u010dak\u00e1va, \u017ee s mocou, ktor\u00fa slov\u00e1 maj\u00fa, budeme zaobch\u00e1dza\u0165 zodpovedne.<\/p>\n<p>\u00a0<\/p>\n<p><strong>Slov\u00e1 s\u00fa nosite\u013emi moci!<\/strong><\/p>\n<p>Ver\u00edm, \u017ee ak si uvedom\u00edme, ak\u00fa moc maj\u00fa slov\u00e1 a \u017ee P\u00e1n Boh chce, aby sme ich pou\u017e\u00edvali zodpovedne, budeme opatrnej\u0161\u00ed v tom, \u010do vyslov\u00edme.<\/p>\n<p>Niekedy hovor\u00edme absurdn\u00e9 veci. Keby n\u00e1m na opasok pripevnili diktaf\u00f3n a po\u010das t\u00fd\u017ed\u0148a nahr\u00e1vali v\u0161etko, \u010do povieme, r\u00fdchlo by sme pochopili, pre\u010do sme sa dostali do probl\u00e9mov a pre\u010do sa ist\u00e9 veci nemenia, hoci P\u00e1n Boh chce, aby sme v nich v\u00ed\u0165azili.<\/p>\n<p>Nahr\u00e1vka by zachytila pochybnosti, nevieru, \u0161omranie, strach, nespokojnos\u0165 a mnoho negat\u00edvnych tvrden\u00ed, ale takmer \u017eiadne proroctv\u00e1 o sl\u00e1vnej bud\u00facnosti. Objavili by sa aj tak\u00e9to vyjadrenia:<\/p>\n<p>\u201eM\u00f4j syn sa sn\u00e1\u010f nikdy nezmen\u00ed! \u010c\u00edm viac sa modl\u00edm, t\u00fdm je hor\u0161\u00ed.\u201c<\/p>\n<p>\u201eNa\u0161e man\u017eelstvo jednoducho nefunguje. U\u017e to dlh\u0161ie nevydr\u017e\u00edm. Ak to sprav\u00ed e\u0161te raz, zbal\u00edm si kufre a od\u00eddem. A ak to nepom\u00f4\u017ee, pod\u00e1m \u017eiados\u0165 o rozvod.\u201c<\/p>\n<p>\u201eV\u017edy, ke\u010f nie\u010do u\u0161etr\u00edm, doval\u00ed sa nejak\u00e1 katastrofa a ja som zasa na mizine.\u201c<\/p>\n<p>\u201eNedok\u00e1\u017eem po\u010du\u0165 Bo\u017e\u00ed hlas. P\u00e1n ku mne asi nehovor\u00ed.\u201c<\/p>\n<p>\u201eNikto ma nem\u00e1 r\u00e1d. Asi som stvoren\u00e1 na to, aby som \u017eila sama.\u201c<\/p>\n<p>\u00a0<\/p>\n<p>Z \u00fast n\u00e1m vych\u00e1dzaj\u00fa negat\u00edvne v\u00fdroky, ale z\u00e1rove\u0148 tvrd\u00edme, \u017ee ver\u00edme, \u017ee P\u00e1n Boh zmen\u00ed na\u0161e deti, \u010di man\u017eelstvo, \u017ee n\u00e1s finan\u010dne po\u017eehn\u00e1 alebo pom\u00f4\u017ee n\u00e1js\u0165 partnera.<\/p>\n<p>Uvediem vlastn\u00fd pr\u00edklad absurdnost\u00ed, ktor\u00e9 hovor\u00edme, ke\u010f sme v strese. Raz ve\u010der som sa doma sna\u017eila nie\u010do n\u00e1js\u0165, ale nedarilo sa mi to. Okrem toho ma ka\u017ed\u00fa chv\u00ed\u013eu niektor\u00e9 z det\u00ed prosilo o pomoc. C\u00edtila som, \u017ee tlak v mojom vn\u00fatri sa stup\u0148uje. Vie\u0161, \u017ee ke\u010f si nerv\u00f3zny, \u00fasta to daj\u00fa patri\u010dne najavo. V hneve som zvolala: \u201eJa sa z tohto domu asi raz zbl\u00e1znim! Nikdy tu nem\u00f4\u017eem ni\u010d n\u00e1js\u0165!\u201c<\/p>\n<p>V tej chv\u00edli ma P\u00e1n Boh upozornil na to, \u010do som povedala. Usved\u010dil ma z toho, \u017ee som klamala, preto\u017ee v dome v\u017edy n\u00e1jdem to, \u010do h\u013ead\u00e1m. Ak sa mi to raz nepodar\u00ed, to e\u0161te neznamen\u00e1, \u017ee je to <em>v\u017edy<\/em> tak.<\/p>\n<p>V\u0161etci m\u00e1me tendenciu zveli\u010dova\u0165, ke\u010f sa c\u00edtime pod tlakom. Nafukujeme veci do obludn\u00fdch rozmerov a v\u0161etko sa zrazu zd\u00e1 omnoho hor\u0161ie, ne\u017e v skuto\u010dnosti je. \u013dahkov\u00e1\u017ene slov\u00e1, ktor\u00e9 vyslov\u00edme pod tlakom okolnost\u00ed, sa n\u00e1m m\u00f4\u017eu zda\u0165 nepodstatn\u00e9, ale v duchovnom svete maj\u00fa moc.<\/p>\n<p>P\u00e1n mi e\u0161te povedal: \u201eJoyce, klamala si nielen v tom, \u017ee ni\u010d nem\u00f4\u017ee\u0161 n\u00e1js\u0165, ale aj v tom, \u017ee sa z toho zbl\u00e1zni\u0161. Tvoj dom \u0165a <em>neprivedie<\/em> do \u0161ialenstva. Ak to v\u0161ak neprestane\u0161 hovori\u0165, m\u00f4\u017ee sa tak sta\u0165.\u201c<\/p>\n<p>Ak sa niekto takto \u010dasto vyjadruje a u jeho predkov sa vyskytla nejak\u00e1 psychick\u00e1 choroba, zl\u00fd m\u00f4\u017ee tak\u00e9to slov\u00e1 pou\u017ei\u0165 ako vstupn\u00fa br\u00e1nu a \u0161kodi\u0165 mu.<\/p>\n<p>\u00a0<\/p>\n<p>V\u0161imol si si, \u017ee \u013eudia sa \u010dasto negat\u00edvne vyjadruj\u00fa o svojom psychickom stave?<\/p>\n<p>\u201eM\u0148a asi poraz\u00ed.\u201c<\/p>\n<p>\u201eJa sa z toho raz zbl\u00e1znim.\u201c<\/p>\n<p>\u201eM\u00e1m pocit, \u017ee z toho zo\u0161aliem.\u201c<\/p>\n<p>\u201eUstavi\u010dne na nie\u010do zab\u00fadam.\u201c<\/p>\n<p>\u201eAsi m\u00e1m Alzheimera, ni\u010d si nedok\u00e1\u017eem zapam\u00e4ta\u0165.\u201c<\/p>\n<p>\u201eAk to takto p\u00f4jde \u010falej, ur\u010dite sa psychicky zr\u00fatim.\u201c<\/p>\n<p>\u201eSom tak\u00fd hl\u00fapy!\u201c<\/p>\n<p>\u00a0<\/p>\n<p>Raz sme s Davom hrali golf s mu\u017eom, ktor\u00fd sa v priebehu nieko\u013ek\u00fdch hod\u00edn ozna\u010dil za \u201eblbca\u201c viac ne\u017e 10-kr\u00e1t. Pomyslela som si: \u201ePane, keby ste vedeli, \u017ee prekl\u00ednate s\u00e1m seba, okam\u017eite by ste s t\u00fdm prestali.\u201c<\/p>\n<p>Ak bude\u0161 ma\u0165 niekedy pocit, \u017ee s tvojou mys\u013eou nie je \u010dosi v poriadku, modli sa za to a vyhlasuj dobr\u00e9 veci o svojich psychick\u00fdch schopnostiach, aby tvoja bud\u00facnos\u0165 bola in\u00e1 ne\u017e minulos\u0165.<\/p>\n<p>V\u00e4\u010d\u0161ina \u013eud\u00ed mar\u00ed svoje modlitby t\u00fdm, \u017ee kr\u00e1tko nato, ako ich vyslov\u00ed, popiera ich negat\u00edvnymi slovami.<\/p>\n<p>\u00a0<\/p>\n<p><strong>Vyhlasuj \u017eivot, nie smr\u0165!<\/strong><\/p>\n<p><strong>\u201eDuch o\u017eivuje, telo ni\u010d neoso\u017e\u00ed! Slov\u00e1, ktor\u00e9 som v\u00e1m povedal, s\u00fa Duch a \u017eivot\u201c<\/strong> (J\u00e1n 6:63, Ekum. pr.).<\/p>\n","protected":false},"excerpt":{"rendered":"<p>Joyce Meyer sa stala ob\u013e\u00fabenou spisovate\u013ekou na Slovensku. Jej dve najnov\u0161ie knihy z n\u00e1\u0161ho vydavate\u013estva &#8211; Sila my\u0161lienok a Ako zvl\u00e1da\u0165 svoje em\u00f3cie, si na\u0161li svojich priaznivcov medzi kres\u0165anmi r\u00f4znych [&hellip;]<\/p>\n","protected":false},"author":1,"featured_media":2843,"comment_status":"open","ping_status":"open","sticky":false,"template":"","format":"standard","meta":{"episode_type":"","audio_file":"","cover_image":"","cover_image_id":"","duration":"","filesize":"","date_recorded":"","explicit":"","block":"","filesize_raw":"","footnotes":""},"categories":[66],"tags":[],"series":[],"class_list":["post-2844","post","type-post","status-publish","format-standard","has-post-thumbnail","hentry","category-vyucovanie-zahranicny-autor"],"episode_featured_image":"https:\/\/www.slovozivota.sk\/wp-content\/uploads\/2013\/03\/ja_a_moje_velke_usta.jpg","episode_player_image":"https:\/\/www.slovozivota.sk\/wp-content\/uploads\/2019\/10\/PodcastSZ-1.jpg","download_link":"","player_link":"","audio_player":false,"episode_data":{"playerMode":"dark","subscribeUrls":[],"rssFeedUrl":"https:\/\/www.slovozivota.sk\/en\/feed\/podcast\/slovo-zivota","embedCode":"<blockquote class=\"wp-embedded-content\" data-secret=\"A9DTUC1X48\"><a href=\"https:\/\/www.slovozivota.sk\/en\/2013\/03\/joyce-meyer-ja-a-moje-velke-usta\/\">Joyce Meyer &#8211; Ja a moje ve\u013ek\u00e9 \u00fasta<\/a><\/blockquote><iframe sandbox=\"allow-scripts\" security=\"restricted\" src=\"https:\/\/www.slovozivota.sk\/en\/2013\/03\/joyce-meyer-ja-a-moje-velke-usta\/embed\/#?secret=A9DTUC1X48\" width=\"500\" height=\"350\" title=\"&#8220;Joyce Meyer &#8211; Ja a moje ve\u013ek\u00e9 \u00fasta&#8221; &#8212; Slovo \u017eivota\" data-secret=\"A9DTUC1X48\" frameborder=\"0\" marginwidth=\"0\" marginheight=\"0\" scrolling=\"no\" class=\"wp-embedded-content\"><\/iframe><script type=\"text\/javascript\">\n\/* <![CDATA[ *\/\n\/*! This file is auto-generated *\/\n!function(d,l){\"use strict\";l.querySelector&&d.addEventListener&&\"undefined\"!=typeof URL&&(d.wp=d.wp||{},d.wp.receiveEmbedMessage||(d.wp.receiveEmbedMessage=function(e){var t=e.data;if((t||t.secret||t.message||t.value)&&!\/[^a-zA-Z0-9]\/.test(t.secret)){for(var s,r,n,a=l.querySelectorAll('iframe[data-secret=\"'+t.secret+'\"]'),o=l.querySelectorAll('blockquote[data-secret=\"'+t.secret+'\"]'),c=new RegExp(\"^https?:$\",\"i\"),i=0;i<o.length;i++)o[i].style.display=\"none\";for(i=0;i<a.length;i++)s=a[i],e.source===s.contentWindow&&(s.removeAttribute(\"style\"),\"height\"===t.message?(1e3<(r=parseInt(t.value,10))?r=1e3:~~r<200&&(r=200),s.height=r):\"link\"===t.message&&(r=new URL(s.getAttribute(\"src\")),n=new URL(t.value),c.test(n.protocol))&&n.host===r.host&&l.activeElement===s&&(d.top.location.href=t.value))}},d.addEventListener(\"message\",d.wp.receiveEmbedMessage,!1),l.addEventListener(\"DOMContentLoaded\",function(){for(var e,t,s=l.querySelectorAll(\"iframe.wp-embedded-content\"),r=0;r<s.length;r++)(t=(e=s[r]).getAttribute(\"data-secret\"))||(t=Math.random().toString(36).substring(2,12),e.src+=\"#?secret=\"+t,e.setAttribute(\"data-secret\",t)),e.contentWindow.postMessage({message:\"ready\",secret:t},\"*\")},!1)))}(window,document);\n\/* ]]> *\/\n<\/script>\n"},"_links":{"self":[{"href":"https:\/\/www.slovozivota.sk\/en\/wp-json\/wp\/v2\/posts\/2844","targetHints":{"allow":["GET"]}}],"collection":[{"href":"https:\/\/www.slovozivota.sk\/en\/wp-json\/wp\/v2\/posts"}],"about":[{"href":"https:\/\/www.slovozivota.sk\/en\/wp-json\/wp\/v2\/types\/post"}],"author":[{"embeddable":true,"href":"https:\/\/www.slovozivota.sk\/en\/wp-json\/wp\/v2\/users\/1"}],"replies":[{"embeddable":true,"href":"https:\/\/www.slovozivota.sk\/en\/wp-json\/wp\/v2\/comments?post=2844"}],"version-history":[{"count":0,"href":"https:\/\/www.slovozivota.sk\/en\/wp-json\/wp\/v2\/posts\/2844\/revisions"}],"wp:featuredmedia":[{"embeddable":true,"href":"https:\/\/www.slovozivota.sk\/en\/wp-json\/wp\/v2\/media\/2843"}],"wp:attachment":[{"href":"https:\/\/www.slovozivota.sk\/en\/wp-json\/wp\/v2\/media?parent=2844"}],"wp:term":[{"taxonomy":"category","embeddable":true,"href":"https:\/\/www.slovozivota.sk\/en\/wp-json\/wp\/v2\/categories?post=2844"},{"taxonomy":"post_tag","embeddable":true,"href":"https:\/\/www.slovozivota.sk\/en\/wp-json\/wp\/v2\/tags?post=2844"},{"taxonomy":"series","embeddable":true,"href":"https:\/\/www.slovozivota.sk\/en\/wp-json\/wp\/v2\/series?post=2844"}],"curies":[{"name":"wp","href":"https:\/\/api.w.org\/{rel}","templated":true}]}}