{"id":2863,"date":"2013-06-26T23:17:31","date_gmt":"2013-06-26T21:17:31","guid":{"rendered":"https:\/\/new.slovozivota.sk\/2013\/06\/leto-s-perom-cedergardhom\/"},"modified":"2013-06-26T23:17:31","modified_gmt":"2013-06-26T21:17:31","slug":"leto-s-perom-cedergardhom","status":"publish","type":"post","link":"https:\/\/www.slovozivota.sk\/en\/2013\/06\/leto-s-perom-cedergardhom\/","title":{"rendered":"Leto s Perom Cederg\u00e5rdhom"},"content":{"rendered":"<p>Per k\u00e1\u017ee evanjelium v moci Ducha Sv\u00e4t\u00e9ho a ve\u013ea \u013eud\u00ed prij\u00edma cez jeho slu\u017ebu Bo\u017eie uzdravenie. Poch\u00e1dza zo \u0160v\u00e9dska, z G\u00f6teborgu a je vy\u0161tudovan\u00fdm architektom. Spoznal Je\u017ei\u0161a pred 50 rokmi a u\u017e viac ako 35 rokov <a href=\"http:\/\/www.permission.se\/\" target=\"_blank\" rel=\"noopener noreferrer\">cestuje po celom svete<\/a>. Pri jeho \u010dast\u00fdch n\u00e1v\u0161tev\u00e1ch Slovenska sme boli svedkami mnoh\u00fdch dok\u00e1zate\u013en\u00fdch uzdraven\u00ed a zlep\u0161en\u00ed zdravotn\u00e9ho stavu. Sme ve\u013emi radi, \u017ee aj toto leto ho uvid\u00edme vo viacer\u00fdch mest\u00e1ch na Slovensku.<\/p>\n<p>\u00a0<\/p>\n<p><img decoding=\"async\" class=\" alignright size-full wp-image-2862\" src=\"https:\/\/new.slovozivota.sk\/wp-content\/uploads\/2013\/06\/Per_2012.jpg\" border=\"0\" alt=\"\" align=\"right\" style=\"float: right;\" width=\"400\" height=\"300\" srcset=\"https:\/\/www.slovozivota.sk\/wp-content\/uploads\/2013\/06\/Per_2012.jpg 400w, https:\/\/www.slovozivota.sk\/wp-content\/uploads\/2013\/06\/Per_2012-300x225.jpg 300w, https:\/\/www.slovozivota.sk\/wp-content\/uploads\/2013\/06\/Per_2012-390x293.jpg 390w\" sizes=\"(max-width: 767px) 100vw, 400px\" \/><\/p>\n<h3>Program:<\/h3>\n<table>\n<tbody>\n<tr>\n<td style=\"vertical-align: text-top;\">\n<p>14.8.2013\u00a0\u00a0<\/p>\n<\/td>\n<td style=\"vertical-align: text-top;\">streda<\/td>\n<td style=\"vertical-align: text-top;\">18:00<\/td>\n<td style=\"vertical-align: text-top;\">\u017dilina, Mari\u00e1nske n\u00e1mestie<\/td>\n<\/tr>\n<tr>\n<td style=\"vertical-align: text-top;\">15.8.2013<\/td>\n<td style=\"vertical-align: text-top;\">\u0161tvrtok<\/td>\n<td style=\"vertical-align: text-top;\">17:00<\/td>\n<td style=\"vertical-align: text-top;\">Topo\u013e\u010dany, Hlavn\u00e9 n\u00e1mestie<\/td>\n<\/tr>\n<tr>\n<td style=\"vertical-align: text-top;\">16.8.2013<\/td>\n<td style=\"vertical-align: text-top;\">piatok<\/td>\n<td style=\"vertical-align: text-top;\">18:00<\/td>\n<td style=\"vertical-align: text-top;\">Kom\u00e1rno, Amfite\u00e1ter D\u00f4stojn\u00edckeho pavil\u00f3nu<\/td>\n<\/tr>\n<tr>\n<td style=\"vertical-align: text-top;\">17.8.2013<\/td>\n<td style=\"vertical-align: text-top;\">sobota<\/td>\n<td style=\"vertical-align: text-top;\">17:00<\/td>\n<td style=\"vertical-align: text-top;\">Sere\u010f, Teen Challenge<\/td>\n<\/tr>\n<tr>\n<td style=\"vertical-align: text-top;\">18.8.2013<\/td>\n<td style=\"vertical-align: text-top;\">nede\u013ea<\/td>\n<td style=\"vertical-align: text-top;\">10:00<\/td>\n<td style=\"vertical-align: text-top;\">Sere\u010f, Dom kult\u00fary, vchod z trhoviska<\/td>\n<\/tr>\n<tr>\n<td style=\"vertical-align: text-top;\">19.8.2013<\/td>\n<td style=\"vertical-align: text-top;\">pondelok\u00a0\u00a0\u00a0\u00a0\u00a0\u00a0<\/td>\n<td style=\"vertical-align: text-top;\">17:00<\/td>\n<td style=\"vertical-align: text-top;\">Nitra, N\u00e1mestie pri Divadle Andreja Bag\u00e1ra<\/td>\n<\/tr>\n<tr>\n<td style=\"vertical-align: text-top;\">21.8.2013<\/td>\n<td style=\"vertical-align: text-top;\">streda<\/td>\n<td style=\"vertical-align: text-top;\">18:00<\/td>\n<td style=\"vertical-align: text-top;\">Bansk\u00e1 \u0160tiavnica, Kult\u00farne centrum Kammerhofsk\u00e1 1<\/td>\n<\/tr>\n<tr>\n<td style=\"vertical-align: text-top;\">22.8.2013<\/td>\n<td style=\"vertical-align: text-top;\">\u0161tvrtok<\/td>\n<td style=\"vertical-align: text-top;\">18:00<\/td>\n<td style=\"vertical-align: text-top;\">Bansk\u00e1 Bystrica, S\u00eddlisko S\u00e1sov\u00e1<\/td>\n<\/tr>\n<tr>\n<td style=\"vertical-align: text-top;\">23.8.2013<\/td>\n<td style=\"vertical-align: text-top;\">piatok<\/td>\n<td style=\"vertical-align: text-top;\">18:00\u00a0\u00a0\u00a0<\/td>\n<td style=\"vertical-align: text-top;\">Bratislava, Hviezdoslavovo n\u00e1m.<\/td>\n<\/tr>\n<tr>\n<td style=\"vertical-align: text-top;\">24.8.2013<\/td>\n<td style=\"vertical-align: text-top;\">sobota<\/td>\n<td style=\"vertical-align: text-top;\">18:00<\/td>\n<td style=\"vertical-align: text-top;\">Bratislava, Hviezdoslavovo n\u00e1m.<\/td>\n<\/tr>\n<tr>\n<td style=\"vertical-align: text-top;\">25.8.2013<\/td>\n<td style=\"vertical-align: text-top;\">nede\u013ea<\/td>\n<td style=\"vertical-align: text-top;\">10:00<\/td>\n<td style=\"vertical-align: text-top;\">Bratislava, Tom\u00e1\u0161ikova 30<\/td>\n<\/tr>\n<\/tbody>\n<\/table>\n<p>\u00a0<\/p>\n<p>Bli\u017e\u0161ie inform\u00e1cie o tomto turn\u00e9 budeme postupne aktualizova\u0165 na www.slovozivota.sk.<\/p>\n","protected":false},"excerpt":{"rendered":"<p>Per k\u00e1\u017ee evanjelium v moci Ducha Sv\u00e4t\u00e9ho a ve\u013ea \u013eud\u00ed prij\u00edma cez jeho slu\u017ebu Bo\u017eie uzdravenie. Poch\u00e1dza zo \u0160v\u00e9dska, z G\u00f6teborgu a je vy\u0161tudovan\u00fdm architektom. Spoznal Je\u017ei\u0161a pred 50 rokmi [&hellip;]<\/p>\n","protected":false},"author":1,"featured_media":2862,"comment_status":"open","ping_status":"open","sticky":false,"template":"","format":"standard","meta":{"episode_type":"","audio_file":"","cover_image":"","cover_image_id":"","duration":"","filesize":"","date_recorded":"","explicit":"","block":"","filesize_raw":"","footnotes":""},"categories":[74],"tags":[],"series":[],"class_list":["post-2863","post","type-post","status-publish","format-standard","has-post-thumbnail","hentry","category-aktivity-zboru"],"episode_featured_image":"https:\/\/www.slovozivota.sk\/wp-content\/uploads\/2013\/06\/Per_2012.jpg","episode_player_image":"https:\/\/www.slovozivota.sk\/wp-content\/uploads\/2019\/10\/PodcastSZ-1.jpg","download_link":"","player_link":"","audio_player":false,"episode_data":{"playerMode":"dark","subscribeUrls":[],"rssFeedUrl":"https:\/\/www.slovozivota.sk\/en\/feed\/podcast\/slovo-zivota","embedCode":"<blockquote class=\"wp-embedded-content\" data-secret=\"86FToPBl6M\"><a href=\"https:\/\/www.slovozivota.sk\/en\/2013\/06\/leto-s-perom-cedergardhom\/\">Leto s Perom Cederg\u00e5rdhom<\/a><\/blockquote><iframe sandbox=\"allow-scripts\" security=\"restricted\" src=\"https:\/\/www.slovozivota.sk\/en\/2013\/06\/leto-s-perom-cedergardhom\/embed\/#?secret=86FToPBl6M\" width=\"500\" height=\"350\" title=\"&#8220;Leto s Perom Cederg\u00e5rdhom&#8221; &#8212; Slovo \u017eivota\" data-secret=\"86FToPBl6M\" frameborder=\"0\" marginwidth=\"0\" marginheight=\"0\" scrolling=\"no\" class=\"wp-embedded-content\"><\/iframe><script type=\"text\/javascript\">\n\/* <![CDATA[ *\/\n\/*! This file is auto-generated *\/\n!function(d,l){\"use strict\";l.querySelector&&d.addEventListener&&\"undefined\"!=typeof URL&&(d.wp=d.wp||{},d.wp.receiveEmbedMessage||(d.wp.receiveEmbedMessage=function(e){var t=e.data;if((t||t.secret||t.message||t.value)&&!\/[^a-zA-Z0-9]\/.test(t.secret)){for(var s,r,n,a=l.querySelectorAll('iframe[data-secret=\"'+t.secret+'\"]'),o=l.querySelectorAll('blockquote[data-secret=\"'+t.secret+'\"]'),c=new RegExp(\"^https?:$\",\"i\"),i=0;i<o.length;i++)o[i].style.display=\"none\";for(i=0;i<a.length;i++)s=a[i],e.source===s.contentWindow&&(s.removeAttribute(\"style\"),\"height\"===t.message?(1e3<(r=parseInt(t.value,10))?r=1e3:~~r<200&&(r=200),s.height=r):\"link\"===t.message&&(r=new URL(s.getAttribute(\"src\")),n=new URL(t.value),c.test(n.protocol))&&n.host===r.host&&l.activeElement===s&&(d.top.location.href=t.value))}},d.addEventListener(\"message\",d.wp.receiveEmbedMessage,!1),l.addEventListener(\"DOMContentLoaded\",function(){for(var e,t,s=l.querySelectorAll(\"iframe.wp-embedded-content\"),r=0;r<s.length;r++)(t=(e=s[r]).getAttribute(\"data-secret\"))||(t=Math.random().toString(36).substring(2,12),e.src+=\"#?secret=\"+t,e.setAttribute(\"data-secret\",t)),e.contentWindow.postMessage({message:\"ready\",secret:t},\"*\")},!1)))}(window,document);\n\/* ]]> *\/\n<\/script>\n"},"_links":{"self":[{"href":"https:\/\/www.slovozivota.sk\/en\/wp-json\/wp\/v2\/posts\/2863","targetHints":{"allow":["GET"]}}],"collection":[{"href":"https:\/\/www.slovozivota.sk\/en\/wp-json\/wp\/v2\/posts"}],"about":[{"href":"https:\/\/www.slovozivota.sk\/en\/wp-json\/wp\/v2\/types\/post"}],"author":[{"embeddable":true,"href":"https:\/\/www.slovozivota.sk\/en\/wp-json\/wp\/v2\/users\/1"}],"replies":[{"embeddable":true,"href":"https:\/\/www.slovozivota.sk\/en\/wp-json\/wp\/v2\/comments?post=2863"}],"version-history":[{"count":0,"href":"https:\/\/www.slovozivota.sk\/en\/wp-json\/wp\/v2\/posts\/2863\/revisions"}],"wp:featuredmedia":[{"embeddable":true,"href":"https:\/\/www.slovozivota.sk\/en\/wp-json\/wp\/v2\/media\/2862"}],"wp:attachment":[{"href":"https:\/\/www.slovozivota.sk\/en\/wp-json\/wp\/v2\/media?parent=2863"}],"wp:term":[{"taxonomy":"category","embeddable":true,"href":"https:\/\/www.slovozivota.sk\/en\/wp-json\/wp\/v2\/categories?post=2863"},{"taxonomy":"post_tag","embeddable":true,"href":"https:\/\/www.slovozivota.sk\/en\/wp-json\/wp\/v2\/tags?post=2863"},{"taxonomy":"series","embeddable":true,"href":"https:\/\/www.slovozivota.sk\/en\/wp-json\/wp\/v2\/series?post=2863"}],"curies":[{"name":"wp","href":"https:\/\/api.w.org\/{rel}","templated":true}]}}