{"id":2880,"date":"2013-07-02T22:44:03","date_gmt":"2013-07-02T20:44:03","guid":{"rendered":"https:\/\/new.slovozivota.sk\/2013\/07\/europska-konferencia-2013\/"},"modified":"2013-07-02T22:44:03","modified_gmt":"2013-07-02T20:44:03","slug":"europska-konferencia-2013","status":"publish","type":"post","link":"https:\/\/www.slovozivota.sk\/en\/2013\/07\/europska-konferencia-2013\/","title":{"rendered":"Eur\u00f3pska Konferencia 2013"},"content":{"rendered":"<p>\u00a0<\/p>\n<p>Je pre n\u00e1s ve\u013ek\u00fdm pote\u0161en\u00edm pozva\u0165 v\u00e1s na na\u0161u ve\u013ek\u00fa udalos\u0165 roka, Eur\u00f3psku Konferenciu 2013.<\/p>\n<p>\u00a0<\/p>\n<h2><strong>21. &#8211; 28. j\u00fala 2013<\/strong><\/h2>\n<h2>\u0160v\u00e9dsko, Uppsala<\/h2>\n<p><strong><br \/><\/strong><\/p>\n<p><strong><img decoding=\"async\" class=\" alignright size-full wp-image-2865\" src=\"https:\/\/new.slovozivota.sk\/wp-content\/uploads\/2013\/07\/Ulf_Ekman.jpg\" border=\"0\" alt=\"\" align=\"right\" width=\"281\" height=\"259\" \/>Re\u010dn\u00edci \/ umelci:<\/strong> Ulf Ekman, Dr. Yonggi Cho (Ju\u017en\u00e1 K\u00f3rea), Otec Raniero Cantalamessa (Taliansko), G\u00f6ran Skytte, Hans Weichbrodt, Izraelsk\u00fd ve\u013evyslanec Isaac Bachman, John &amp; Carol Arnott\u00a0(Kanada), Mark Conner (Austr\u00e1lia), Stephen Sumrall (USA), Suliasi Kurulo (Fid\u017ei), Brenton Brown (USA) a \u010fal\u0161\u00ed.<\/p>\n<p>\u00a0<\/p>\n<p>Ver\u00edme, \u017ee Je\u017ei\u0161 Kristus bude uprostred n\u00e1s, o\u017eivuj\u00fac na\u0161u vieru a dot\u00fdkaj\u00fac sa n\u00e1s svojou l\u00e1skou a mocou. H\u013eadme na Je\u017ei\u0161a a otvorme si srdcia, aby sme tento t\u00fd\u017ede\u0148 \u010derpali od P\u00e1na.<\/p>\n<p>\u00a0<\/p>\n<p>Deti a ml\u00e1de\u017e s\u00fa n\u00e1m tak vz\u00e1cni, a tak je na\u0161ou t\u00fa\u017ebou, aby aj oni pre\u017eili stretnutie s Je\u017ei\u0161om a pre\u017e\u00edvali rados\u0165 P\u00e1novu po\u010das sch\u00f4dzok a stretnut\u00ed, ktor\u00e9 pre ne pripravujeme.<\/p>\n<p>\u00a0<\/p>\n<p>Po\u010fme prosi\u0165 Boha, aby n\u00e1m dal pred Svojou tv\u00e1rou n\u00e1dhern\u00fa duchovn\u00fa hostinu pre cel\u00fa rodinu.<\/p>\n<p>\u00a0<\/p>\n<p>Ste srde\u010dne v\u00edtan\u00ed<\/p>\n<p>\u00a0<\/p>\n<p><img decoding=\"async\" class=\" size-full wp-image-2866\" src=\"https:\/\/new.slovozivota.sk\/wp-content\/uploads\/2013\/07\/podpis_ulf_brigitta_ekman.png\" border=\"0\" alt=\"\" width=\"192\" height=\"47\" \/><\/p>\n<p>\u00a0<\/p>\n<hr \/>\n<h2>Program<\/h2>\n<table width=\"100%\">\n<tbody>\n<tr>\n<td valign=\"top\">\n<p><strong>Nede\u013ea 21. j\u00fala<\/strong><br \/>19:00 Ve\u010dern\u00e9 zhroma\u017edenie Hans Weichbrodt a Ulf Ekman<\/p>\n<p><strong>Pondelok 22. j\u00fala<\/strong><br \/>9:15-9:45 Rann\u00e9 modlitby<br \/>10:00 Rann\u00e9 zhroma\u017edenie<br \/>15:00 Popolud\u0148aj\u0161ie zhroma\u017edenie: G\u00f6ran Skytte<br \/>19:00 Ve\u010dern\u00e9 zhroma\u017edenie: John Arnott <\/p>\n<p><strong>Utorok 23. j\u00fala<\/strong><br \/>9:15-9:45 Rann\u00e9 modlitby<br \/>10:00 Rann\u00e9 zhroma\u017edenie John &amp; Carol Arnott<br \/>13:00 Pastorsk\u00e9 stretnutie<br \/>15:00 Popolud\u0148aj\u0161ie zhroma\u017edenie Stephen Sumrall<br \/>19:00 Ve\u010dern\u00e9 zhroma\u017edenie Suliasi Kurulo<br \/>Ml\u00e1de\u017en\u00edcke stretnutie po ve\u010dernom zhroma\u017eden\u00ed<\/p>\n<p><strong>Streda 24. j\u00fala<\/strong><br \/>9:15-9:45 Rann\u00e9 modlitby<br \/>10:00 Rann\u00e9 zhroma\u017edenie Suliasi Kurulo<br \/>13:00 Pastorsk\u00e9 stretnutie<br \/>15:00 Israel Service Ambassador Isaac Bachman<br \/>19:00 Ve\u010dern\u00e9 zhroma\u017edenie Dr. Yonggi Cho<\/p>\n<p><strong>\u0160tvrtok 25. j\u00fala<\/strong><br \/>9:15-9:45 Rann\u00e9 modlitby<br \/>10:00 Rann\u00e9 zhroma\u017edenie Ulf Ekman<br \/>13:00 Partnersk\u00e9 stretnutie, Ulf &amp; Birgitta Ekman<br \/>15:00 Popolud\u0148aj\u0161ie zhroma\u017edenie Anne Christiansen<br \/>19:00 Ve\u010dern\u00e9 zhroma\u017edenie Dr. Yonggi Cho<br \/>Koncert: Hansam &#8211; po ve\u010dernom zhroma\u017eden\u00ed<\/p>\n<\/td>\n<td valign=\"top\"><strong>Piatok 26. j\u00fala<\/strong><br \/>9:15-9:45 Rann\u00e9 modlitby<br \/>10:00 Rann\u00e9 zhroma\u017edenie Mark Conner<br \/>13:00 Pastorsk\u00e9 stretnutie<br \/>15:00 Popolud\u0148aj\u0161ie zhroma\u017edenie Otec Raniero Cantalamessa<br \/>19:00 Ve\u010dern\u00e9 zhroma\u017edenie Mark Conner, Brenton Brown (spev)<\/p>\n<p><strong>Sobota 27. j\u00fala<\/strong><br \/>9:15-9:45 Rann\u00e9 modlitby<br \/>10:00 Rann\u00e9 zhroma\u017edenie Father Raniero Cantalamessa<br \/>13:30 Chv\u00e1ly Brenton Brown<br \/>19:00 Jubilejn\u00e1 noc &#8211; Word of Life 30 rokov, Ulf Ekman <\/p>\n<p><strong>Nede\u013ea 28. j\u00fala<\/strong><br \/>9:15-9:45 Rann\u00e9 modlitby<br \/>10:00 Rann\u00e9 zhroma\u017edenie s Ve\u010derou P\u00e1novou, Joakim Lundqvist<\/td>\n<\/tr>\n<\/tbody>\n<\/table>\n<p>\u00a0<\/p>\n<hr \/>\n<p>\u00a0<\/p>\n<table>\n<tbody>\n<tr>\n<td valign=\"top\">\n<h2>ULF EKMAN<\/h2>\n<p>Ulf Ekman je senior pastor v Slove \u017eivota. Jeho radik\u00e1lne vyu\u010dovanie o viere a duchovnom l\u00edderstve sa dotklo tis\u00edcok \u013eud\u00ed po celom svete, polo\u017eil z\u00e1klady pre celosvetov\u00fa misiu a zborov\u00fa pr\u00e1cu. Je to ve\u013emi popul\u00e1rny re\u010dn\u00edk, cestuje po celom svete u\u017e ve\u013ea rokov. Jeho knihy s\u00fa prekladan\u00e9 do mnoh\u00fdch jazykov.<\/p>\n<\/td>\n<td valign=\"top\">\n<p><img decoding=\"async\" class=\" size-full wp-image-2867\" src=\"https:\/\/new.slovozivota.sk\/wp-content\/uploads\/2013\/07\/Ulf_Ekman2.jpg\" border=\"0\" alt=\"\" width=\"450\" height=\"250\" srcset=\"https:\/\/www.slovozivota.sk\/wp-content\/uploads\/2013\/07\/Ulf_Ekman2.jpg 450w, https:\/\/www.slovozivota.sk\/wp-content\/uploads\/2013\/07\/Ulf_Ekman2-300x167.jpg 300w, https:\/\/www.slovozivota.sk\/wp-content\/uploads\/2013\/07\/Ulf_Ekman2-390x217.jpg 390w\" sizes=\"(max-width: 767px) 100vw, 450px\" \/><\/p>\n<\/td>\n<\/tr>\n<tr>\n<td valign=\"top\">\n<h2>JOAKIM LUNDQVIST<\/h2>\n<p>je \u010derstvo ustanoven\u00fdm senior pastorom Slova \u017divota a doned\u00e1vna tie\u017e zast\u00e1val post medzin\u00e1rodn\u00e9ho l\u00eddra \u0161tudentskej organiz\u00e1cie New Generation (Nov\u00e1 Gener\u00e1cia), zah\u0155\u0148aj\u00facej 15 kraj\u00edn. Jeho nezabudnute\u013en\u00e9 a bohato ilustrovan\u00e9 posolstv\u00e1 v\u00e1s in\u0161piruj\u00fa ku Kristo-centrick\u00e9mu \u017eivotn\u00e9mu \u0161t\u00fdlu.<\/p>\n<\/td>\n<td valign=\"top\">\u00a0<img decoding=\"async\" class=\" size-full wp-image-2868\" src=\"https:\/\/new.slovozivota.sk\/wp-content\/uploads\/2013\/07\/Joakim_Lundqvist.jpg\" border=\"0\" alt=\"\" width=\"450\" height=\"250\" srcset=\"https:\/\/www.slovozivota.sk\/wp-content\/uploads\/2013\/07\/Joakim_Lundqvist.jpg 450w, https:\/\/www.slovozivota.sk\/wp-content\/uploads\/2013\/07\/Joakim_Lundqvist-300x167.jpg 300w, https:\/\/www.slovozivota.sk\/wp-content\/uploads\/2013\/07\/Joakim_Lundqvist-390x217.jpg 390w\" sizes=\"(max-width: 767px) 100vw, 450px\" \/><\/td>\n<\/tr>\n<tr>\n<td valign=\"top\">\n<h2>DAVID YONGGI CHO<\/h2>\n<p>Nieko\u013eko desa\u0165ro\u010d\u00ed bol pastor Cho poprednou postavou a vzorom pre cirkvi a pastorov po celom svete. Je pastor a zakladate\u013e Yoido Full Gospel Church (Yoido cirkev pln\u00e9ho evanjelia) v Soule, Ju\u017enej K\u00f3rei \u2013 najv\u00e4\u010d\u0161ieho zboru na svete, s viac ako 800 000 \u010dlenmi.<\/p>\n<\/td>\n<td valign=\"top\">\u00a0<img decoding=\"async\" class=\" size-full wp-image-2869\" src=\"https:\/\/new.slovozivota.sk\/wp-content\/uploads\/2013\/07\/David_Yonggi_Cho.jpg\" border=\"0\" alt=\"\" width=\"450\" height=\"250\" srcset=\"https:\/\/www.slovozivota.sk\/wp-content\/uploads\/2013\/07\/David_Yonggi_Cho.jpg 450w, https:\/\/www.slovozivota.sk\/wp-content\/uploads\/2013\/07\/David_Yonggi_Cho-300x167.jpg 300w, https:\/\/www.slovozivota.sk\/wp-content\/uploads\/2013\/07\/David_Yonggi_Cho-390x217.jpg 390w\" sizes=\"(max-width: 767px) 100vw, 450px\" \/><\/td>\n<\/tr>\n<tr>\n<td valign=\"top\">\n<h2>MARK CONNER<\/h2>\n<p>Mark Conner je ve\u013emi vz\u00e1cny re\u010dn\u00edk z Austr\u00e1lie. Jeho v\u00e1\u0161\u0148ou je hovori\u0165 o t\u00e9mach ako je vodcovstvo, osobn\u00e1 motiv\u00e1cia a rast cirkvi. M\u00e1 hlbok\u00e9 poznanie Slova a prin\u00e1\u0161a in\u0161piruj\u00face a informat\u00edvne posolstvo s relevantnos\u0165ou a kreativitou.<\/p>\n<\/td>\n<td valign=\"top\">\u00a0<img decoding=\"async\" class=\" size-full wp-image-2870\" src=\"https:\/\/new.slovozivota.sk\/wp-content\/uploads\/2013\/07\/Mark_Conner.jpg\" border=\"0\" alt=\"\" width=\"450\" height=\"250\" srcset=\"https:\/\/www.slovozivota.sk\/wp-content\/uploads\/2013\/07\/Mark_Conner.jpg 450w, https:\/\/www.slovozivota.sk\/wp-content\/uploads\/2013\/07\/Mark_Conner-300x167.jpg 300w, https:\/\/www.slovozivota.sk\/wp-content\/uploads\/2013\/07\/Mark_Conner-390x217.jpg 390w\" sizes=\"(max-width: 767px) 100vw, 450px\" \/><\/td>\n<\/tr>\n<tr>\n<td valign=\"top\">\n<h2>\u00a0JOHN &amp; CAROL ARNOTT<\/h2>\n<p>John a Carol Arnottovci sa ocitli uprostred prebudeneckej slu\u017eby v 90-tych rokoch, kedy zasiahli tis\u00edce \u013eud\u00ed. Ich cirkev v Toronte, Kanade, m\u00e1 2000 \u010dlenov a ved\u00fa ve\u013ek\u00fa sie\u0165 zborov. John je zn\u00e1my skrze svoje k\u00e1zne o moci Ducha Sv\u00e4t\u00e9ho a Bo\u017eej Otcovskej l\u00e1ske.<\/p>\n<\/td>\n<td valign=\"top\">\u00a0<img decoding=\"async\" class=\" size-full wp-image-2871\" src=\"https:\/\/new.slovozivota.sk\/wp-content\/uploads\/2013\/07\/John_and_Carol_Arnott.jpg\" border=\"0\" alt=\"\" width=\"450\" height=\"250\" srcset=\"https:\/\/www.slovozivota.sk\/wp-content\/uploads\/2013\/07\/John_and_Carol_Arnott.jpg 450w, https:\/\/www.slovozivota.sk\/wp-content\/uploads\/2013\/07\/John_and_Carol_Arnott-300x167.jpg 300w, https:\/\/www.slovozivota.sk\/wp-content\/uploads\/2013\/07\/John_and_Carol_Arnott-390x217.jpg 390w\" sizes=\"(max-width: 767px) 100vw, 450px\" \/><\/td>\n<\/tr>\n<tr>\n<td valign=\"top\">\n<h2>OTEC RANIERO CANTALAMESSA<\/h2>\n<p>Charizmatick\u00fd a Duchom naplnen\u00fd Raniero Cantalamessa je zn\u00e1my katol\u00edcky knaz, k\u00e1\u017euci o viere, daroch Ducha Sv\u00e4t\u00e9ho a svojom vlastnom krste Duchom Sv\u00e4t\u00fdm. M\u00e1 doktor\u00e1ty z teol\u00f3gie, klasickej literat\u00fary a je profesorom. U\u017e mnoho rokov je re\u010dn\u00edkom nie len na katol\u00edckych konferenci\u00e1ch, ale aj protestantsk\u00fdch, \u010di charizmatick\u00fdch. V\u010faka svojej pokore a hlbok\u00e9mu poznaniu Bo\u017eieho slova sa stal vyh\u013ead\u00e1van\u00fdm re\u010dn\u00edkom. Je taktie\u017e autorom nieko\u013ek\u00fdch kn\u00edh.<\/p>\n<\/td>\n<td valign=\"top\">\u00a0<img decoding=\"async\" class=\" size-full wp-image-2872\" src=\"https:\/\/new.slovozivota.sk\/wp-content\/uploads\/2013\/07\/Otec_Raniero_Cantalamessa.jpg\" border=\"0\" alt=\"\" width=\"450\" height=\"250\" srcset=\"https:\/\/www.slovozivota.sk\/wp-content\/uploads\/2013\/07\/Otec_Raniero_Cantalamessa.jpg 450w, https:\/\/www.slovozivota.sk\/wp-content\/uploads\/2013\/07\/Otec_Raniero_Cantalamessa-300x167.jpg 300w, https:\/\/www.slovozivota.sk\/wp-content\/uploads\/2013\/07\/Otec_Raniero_Cantalamessa-390x217.jpg 390w\" sizes=\"(max-width: 767px) 100vw, 450px\" \/><\/td>\n<\/tr>\n<tr>\n<td valign=\"top\">\n<h2>ANNE CHRISTIANSEN<\/h2>\n<p>Anne Christiansen je Bo\u017eia \u017eena, ktor\u00e1 povzbudzuje \u017eeny v N\u00f3rsku aby budovali Bo\u017eie kr\u00e1\u013eovstvo vo svojich rodin\u00e1ch, denomin\u00e1ci\u00e1ch a zboroch. Spolu so svoj\u00edm man\u017eelom Stephanom videla tis\u00edce mlad\u00fdch Eur\u00f3panov ako boli spasen\u00ed skrze Jesus Revolution ministry. Dnes s\u00fa pastorsk\u00fdm man\u017eelsk\u00fdm p\u00e1rom v cirkvi Jesus Church v Osle. T\u00e1to odv\u00e1\u017ena a v\u00e1\u0161niv\u00e1 Bo\u017eia \u017eena bude hos\u0165uj\u00facim re\u010dn\u00edkom aj na tohtoro\u010dnej Eur\u00f3pskej konferencii. Pr\u00ed\u010fte a in\u0161pirujte sa!<\/p>\n<\/td>\n<td valign=\"top\">\u00a0<img decoding=\"async\" class=\" size-full wp-image-2873\" src=\"https:\/\/new.slovozivota.sk\/wp-content\/uploads\/2013\/07\/Anne_Christiansen.jpg\" border=\"0\" alt=\"\" width=\"450\" height=\"250\" srcset=\"https:\/\/www.slovozivota.sk\/wp-content\/uploads\/2013\/07\/Anne_Christiansen.jpg 450w, https:\/\/www.slovozivota.sk\/wp-content\/uploads\/2013\/07\/Anne_Christiansen-300x167.jpg 300w, https:\/\/www.slovozivota.sk\/wp-content\/uploads\/2013\/07\/Anne_Christiansen-390x217.jpg 390w\" sizes=\"(max-width: 767px) 100vw, 450px\" \/><\/td>\n<\/tr>\n<tr>\n<td valign=\"top\">\n<h2>VE\u013dVYSLANEC ISAAC BACHMAN<\/h2>\n<p>Isaac Bachman je ve\u013evyslancom Izraela vo \u0160v\u00e9dsku od roku 2012. Predt\u00fdm zast\u00e1val podobn\u00fd post v Guatemale a Bol\u00edvii. Narodil sa v Izraeli a vn\u00e1\u0161a v\u00e1\u0161e\u0148 k svojim kore\u0148om aj do svojho boja za slobodu, demokraciu a mier na Strednom V\u00fdchode. M\u00e1 tie\u017e ve\u013ek\u00fd z\u00e1ujem o to, aby bola zachovan\u00e1 \u017eiv\u00e1 pamiatka na 6 mili\u00f3nov \u017didov, ktor\u00ed zahynuli po\u010das Holokaustu. Sna\u017e\u00ed sa o potla\u010denie vzrastaj\u00faceho antisemitizmu na mnoh\u00fdch miestach, ako vo \u0160v\u00e9dsku tak aj vo zvy\u0161ku Eur\u00f3py.<\/p>\n<\/td>\n<td valign=\"top\">\u00a0<img decoding=\"async\" class=\" size-full wp-image-2874\" src=\"https:\/\/new.slovozivota.sk\/wp-content\/uploads\/2013\/07\/Velvyslanec_Isaac_Bachman.jpg\" border=\"0\" alt=\"\" width=\"450\" height=\"250\" srcset=\"https:\/\/www.slovozivota.sk\/wp-content\/uploads\/2013\/07\/Velvyslanec_Isaac_Bachman.jpg 450w, https:\/\/www.slovozivota.sk\/wp-content\/uploads\/2013\/07\/Velvyslanec_Isaac_Bachman-300x167.jpg 300w, https:\/\/www.slovozivota.sk\/wp-content\/uploads\/2013\/07\/Velvyslanec_Isaac_Bachman-390x217.jpg 390w\" sizes=\"(max-width: 767px) 100vw, 450px\" \/><\/td>\n<\/tr>\n<tr>\n<td valign=\"top\">\n<h2>G\u00d6RAN SKYTTE<\/h2>\n<p>G\u00f6ran Skytte je novin\u00e1r, publicista a spisovate\u013e. Je jeden z najzn\u00e1mej\u0161\u00edch \u0160v\u00e9dskych spisovate\u013eov, vyhral Grand Prize (Ve\u013ek\u00fa cenu) za \u017eurnalistiku, m\u00e1 vlastn\u00fa talkshow v n\u00e1rodnej telev\u00edzii, ktor\u00fa u\u017e 10 rokov sleduj\u00fa mili\u00f3ny div\u00e1kov. \u017dije \u017eivotom medi\u00e1lnej osobnosti. Tak\u017ee ke\u010f bol spasen\u00fd, bola to ve\u013ek\u00e1 vec! Prostredn\u00edctvom svojich predn\u00e1\u0161ok, kn\u00edh a interview na telev\u00edznych obrazovk\u00e1ch, r\u00e1diu a tla\u010di, G\u00f6ranove svedectvo zasiahlo v\u00fdznamn\u00fa \u010das\u0165 \u0160v\u00e9dskej popul\u00e1cie.<\/p>\n<\/td>\n<td valign=\"top\">\u00a0<img decoding=\"async\" class=\" size-full wp-image-2875\" src=\"https:\/\/new.slovozivota.sk\/wp-content\/uploads\/2013\/07\/Goran_Sytte.jpg\" border=\"0\" alt=\"\" width=\"450\" height=\"250\" srcset=\"https:\/\/www.slovozivota.sk\/wp-content\/uploads\/2013\/07\/Goran_Sytte.jpg 450w, https:\/\/www.slovozivota.sk\/wp-content\/uploads\/2013\/07\/Goran_Sytte-300x167.jpg 300w, https:\/\/www.slovozivota.sk\/wp-content\/uploads\/2013\/07\/Goran_Sytte-390x217.jpg 390w\" sizes=\"(max-width: 767px) 100vw, 450px\" \/><\/td>\n<\/tr>\n<tr>\n<td valign=\"top\">\n<h2>HANS WEICHBRODT<\/h2>\n<p>Far\u00e1r v Evanjelickej cirkvi vo \u0160v\u00e9dsku a &#8220;In\u0161pir\u00e1tor&#8221; v Oasr\u00f6relsen (Hnutie Oasis), \u010do je hnutie charizmatickej obnovy \u0160v\u00e9dskych zborov. V\u010faka ozajstn\u00e9mu nasadeniu a srdcu bij\u00facemu za obnovu a prebudenie vo \u0160v\u00e9dsku, jeho k\u00e1zne s\u00fa n\u00e1ro\u010dn\u00e9, povzbudzuj\u00face a \u013eahko stoto\u017enite\u013en\u00e9. Hans je cestuj\u00faci kazate\u013e ktor\u00fd ka\u017ed\u00fd rok nav\u0161tevuje mnoho r\u00f4znych cirkv\u00ed a denomin\u00e1ci\u00ed nie len vo \u0160v\u00e9sku, ale aj naprie\u010d Eur\u00f3pou.<\/p>\n<\/td>\n<td valign=\"top\">\u00a0<img decoding=\"async\" class=\" size-full wp-image-2876\" src=\"https:\/\/new.slovozivota.sk\/wp-content\/uploads\/2013\/07\/Hans_Weichbrodt.jpg\" border=\"0\" alt=\"\" width=\"450\" height=\"250\" srcset=\"https:\/\/www.slovozivota.sk\/wp-content\/uploads\/2013\/07\/Hans_Weichbrodt.jpg 450w, https:\/\/www.slovozivota.sk\/wp-content\/uploads\/2013\/07\/Hans_Weichbrodt-300x167.jpg 300w, https:\/\/www.slovozivota.sk\/wp-content\/uploads\/2013\/07\/Hans_Weichbrodt-390x217.jpg 390w\" sizes=\"(max-width: 767px) 100vw, 450px\" \/><\/td>\n<\/tr>\n<tr>\n<td valign=\"top\">\n<h2>SULIASI KURULO<\/h2>\n<p>Suliasi Kurulo je pastorom a l\u00eddrom v cirkvi Christian Mission Fellowship (Kres\u0165ansk\u00e9 misijn\u00e9 spolo\u010denstvo) so s\u00eddlom vo Fid\u017ei, ktor\u00e9 m\u00e1 moment\u00e1lne 6000 \u010dlenov vo Fid\u017ei a takmer 20 000 medzin\u00e1rodne. M\u00e1 ve\u013ek\u00e9 srdce pre misiu, a je tie\u017e zapojen\u00fd do misijnej pr\u00e1ce v Ju\u017enej Afrike, Kambod\u017ei a na tichomorsk\u00fdch ostrovoch. <\/p>\n<\/td>\n<td valign=\"top\">\u00a0<img decoding=\"async\" class=\" size-full wp-image-2877\" src=\"https:\/\/new.slovozivota.sk\/wp-content\/uploads\/2013\/07\/Suliasi_Kurulo.jpg\" border=\"0\" alt=\"\" width=\"450\" height=\"250\" srcset=\"https:\/\/www.slovozivota.sk\/wp-content\/uploads\/2013\/07\/Suliasi_Kurulo.jpg 450w, https:\/\/www.slovozivota.sk\/wp-content\/uploads\/2013\/07\/Suliasi_Kurulo-300x167.jpg 300w, https:\/\/www.slovozivota.sk\/wp-content\/uploads\/2013\/07\/Suliasi_Kurulo-390x217.jpg 390w\" sizes=\"(max-width: 767px) 100vw, 450px\" \/><\/td>\n<\/tr>\n<tr>\n<td valign=\"top\">\n<h2>STEPHEN SUMRALL<\/h2>\n<p>Stephen Sumrall je pastorom cirkvi Christ Chapel v South Bende v USA. Stephen sa stal vern\u00fdm re\u010dn\u00edkom na Eur\u00f3pskej Konferencii. S ve\u013ek\u00fdm srdcom pre \u013eud\u00ed je prezidentom organiz\u00e1cie Feeding the Nations (K\u0155menie n\u00e1rodov), ktor\u00e1 distribuuje potraviny a pomoc n\u00fadznym na celom svete.<\/p>\n<\/td>\n<td valign=\"top\">\u00a0<img decoding=\"async\" class=\" size-full wp-image-2878\" src=\"https:\/\/new.slovozivota.sk\/wp-content\/uploads\/2013\/07\/Stephen_Sumrall.jpg\" border=\"0\" alt=\"\" width=\"450\" height=\"250\" srcset=\"https:\/\/www.slovozivota.sk\/wp-content\/uploads\/2013\/07\/Stephen_Sumrall.jpg 450w, https:\/\/www.slovozivota.sk\/wp-content\/uploads\/2013\/07\/Stephen_Sumrall-300x167.jpg 300w, https:\/\/www.slovozivota.sk\/wp-content\/uploads\/2013\/07\/Stephen_Sumrall-390x217.jpg 390w\" sizes=\"(max-width: 767px) 100vw, 450px\" \/><\/td>\n<\/tr>\n<tr>\n<td valign=\"top\">\n<h2>BRENTON BROWN<\/h2>\n<p>Brenton Brown je p\u00f4vodom z Ju\u017enej Afriky, ale moment\u00e1lne \u017eije v USA. Nap\u00edsal mno\u017estvo dobre zn\u00e1mych a ve\u013emi ob\u013e\u00faben\u00fdch chv\u00e1lospevov, ako s\u00fa \u201cLord reign in me\u201d a \u201cAll who are thirsty\u201d. Podie\u013ea sa na rozvoji hudobnej slu\u017eby v zbore Vineyard (Vinica) v Anglicku a tie\u017e vydal nieko\u013eko dobre prijat\u00fdch worship CD-\u010diek.<\/p>\n<\/td>\n<td valign=\"top\">\u00a0<img decoding=\"async\" class=\" size-full wp-image-2879\" src=\"https:\/\/new.slovozivota.sk\/wp-content\/uploads\/2013\/07\/Brenton_Brown.jpg\" border=\"0\" alt=\"\" width=\"450\" height=\"250\" srcset=\"https:\/\/www.slovozivota.sk\/wp-content\/uploads\/2013\/07\/Brenton_Brown.jpg 450w, https:\/\/www.slovozivota.sk\/wp-content\/uploads\/2013\/07\/Brenton_Brown-300x167.jpg 300w, https:\/\/www.slovozivota.sk\/wp-content\/uploads\/2013\/07\/Brenton_Brown-390x217.jpg 390w\" sizes=\"(max-width: 767px) 100vw, 450px\" \/><\/td>\n<\/tr>\n<\/tbody>\n<\/table>\n<p>\u00a0<\/p>\n","protected":false},"excerpt":{"rendered":"<p>\u00a0 Je pre n\u00e1s ve\u013ek\u00fdm pote\u0161en\u00edm pozva\u0165 v\u00e1s na na\u0161u ve\u013ek\u00fa udalos\u0165 roka, Eur\u00f3psku Konferenciu 2013. \u00a0 21. &#8211; 28. j\u00fala 2013 \u0160v\u00e9dsko, Uppsala Re\u010dn\u00edci \/ umelci: Ulf Ekman, Dr. [&hellip;]<\/p>\n","protected":false},"author":1,"featured_media":2864,"comment_status":"open","ping_status":"open","sticky":false,"template":"","format":"standard","meta":{"episode_type":"","audio_file":"","cover_image":"","cover_image_id":"","duration":"","filesize":"","date_recorded":"","explicit":"","block":"","filesize_raw":"","footnotes":""},"categories":[50],"tags":[],"series":[],"class_list":["post-2880","post","type-post","status-publish","format-standard","has-post-thumbnail","hentry","category-uncategorised"],"episode_featured_image":"https:\/\/www.slovozivota.sk\/wp-content\/uploads\/2013\/07\/Ulf_Ekman.jpg","episode_player_image":"https:\/\/www.slovozivota.sk\/wp-content\/uploads\/2019\/10\/PodcastSZ-1.jpg","download_link":"","player_link":"","audio_player":false,"episode_data":{"playerMode":"dark","subscribeUrls":[],"rssFeedUrl":"https:\/\/www.slovozivota.sk\/en\/feed\/podcast\/slovo-zivota","embedCode":"<blockquote class=\"wp-embedded-content\" data-secret=\"uaRSLOUZVW\"><a href=\"https:\/\/www.slovozivota.sk\/en\/2013\/07\/europska-konferencia-2013\/\">Eur\u00f3pska Konferencia 2013<\/a><\/blockquote><iframe sandbox=\"allow-scripts\" security=\"restricted\" src=\"https:\/\/www.slovozivota.sk\/en\/2013\/07\/europska-konferencia-2013\/embed\/#?secret=uaRSLOUZVW\" width=\"500\" height=\"350\" title=\"&#8220;Eur\u00f3pska Konferencia 2013&#8221; &#8212; Slovo \u017eivota\" data-secret=\"uaRSLOUZVW\" frameborder=\"0\" marginwidth=\"0\" marginheight=\"0\" scrolling=\"no\" class=\"wp-embedded-content\"><\/iframe><script type=\"text\/javascript\">\n\/* <![CDATA[ *\/\n\/*! This file is auto-generated *\/\n!function(d,l){\"use strict\";l.querySelector&&d.addEventListener&&\"undefined\"!=typeof URL&&(d.wp=d.wp||{},d.wp.receiveEmbedMessage||(d.wp.receiveEmbedMessage=function(e){var t=e.data;if((t||t.secret||t.message||t.value)&&!\/[^a-zA-Z0-9]\/.test(t.secret)){for(var s,r,n,a=l.querySelectorAll('iframe[data-secret=\"'+t.secret+'\"]'),o=l.querySelectorAll('blockquote[data-secret=\"'+t.secret+'\"]'),c=new RegExp(\"^https?:$\",\"i\"),i=0;i<o.length;i++)o[i].style.display=\"none\";for(i=0;i<a.length;i++)s=a[i],e.source===s.contentWindow&&(s.removeAttribute(\"style\"),\"height\"===t.message?(1e3<(r=parseInt(t.value,10))?r=1e3:~~r<200&&(r=200),s.height=r):\"link\"===t.message&&(r=new URL(s.getAttribute(\"src\")),n=new URL(t.value),c.test(n.protocol))&&n.host===r.host&&l.activeElement===s&&(d.top.location.href=t.value))}},d.addEventListener(\"message\",d.wp.receiveEmbedMessage,!1),l.addEventListener(\"DOMContentLoaded\",function(){for(var e,t,s=l.querySelectorAll(\"iframe.wp-embedded-content\"),r=0;r<s.length;r++)(t=(e=s[r]).getAttribute(\"data-secret\"))||(t=Math.random().toString(36).substring(2,12),e.src+=\"#?secret=\"+t,e.setAttribute(\"data-secret\",t)),e.contentWindow.postMessage({message:\"ready\",secret:t},\"*\")},!1)))}(window,document);\n\/* ]]> *\/\n<\/script>\n"},"_links":{"self":[{"href":"https:\/\/www.slovozivota.sk\/en\/wp-json\/wp\/v2\/posts\/2880","targetHints":{"allow":["GET"]}}],"collection":[{"href":"https:\/\/www.slovozivota.sk\/en\/wp-json\/wp\/v2\/posts"}],"about":[{"href":"https:\/\/www.slovozivota.sk\/en\/wp-json\/wp\/v2\/types\/post"}],"author":[{"embeddable":true,"href":"https:\/\/www.slovozivota.sk\/en\/wp-json\/wp\/v2\/users\/1"}],"replies":[{"embeddable":true,"href":"https:\/\/www.slovozivota.sk\/en\/wp-json\/wp\/v2\/comments?post=2880"}],"version-history":[{"count":0,"href":"https:\/\/www.slovozivota.sk\/en\/wp-json\/wp\/v2\/posts\/2880\/revisions"}],"wp:featuredmedia":[{"embeddable":true,"href":"https:\/\/www.slovozivota.sk\/en\/wp-json\/wp\/v2\/media\/2864"}],"wp:attachment":[{"href":"https:\/\/www.slovozivota.sk\/en\/wp-json\/wp\/v2\/media?parent=2880"}],"wp:term":[{"taxonomy":"category","embeddable":true,"href":"https:\/\/www.slovozivota.sk\/en\/wp-json\/wp\/v2\/categories?post=2880"},{"taxonomy":"post_tag","embeddable":true,"href":"https:\/\/www.slovozivota.sk\/en\/wp-json\/wp\/v2\/tags?post=2880"},{"taxonomy":"series","embeddable":true,"href":"https:\/\/www.slovozivota.sk\/en\/wp-json\/wp\/v2\/series?post=2880"}],"curies":[{"name":"wp","href":"https:\/\/api.w.org\/{rel}","templated":true}]}}