{"id":3054,"date":"2014-03-19T10:21:18","date_gmt":"2014-03-19T09:21:18","guid":{"rendered":"https:\/\/new.slovozivota.sk\/2014\/03\/ulf-ekman-katolikom-vyhlasenie-zborov-slova-zivota-v-cr-a-sr\/"},"modified":"2019-08-26T12:21:26","modified_gmt":"2019-08-26T10:21:26","slug":"ulf-ekman-katolikom-vyhlasenie-zborov-slova-zivota-v-cr-a-sr","status":"publish","type":"post","link":"https:\/\/www.slovozivota.sk\/en\/2014\/03\/ulf-ekman-katolikom-vyhlasenie-zborov-slova-zivota-v-cr-a-sr\/","title":{"rendered":"Ulf Ekman katol\u00edkom \u2013 vyhl\u00e1senie zborov Slova \u017eivota v \u010cR a SR"},"content":{"rendered":"<p class=\"MsoNormal\" style=\"margin-top: 6.0pt;\"><img decoding=\"async\" class=\" alignright size-full wp-image-3053\" src=\"https:\/\/new.slovozivota.sk\/wp-content\/uploads\/2014\/03\/efez_kongres.jpg\" border=\"0\" alt=\"\" align=\"right\" width=\"400\" height=\"266\" srcset=\"https:\/\/www.slovozivota.sk\/wp-content\/uploads\/2014\/03\/efez_kongres.jpg 400w, https:\/\/www.slovozivota.sk\/wp-content\/uploads\/2014\/03\/efez_kongres-300x200.jpg 300w, https:\/\/www.slovozivota.sk\/wp-content\/uploads\/2014\/03\/efez_kongres-390x259.jpg 390w\" sizes=\"(max-width: 767px) 100vw, 400px\" \/>Dovo\u013ete n\u00e1m, aby sme sa ako cirkvi Slova \u017eivota v\u00a0\u010cech\u00e1ch a\u00a0na Slovensku vyjadrili k\u00a0rozhodnutiu Ulfa Ekmana pripoji\u0165 sa k\u00a0r\u00edmskokatol\u00edckej cirkvi (RKC). Toto ozn\u00e1menie mnoh\u00fdch \u0161okovalo, vr\u00e1tane n\u00e1s. Aj ke\u010f sme si Ulfa Ekmana v\u017edy v\u00e1\u017eili a\u00a0re\u0161pektovali ako kres\u0165ansk\u00e9ho l\u00eddra, na\u0161ou najvy\u0161\u0161ou autoritou ost\u00e1va Sv\u00e4t\u00e9 P\u00edsmo \u2212 Bo\u017eie slovo, a\u00a0preto s\u00a0jeho rozhodnut\u00edm nem\u00f4\u017eeme s\u00fahlasi\u0165. Pova\u017eujeme za potrebn\u00e9 zauja\u0165 k\u00a0tomuto kroku jasn\u00e9 stanovisko aj preto, lebo \u017eijeme v\u00a0krajin\u00e1ch, kde sa mnoho \u013eud\u00ed hl\u00e1si k\u00a0RKC. Napriek tomu, \u017ee v\u00a0katol\u00edckej cirkvi s\u00fa tie\u017e \u00faprimn\u00ed kres\u0165ania a\u00a0zhodujeme sa v Apo\u0161tolskom vyznan\u00ed viery, m\u00e1me\u00a0rovnak\u00e9 u\u010denie o\u00a0Trojici, Kristol\u00f3gii a\u00a0niektor\u00e9 \u010fal\u0161ie n\u00e1uky, predsa existuj\u00fa doktr\u00edny, s\u00a0ktor\u00fdmi sa jednozna\u010dne nedok\u00e1\u017eeme stoto\u017eni\u0165. Ver\u00edme v\u00a0potrebu znovuzrodenia prostredn\u00edctvom pok\u00e1nia, viery v\u00a0evanjelium a\u00a0osobn\u00e9ho obr\u00e1tenia sa ku Kristovi. Ver\u00edme, \u017ee Je\u017ei\u0161 u\u010d\u00ed len o dvoch cest\u00e1ch, \u0161irokej, ktor\u00e1 vedie do zahynutia, a\u00a0\u00fazkej, ktor\u00e1 vedie do ve\u010dn\u00e9ho \u017eivota, \u017ee Je\u017ei\u0161 Kristus je jedin\u00fdm prostredn\u00edkom medzi Bohom a\u00a0\u013eu\u010fmi a\u00a0\u017ee na\u0161e modlitby maj\u00fa smerova\u0165 iba k\u00a0Bohu. Ver\u00edme, \u017ee cirkev nestoj\u00ed na Petrovi, ale na Je\u017ei\u0161ovi Kristovi a na zjaven\u00ed, \u017ee je Bo\u017e\u00edm Synom. Ver\u00edme, \u017ee Je\u017ei\u0161 ustanovil dve sviatosti (ako vonkaj\u0161\u00ed prejav vn\u00fatornej zbo\u017enosti), a\u00a0to vodn\u00fd krst, ktor\u00fd je verejn\u00fdm potvrden\u00edm osobnej viery \u010dloveka, a\u00a0Ve\u010deru P\u00e1novu, v\u00a0ktorej si pripom\u00edname Je\u017ei\u0161ovu smr\u0165 a\u00a0zm\u0155tvychvstanie a\u00a0ver\u00edme, \u017ee je pr\u00edtomn\u00fd, no znova sa neobetuje.<\/p>\n<p class=\"MsoNormal\" style=\"margin-top: 6.0pt; text-indent: 36.0pt;\">Cirkev Slovo \u017eivota v\u00a0\u010cech\u00e1ch a na Slovensku na\u010falej ost\u00e1va evanjelik\u00e1lnou a\u00a0charizmatickou cirkvou, rovnako to deklaroval aj zbor Slovo \u017eivota v\u00a0Uppsale so v\u0161etk\u00fdmi svojimi l\u00eddrami. Napriek tomu, \u017ee Ulf Ekman je zakladate\u013eom hnutia Slova \u017eivota a\u00a0\u017ee oce\u0148ujeme skvel\u00fa pr\u00e1cu, ktor\u00fa na Bo\u017eom diele za posledn\u00fdch 30 rokov konal, v\u00a0tomto momente sa jeho cesta a\u00a0cesta zborov Slova \u017eivota rozch\u00e1dzaj\u00fa.<\/p>\n<p class=\"MsoNormal\" style=\"margin-top: 6.0pt; text-indent: 36.0pt;\">Ulf Ekman v\u00a0j\u00fani 2013 odovzdal slu\u017ebu hlavn\u00e9ho pastora Slova \u017eivota v\u00a0Uppsale Joakimovi Lundqvistovi a\u00a0nesk\u00f4r aj medzin\u00e1rodn\u00fa pr\u00e1cu Christianovi \u00c5kerhielmovi. Rezignoval na v\u0161etky funkcie ako v\u00a0uppsalskej cirkvi, tak aj v\u00a0medzin\u00e1rodnej pr\u00e1ci Slova \u017eivota a\u00a0vo febru\u00e1ri 2014 odi\u0161iel do d\u00f4chodku. Svoje rozhodnutie pripoji\u0165 sa k\u00a0RKC, ktor\u00e9 ofici\u00e1lne ozn\u00e1mil v\u00a0Uppsale 9. 3. 2014, nazval svojou \u201eosobnou cestou\u201c. Sme si vedom\u00ed toho, \u017ee pre mnoh\u00fdch je ne\u013eahk\u00e9 vyrovna\u0165 sa s\u00a0touto situ\u00e1ciou, no Bo\u017eie dielo nestoj\u00ed na \u010dloveku. Ver\u00edme, \u017ee ak je pr\u00e1ca postaven\u00e1 na zdravom z\u00e1klade Bo\u017eieho slova a\u00a0v\u00edzie, ktor\u00fa n\u00e1m zveril, obstoj\u00ed.<\/p>\n<p class=\"MsoNormal\" style=\"margin-top: 6.0pt;\">\u00a0\u00a0\u00a0\u00a0\u00a0\u00a0\u00a0\u00a0\u00a0\u00a0\u00a0 V\u00a0d\u0148och 13. \u2013 16. 3. 2014 sa v\u00a0uskuto\u010dnil II. medzin\u00e1rodn\u00fd kongres Slova \u017eivota <em>Word of Life International<\/em> (WOLI), ktor\u00e9ho sa z\u00fa\u010dastnilo 440 pastorov a\u00a0l\u00eddrov z\u00a0viac ako 30. kraj\u00edn sveta. Zakladate\u013e hnutia Ulf Ekman na otv\u00e1racom stretnut\u00ed ofici\u00e1lne potvrdil svoj krok pripoji\u0165 sa k r\u00edmskokatol\u00edckej cirkvi. Kongres prijal jednomyse\u013en\u00e9 rozhodnutie pokra\u010dova\u0165 vo v\u00edzii Slova \u017eivota v\u00a0r\u00e1mci evanjelik\u00e1lno-charizmatick\u00e9ho u\u010denia. Prezidentom WOLI sa stal Christian \u00c5kerhielm a\u00a0do spr\u00e1vnej rady boli zvolen\u00ed Carl Gustaf Severin a\u00a0ved\u00faci misijn\u00fdch centier Slova \u017eivota.<\/p>\n<p class=\"MsoNormal\" style=\"margin-top: 6.0pt; text-indent: 36.0pt;\">Chceme na\u010falej pracova\u0165 na budovan\u00ed Bo\u017eieho diela v\u00a0\u010cech\u00e1ch a na Slovensku v\u00a0s\u00falade s v\u00edziou, ktor\u00fa n\u00e1m Boh zveril: \u201eVybavte Bo\u017e\u00ed \u013eud Slovom viery, uk\u00e1\u017ete mu duchovn\u00e9 zbrane, ktor\u00e9 m\u00e1, nau\u010dte ho, ako ich pou\u017e\u00edva\u0165 a\u00a0vy\u0161lite ho do v\u00ed\u0165azn\u00e9ho boja pre P\u00e1na.\u201c Identita Slova \u017eivota ost\u00e1va nezmenen\u00e1: K\u00e1za\u0165 evanjelium straten\u00fdm, u\u010di\u0165 Slovo viery, rozv\u00edja\u0165 \u017eivot Ducha, misia a\u00a0\u00fasilie o\u00a0jednotu, ktor\u00e1 je v\u0161ak zalo\u017een\u00e1 na z\u00e1kladn\u00fdch pravd\u00e1ch Bo\u017eieho slova. Ver\u00edme, \u017ee pr\u00e1ca Slova \u017eivota m\u00e1 nov\u00fa bud\u00facnos\u0165 a\u00a0\u017ee Boh si po celom svete pozdvihne \u010fal\u0161\u00edch pracovn\u00edkov v\u00a0\u017eatve posledn\u00fdch \u010dias.<\/p>\n<p class=\"MsoNormal\" style=\"text-indent: 36.0pt;\">\u00a0<\/p>\n<p><em>Za zbory Slova \u017eivota v\u00a0\u010cech\u00e1ch: Michal Van\u011bk, senior pastor Slova \u017eivota \u010cR<br \/>Za zbory Slova \u017eivota na Slovensku: Peter \u010cu\u0159\u00edk, senior pastor Slova \u017eivota Bratislava<br \/>Mgr. Th. Pavel Hoffman, Teologick\u00fd semin\u00e1r Slovo \u017eivota, Uppsala<\/em><\/p>\n<p><em><br \/><\/em><\/p>\n<p><a href=\"https:\/\/new.slovozivota.sk\/2014\/03\/ulf-ekman-katolikom-vyhlasenie-zborov-slova-zivota-v-cr-a-sr\/\">English version<\/a><em><\/em><\/p>\n<p><em><br \/><\/em><\/p>\n","protected":false},"excerpt":{"rendered":"<p>Dovo\u013ete n\u00e1m, aby sme sa ako cirkvi Slova \u017eivota v\u00a0\u010cech\u00e1ch a\u00a0na Slovensku vyjadrili k\u00a0rozhodnutiu Ulfa Ekmana pripoji\u0165 sa k\u00a0r\u00edmskokatol\u00edckej cirkvi (RKC). Toto ozn\u00e1menie mnoh\u00fdch \u0161okovalo, vr\u00e1tane n\u00e1s. Aj ke\u010f sme [&hellip;]<\/p>\n","protected":false},"author":1,"featured_media":3053,"comment_status":"open","ping_status":"open","sticky":false,"template":"","format":"standard","meta":{"episode_type":"","audio_file":"","cover_image":"","cover_image_id":"","duration":"","filesize":"","date_recorded":"","explicit":"","block":"","filesize_raw":"","footnotes":""},"categories":[72],"tags":[],"series":[],"class_list":["post-3054","post","type-post","status-publish","format-standard","has-post-thumbnail","hentry","category-aktuality"],"episode_featured_image":"https:\/\/www.slovozivota.sk\/wp-content\/uploads\/2014\/03\/efez_kongres.jpg","episode_player_image":"https:\/\/www.slovozivota.sk\/wp-content\/uploads\/2019\/10\/PodcastSZ-1.jpg","download_link":"","player_link":"","audio_player":false,"episode_data":{"playerMode":"dark","subscribeUrls":[],"rssFeedUrl":"https:\/\/www.slovozivota.sk\/en\/feed\/podcast\/slovo-zivota","embedCode":"<blockquote class=\"wp-embedded-content\" data-secret=\"OieK2hF5oo\"><a href=\"https:\/\/www.slovozivota.sk\/en\/2014\/03\/ulf-ekman-katolikom-vyhlasenie-zborov-slova-zivota-v-cr-a-sr\/\">Ulf Ekman katol\u00edkom \u2013 vyhl\u00e1senie zborov Slova \u017eivota v \u010cR a SR<\/a><\/blockquote><iframe sandbox=\"allow-scripts\" security=\"restricted\" src=\"https:\/\/www.slovozivota.sk\/en\/2014\/03\/ulf-ekman-katolikom-vyhlasenie-zborov-slova-zivota-v-cr-a-sr\/embed\/#?secret=OieK2hF5oo\" width=\"500\" height=\"350\" title=\"&#8220;Ulf Ekman katol\u00edkom \u2013 vyhl\u00e1senie zborov Slova \u017eivota v \u010cR a SR&#8221; &#8212; Slovo \u017eivota\" data-secret=\"OieK2hF5oo\" frameborder=\"0\" marginwidth=\"0\" marginheight=\"0\" scrolling=\"no\" class=\"wp-embedded-content\"><\/iframe><script type=\"text\/javascript\">\n\/* <![CDATA[ *\/\n\/*! This file is auto-generated *\/\n!function(d,l){\"use strict\";l.querySelector&&d.addEventListener&&\"undefined\"!=typeof URL&&(d.wp=d.wp||{},d.wp.receiveEmbedMessage||(d.wp.receiveEmbedMessage=function(e){var t=e.data;if((t||t.secret||t.message||t.value)&&!\/[^a-zA-Z0-9]\/.test(t.secret)){for(var s,r,n,a=l.querySelectorAll('iframe[data-secret=\"'+t.secret+'\"]'),o=l.querySelectorAll('blockquote[data-secret=\"'+t.secret+'\"]'),c=new RegExp(\"^https?:$\",\"i\"),i=0;i<o.length;i++)o[i].style.display=\"none\";for(i=0;i<a.length;i++)s=a[i],e.source===s.contentWindow&&(s.removeAttribute(\"style\"),\"height\"===t.message?(1e3<(r=parseInt(t.value,10))?r=1e3:~~r<200&&(r=200),s.height=r):\"link\"===t.message&&(r=new URL(s.getAttribute(\"src\")),n=new URL(t.value),c.test(n.protocol))&&n.host===r.host&&l.activeElement===s&&(d.top.location.href=t.value))}},d.addEventListener(\"message\",d.wp.receiveEmbedMessage,!1),l.addEventListener(\"DOMContentLoaded\",function(){for(var e,t,s=l.querySelectorAll(\"iframe.wp-embedded-content\"),r=0;r<s.length;r++)(t=(e=s[r]).getAttribute(\"data-secret\"))||(t=Math.random().toString(36).substring(2,12),e.src+=\"#?secret=\"+t,e.setAttribute(\"data-secret\",t)),e.contentWindow.postMessage({message:\"ready\",secret:t},\"*\")},!1)))}(window,document);\n\/* ]]> *\/\n<\/script>\n"},"_links":{"self":[{"href":"https:\/\/www.slovozivota.sk\/en\/wp-json\/wp\/v2\/posts\/3054","targetHints":{"allow":["GET"]}}],"collection":[{"href":"https:\/\/www.slovozivota.sk\/en\/wp-json\/wp\/v2\/posts"}],"about":[{"href":"https:\/\/www.slovozivota.sk\/en\/wp-json\/wp\/v2\/types\/post"}],"author":[{"embeddable":true,"href":"https:\/\/www.slovozivota.sk\/en\/wp-json\/wp\/v2\/users\/1"}],"replies":[{"embeddable":true,"href":"https:\/\/www.slovozivota.sk\/en\/wp-json\/wp\/v2\/comments?post=3054"}],"version-history":[{"count":0,"href":"https:\/\/www.slovozivota.sk\/en\/wp-json\/wp\/v2\/posts\/3054\/revisions"}],"wp:featuredmedia":[{"embeddable":true,"href":"https:\/\/www.slovozivota.sk\/en\/wp-json\/wp\/v2\/media\/3053"}],"wp:attachment":[{"href":"https:\/\/www.slovozivota.sk\/en\/wp-json\/wp\/v2\/media?parent=3054"}],"wp:term":[{"taxonomy":"category","embeddable":true,"href":"https:\/\/www.slovozivota.sk\/en\/wp-json\/wp\/v2\/categories?post=3054"},{"taxonomy":"post_tag","embeddable":true,"href":"https:\/\/www.slovozivota.sk\/en\/wp-json\/wp\/v2\/tags?post=3054"},{"taxonomy":"series","embeddable":true,"href":"https:\/\/www.slovozivota.sk\/en\/wp-json\/wp\/v2\/series?post=3054"}],"curies":[{"name":"wp","href":"https:\/\/api.w.org\/{rel}","templated":true}]}}