{"id":3176,"date":"2015-04-15T15:44:00","date_gmt":"2015-04-15T13:44:00","guid":{"rendered":"https:\/\/new.slovozivota.sk\/2015\/04\/konferencia-viery-2015\/"},"modified":"2015-04-15T15:44:00","modified_gmt":"2015-04-15T13:44:00","slug":"konferencia-viery-2015","status":"publish","type":"post","link":"https:\/\/www.slovozivota.sk\/en\/2015\/04\/konferencia-viery-2015\/","title":{"rendered":"Konferencia viery 2015"},"content":{"rendered":"<p><img decoding=\"async\" class=\" alignleft size-full wp-image-3168\" src=\"https:\/\/new.slovozivota.sk\/wp-content\/uploads\/2015\/04\/video_bevere.PNG\" border=\"0\" alt=\"\" width=\"1\" height=\"1\" align=\"left\" srcset=\"https:\/\/www.slovozivota.sk\/wp-content\/uploads\/2015\/04\/video_bevere.PNG 452w, https:\/\/www.slovozivota.sk\/wp-content\/uploads\/2015\/04\/video_bevere-300x300.png 300w, https:\/\/www.slovozivota.sk\/wp-content\/uploads\/2015\/04\/video_bevere-150x150.png 150w, https:\/\/www.slovozivota.sk\/wp-content\/uploads\/2015\/04\/video_bevere-390x300.png 390w, https:\/\/www.slovozivota.sk\/wp-content\/uploads\/2015\/04\/video_bevere-370x300.png 370w, https:\/\/www.slovozivota.sk\/wp-content\/uploads\/2015\/04\/video_bevere-75x75.png 75w, https:\/\/www.slovozivota.sk\/wp-content\/uploads\/2015\/04\/video_bevere-45x45.png 45w\" sizes=\"(max-width: 1px) 100vw, 1px\" \/><br \/><img decoding=\"async\" class=\" size-full wp-image-3169\" src=\"https:\/\/new.slovozivota.sk\/wp-content\/uploads\/2015\/04\/banner_KV2015.jpg\" border=\"0\" alt=\"Konferencia viery, 2. - 3. m\u00e1ja 2015, Aegon ar\u00e9na\" width=\"917\" height=\"336\" srcset=\"https:\/\/www.slovozivota.sk\/wp-content\/uploads\/2015\/04\/banner_KV2015.jpg 938w, https:\/\/www.slovozivota.sk\/wp-content\/uploads\/2015\/04\/banner_KV2015-300x110.jpg 300w, https:\/\/www.slovozivota.sk\/wp-content\/uploads\/2015\/04\/banner_KV2015-768x281.jpg 768w, https:\/\/www.slovozivota.sk\/wp-content\/uploads\/2015\/04\/banner_KV2015-600x219.jpg 600w, https:\/\/www.slovozivota.sk\/wp-content\/uploads\/2015\/04\/banner_KV2015-870x318.jpg 870w, https:\/\/www.slovozivota.sk\/wp-content\/uploads\/2015\/04\/banner_KV2015-390x143.jpg 390w\" sizes=\"(max-width: 917px) 100vw, 917px\" \/><\/p>\n<p><a href=\"index.php\/en\/aktivity-zboru\/konferencie\"><img decoding=\"async\" class=\" size-full wp-image-3170\" src=\"https:\/\/new.slovozivota.sk\/wp-content\/uploads\/2015\/04\/en.gif\" border=\"0\" alt=\"\" width=\"18\" height=\"12\" \/><\/a> <a href=\"https:\/\/new.slovozivota.sk\/wp-content\/uploads\/2015\/04\/Conference_Bevere_letter_HU_2015.pdf\" target=\"_blank\" rel=\"noopener noreferrer\"><img decoding=\"async\" class=\" size-full wp-image-3172\" src=\"https:\/\/new.slovozivota.sk\/wp-content\/uploads\/2015\/04\/hu.gif\" border=\"0\" alt=\"\" width=\"18\" height=\"12\" \/><\/a><\/p>\n<p>\u00a0<\/p>\n<table width=\"100%\">\n<tbody>\n<tr>\n<td style=\"vertical-align: top;\">\n<p>Srde\u010dne v\u00e1s poz\u00fdvame na Konferenciu viery 2015, ktor\u00e1 bude z\u00e1rove\u0148 ohliadnut\u00edm sa za 20-timi rokmi Bo\u017eej vernosti v pr\u00e1ci Slova \u017eivota na Slovensku. Je pre n\u00e1s skuto\u010dn\u00fdm privil\u00e9giom, \u017ee priv\u00edtame tak\u00e9ho vz\u00e1cneho hos\u0165a, ak\u00fdm je John Bevere z USA, ktor\u00e9ho knihy si po celom svete z\u00edskali srdcia desiatok tis\u00edcov \u010ditate\u013eov. Poz\u00fdvame aj \u010fal\u0161\u00edch re\u010dn\u00edkov a hudobn\u00fdch host\u00ed, ver\u00edme, \u017ee spolo\u010dne pre\u017eijeme Bo\u017eie nav\u0161t\u00edvenie a \u017ee konferencia sa stane d\u00f4le\u017eit\u00fdm duchovn\u00fdm medzn\u00edkom pre v\u00e1\u0161 \u017eivot i slu\u017ebu. Konferencia sa organizuje v spolupr\u00e1ci s mnoh\u00fdmi zbormi v Bratislave a o\u010dak\u00e1vame tis\u00edcky \u00fa\u010dastn\u00edkov. Bude \u00fa\u017easn\u00e9, ak budete medzi nimi.<\/p>\n<p style=\"text-align: right;\">pastor Peter \u010cu\u0159\u00edk<\/p>\n<p style=\"text-align: right;\">\u00a0<\/p>\n<h3>D\u00e1tum a miesto:<\/h3>\n<p>2. &#8211; 3. m\u00e1ja 2015<\/p>\n<p>NTC \/ Aegon ar\u00e9na, Pr\u00edkopova 6, Bratislava, Slovensko<\/p>\n<p>\u00a0<\/p>\n<h3>Vstupn\u00e9:<\/h3>\n<p>Vstup je vo\u013en\u00fd, bez registr\u00e1cie. Na ka\u017edom zhroma\u017eden\u00ed bud\u00fa dobrovo\u013en\u00e9 zbierky.<\/p>\n<p>\u00a0<\/p>\n<h3>Predbe\u017en\u00fd program:<\/h3>\n<p>Sobota, 2. m\u00e1ja 2015<\/p>\n<ul>\n<li>14:30 &#8211; John Bevere (US)<\/li>\n<li>17:00 &#8211; Peter \u010cu\u0159\u00edk (SK), Christian \u00c5kerhielm (SE)<\/li>\n<li>19:30 &#8211; John Bevere (US)<\/li>\n<\/ul>\n<p>Nede\u013ea, 3. m\u00e1ja 2015<\/p>\n<ul>\n<li>10:00 &#8211; John Bevere (US)<\/li>\n<li>17:00 &#8211; worship \/ koncert Tret\u00ed de\u0148, Joakim Lundqvist (SE)<\/li>\n<\/ul>\n<p>\u00a0<\/p>\n<\/td>\n<td style=\"vertical-align: top; text-align: right;\">\n<p>{youtube}svKivi0HnJM{\/youtube}<\/p>\n<p>{mp4}konferencia_viery_2015{\/mp4}<\/p>\n<\/td>\n<\/tr>\n<\/tbody>\n<\/table>\n<table>\n<tbody>\n<tr>\n<td><img decoding=\"async\" class=\" size-full wp-image-3173\" src=\"https:\/\/new.slovozivota.sk\/wp-content\/uploads\/2015\/04\/John-Bevere_2014_small.jpg\" border=\"0\" alt=\"\" width=\"200\" height=\"250\" \/><\/td>\n<td>\n<p><strong>John Bevere<\/strong> spolu s man\u017eelkou Lisou ved\u00fa organiz\u00e1ciu Messenger International, ktorej cie\u013eom je &#8220;u\u010di\u0165, pom\u00e1ha\u0165 a zachra\u0148ova\u0165&#8221;.<\/p>\n<p>John Bevere je svetozn\u00e1mym kazate\u013eom Bo\u017eieho slova, ktor\u00e9ho knihy a materi\u00e1ly pre ved\u00facich boli prelo\u017een\u00e9 a\u017e do 70 jazykov. Na Slovensku sa bestsellermi stali jeho tituly Satanova n\u00e1vnada, Bli\u017e\u0161ie k Bohu, Srdce v ohni, V\u00ed\u0165azstvo nad strachom a Pod Bo\u017eou ochranou.<\/p>\n<p>John a Lisa maj\u00fa \u0161tyroch synov a tri vn\u00fa\u010dat\u00e1. Johnovu slu\u017ebu m\u00f4\u017eete sledova\u0165 aj na twitteri (@johnbevere).<\/p>\n<\/td>\n<\/tr>\n<tr>\n<td><img decoding=\"async\" class=\" size-full wp-image-3174\" src=\"https:\/\/new.slovozivota.sk\/wp-content\/uploads\/2015\/04\/Christian_Akerhielm_small.jpg\" border=\"0\" alt=\"\" width=\"200\" height=\"250\" \/><\/td>\n<td>\n<p class=\"MsoNormal\"><strong>Christian \u00c5kerhielm<\/strong> je ved\u00facim misijn\u00e9ho oddelenia Slova \u017eivota vo \u0160v\u00e9dsku. Je mision\u00e1rom telom i\u00a0du\u0161ou. V\u00a090-tych rokoch p\u00f4sobil v\u00a0Moskve, kde st\u00e1l pri zrode cirkvi Slovo \u017eivota, ktor\u00e1 je dnes tamoj\u0161\u00edm najv\u00e4\u010d\u0161\u00edm evanjelik\u00e1lnym zborom, a\u00a0nesk\u00f4r aj v \u010c\u00edne, Afganistane \u010di Indii. Intenz\u00edvne cestuje po celom svete a\u00a0koordinuje misijn\u00fa pr\u00e1cu aj v\u00a0krajin\u00e1ch, kde je \u0161\u00edrenie Bo\u017eieho slova zak\u00e1zan\u00e9.<\/p>\n<p class=\"MsoNormal\">\u00a0<\/p>\n<\/td>\n<\/tr>\n<tr>\n<td><img decoding=\"async\" class=\" size-full wp-image-3175\" src=\"https:\/\/new.slovozivota.sk\/wp-content\/uploads\/2015\/04\/JOAKIM_LUNDQVIST_small.jpg\" border=\"0\" alt=\"\" width=\"200\" height=\"250\" \/><\/td>\n<td>\n<p class=\"MsoNormal\"><strong>Joakim Lundquist<\/strong> je od roku 2013 hlavn\u00fdm pastorom cirkvi Slovo \u017eivota v\u00a0Uppsale. V\u00a0roku 1996 zalo\u017eil organiz\u00e1ciu <em>Youth Generation<\/em>, ktor\u00e1 priniesla duchovn\u00e9 prebudenie medzi \u0161tudentov z\u00e1kladn\u00fdch a\u00a0stredn\u00fdch \u0161k\u00f4l v celej \u0160kandin\u00e1vii. Joakim je vynikaj\u00facim kazate\u013eom Bo\u017eieho slova a\u00a0\u017eiadan\u00fdm konferen\u010dn\u00fdm re\u010dn\u00edkom. Spolu s\u00a0man\u017eelkou Mariou, ktor\u00e1 sl\u00fa\u017ei ako ved\u00faca chv\u00e1liaceho t\u00edmu, maj\u00fa dve dospel\u00e9 dc\u00e9ry.<\/p>\n<\/td>\n<\/tr>\n<\/tbody>\n<\/table>\n<p>\u00a0<\/p>\n<p><strong>\u00da\u010dinkuj\u00face kapely:<\/strong><\/p>\n<ul>\n<li>Tret\u00ed de\u0148<\/li>\n<li>BCC worship<\/li>\n<li>Slovo \u017eivota<\/li>\n<\/ul>\n<p>\u00a0<\/p>\n<h3>Detsk\u00fd program:<\/h3>\n<p>Po\u010das konferencie bude paralelne prebieha\u0165 aj program pre deti.<\/p>\n<p><a href=\"https:\/\/docs.google.com\/forms\/d\/1xaeLvdgkmydeAnPGQF41zZ0v2IFPxAul3b3c0RwNSBk\/viewform\" target=\"_blank\" rel=\"noopener noreferrer\">Bli\u017e\u0161ie inform\u00e1cie o detskom programe a registr\u00e1cia.<\/a><\/p>\n<p>\u00a0<\/p>\n<h3>Ubytovanie:<\/h3>\n<p>V pr\u00edpade, \u017ee potrebujete ubytovanie po\u010das konferencie, tu je nieko\u013eko mo\u017enost\u00ed, kde si sami m\u00f4\u017eete vybavi\u0165 rezerv\u00e1ciu<strong>:<\/strong><\/p>\n<ul>\n<li>Hotel Set &#8211; pekn\u00e9, \u010dist\u00e9 ubytovanie priamo na mieste konferencie, kontakt <a href=\"http:\/\/www.hotelset.sk\" target=\"_blank\" rel=\"noopener noreferrer\">www.hotelset.sk<\/a> tel. <img decoding=\"async\" class=\"skype_c2c_logo_img\" src=\"resource:\/\/skype_ff_extension-at-jetpack\/skype_ff_extension\/data\/call_skype_logo.png\" border=\"0\" width=\"0\" height=\"0\" \/>00421 2 49109600<\/li>\n<li>Hotel Blue &#8211; pri Poluse na Riazanskej 38, <a href=\"http:\/\/www.hotelblue.sk\" target=\"_blank\" rel=\"noopener noreferrer\">www.hotelblue.sk<\/a>, tel.<img decoding=\"async\" class=\"skype_c2c_logo_img\" src=\"resource:\/\/skype_ff_extension-at-jetpack\/skype_ff_extension\/data\/call_skype_logo.png\" border=\"0\" width=\"0\" height=\"0\" \/>00421 2 49492222<\/li>\n<li>Horsky hotel Eva Sv\u00e4ty Jur, potrebne auto, cca 8 km za Bratislavou,\u00a0 <a href=\"http:\/\/www.horskyhotel-eva.sk\" target=\"_blank\" rel=\"noopener noreferrer\">www.horskyhotel-eva.sk<\/a> <br \/>kontakt recepcia: <img decoding=\"async\" class=\"skype_c2c_logo_img\" src=\"resource:\/\/skype_ff_extension-at-jetpack\/skype_ff_extension\/data\/call_skype_logo.png\" border=\"0\" width=\"0\" height=\"0\" \/>02 44 97 05 07, <img decoding=\"async\" class=\"skype_c2c_logo_img\" src=\"resource:\/\/skype_ff_extension-at-jetpack\/skype_ff_extension\/data\/call_skype_logo.png\" border=\"0\" width=\"0\" height=\"0\" \/>0903 928 054<\/li>\n<\/ul>\n<p>\u00a0<\/p>\n<h3>Organiz\u00e1tori:<\/h3>\n<p>Slovo \u017eivota v spolupr\u00e1ci s platformou Kres\u0165ania v meste<\/p>\n<p>\u00a0<\/p>\n<h3>Kontakt:<\/h3>\n<p>Slovo \u017eivota international Bratislava, Tom\u00e1\u0161ikova 30, 821 01\u00a0 Bratislava, Slovensko<\/p>\n<p>Telef\u00f3n: +421 \/ 2 \/ 20 92 93 11<\/p>\n<p>E-mail: slovozivota@slovozivota.sk<\/p>\n<p>http:\/\/www.krestaniavmeste.sk\/konferencia\/viery\/index.htm<\/p>\n<p>\u00a0<\/p>\n<p><a href=\"index.php\/en\/aktivity-zboru\/konferencie\"><img decoding=\"async\" class=\" size-full wp-image-3170\" src=\"https:\/\/new.slovozivota.sk\/wp-content\/uploads\/2015\/04\/en.gif\" border=\"0\" alt=\"\" width=\"18\" height=\"12\" \/> <\/a><\/p>\n<p><a href=\"https:\/\/new.slovozivota.sk\/wp-content\/uploads\/2015\/04\/Conference_Bevere_letter_HU_2015.pdf\" target=\"_blank\" rel=\"noopener noreferrer\"><img decoding=\"async\" class=\" size-full wp-image-3172\" src=\"https:\/\/new.slovozivota.sk\/wp-content\/uploads\/2015\/04\/hu.gif\" border=\"0\" alt=\"\" width=\"18\" height=\"12\" \/> &#8211; pdf<\/a><\/p>\n<p>\u00a0<\/p>\n<hr \/>\n<p>\u00a0<\/p>\n<p><em>Na tejto str\u00e1nke budeme postupne uverej\u0148ova\u0165 \u010fal\u0161ie podrobnosti o konferencii.<\/em><\/p>\n<p>\u00a0<\/p>\n","protected":false},"excerpt":{"rendered":"<p>\u00a0 Srde\u010dne v\u00e1s poz\u00fdvame na Konferenciu viery 2015, ktor\u00e1 bude z\u00e1rove\u0148 ohliadnut\u00edm sa za 20-timi rokmi Bo\u017eej vernosti v pr\u00e1ci Slova \u017eivota na Slovensku. Je pre n\u00e1s skuto\u010dn\u00fdm privil\u00e9giom, \u017ee [&hellip;]<\/p>\n","protected":false},"author":1,"featured_media":3168,"comment_status":"open","ping_status":"open","sticky":false,"template":"","format":"standard","meta":{"episode_type":"","audio_file":"","cover_image":"","cover_image_id":"","duration":"","filesize":"","date_recorded":"","explicit":"","block":"","filesize_raw":"","footnotes":""},"categories":[72],"tags":[],"series":[],"class_list":["post-3176","post","type-post","status-publish","format-standard","has-post-thumbnail","hentry","category-aktuality"],"episode_featured_image":"https:\/\/www.slovozivota.sk\/wp-content\/uploads\/2015\/04\/video_bevere.PNG","episode_player_image":"https:\/\/www.slovozivota.sk\/wp-content\/uploads\/2019\/10\/PodcastSZ-1.jpg","download_link":"","player_link":"","audio_player":false,"episode_data":{"playerMode":"dark","subscribeUrls":[],"rssFeedUrl":"https:\/\/www.slovozivota.sk\/en\/feed\/podcast\/slovo-zivota","embedCode":"<blockquote class=\"wp-embedded-content\" data-secret=\"c6KNkxOZMJ\"><a href=\"https:\/\/www.slovozivota.sk\/en\/2015\/04\/konferencia-viery-2015\/\">Konferencia viery 2015<\/a><\/blockquote><iframe sandbox=\"allow-scripts\" security=\"restricted\" src=\"https:\/\/www.slovozivota.sk\/en\/2015\/04\/konferencia-viery-2015\/embed\/#?secret=c6KNkxOZMJ\" width=\"500\" height=\"350\" title=\"&#8220;Konferencia viery 2015&#8221; &#8212; Slovo \u017eivota\" data-secret=\"c6KNkxOZMJ\" frameborder=\"0\" marginwidth=\"0\" marginheight=\"0\" scrolling=\"no\" class=\"wp-embedded-content\"><\/iframe><script type=\"text\/javascript\">\n\/* <![CDATA[ *\/\n\/*! This file is auto-generated *\/\n!function(d,l){\"use strict\";l.querySelector&&d.addEventListener&&\"undefined\"!=typeof URL&&(d.wp=d.wp||{},d.wp.receiveEmbedMessage||(d.wp.receiveEmbedMessage=function(e){var t=e.data;if((t||t.secret||t.message||t.value)&&!\/[^a-zA-Z0-9]\/.test(t.secret)){for(var s,r,n,a=l.querySelectorAll('iframe[data-secret=\"'+t.secret+'\"]'),o=l.querySelectorAll('blockquote[data-secret=\"'+t.secret+'\"]'),c=new RegExp(\"^https?:$\",\"i\"),i=0;i<o.length;i++)o[i].style.display=\"none\";for(i=0;i<a.length;i++)s=a[i],e.source===s.contentWindow&&(s.removeAttribute(\"style\"),\"height\"===t.message?(1e3<(r=parseInt(t.value,10))?r=1e3:~~r<200&&(r=200),s.height=r):\"link\"===t.message&&(r=new URL(s.getAttribute(\"src\")),n=new URL(t.value),c.test(n.protocol))&&n.host===r.host&&l.activeElement===s&&(d.top.location.href=t.value))}},d.addEventListener(\"message\",d.wp.receiveEmbedMessage,!1),l.addEventListener(\"DOMContentLoaded\",function(){for(var e,t,s=l.querySelectorAll(\"iframe.wp-embedded-content\"),r=0;r<s.length;r++)(t=(e=s[r]).getAttribute(\"data-secret\"))||(t=Math.random().toString(36).substring(2,12),e.src+=\"#?secret=\"+t,e.setAttribute(\"data-secret\",t)),e.contentWindow.postMessage({message:\"ready\",secret:t},\"*\")},!1)))}(window,document);\n\/* ]]> *\/\n<\/script>\n"},"_links":{"self":[{"href":"https:\/\/www.slovozivota.sk\/en\/wp-json\/wp\/v2\/posts\/3176","targetHints":{"allow":["GET"]}}],"collection":[{"href":"https:\/\/www.slovozivota.sk\/en\/wp-json\/wp\/v2\/posts"}],"about":[{"href":"https:\/\/www.slovozivota.sk\/en\/wp-json\/wp\/v2\/types\/post"}],"author":[{"embeddable":true,"href":"https:\/\/www.slovozivota.sk\/en\/wp-json\/wp\/v2\/users\/1"}],"replies":[{"embeddable":true,"href":"https:\/\/www.slovozivota.sk\/en\/wp-json\/wp\/v2\/comments?post=3176"}],"version-history":[{"count":0,"href":"https:\/\/www.slovozivota.sk\/en\/wp-json\/wp\/v2\/posts\/3176\/revisions"}],"wp:featuredmedia":[{"embeddable":true,"href":"https:\/\/www.slovozivota.sk\/en\/wp-json\/wp\/v2\/media\/3168"}],"wp:attachment":[{"href":"https:\/\/www.slovozivota.sk\/en\/wp-json\/wp\/v2\/media?parent=3176"}],"wp:term":[{"taxonomy":"category","embeddable":true,"href":"https:\/\/www.slovozivota.sk\/en\/wp-json\/wp\/v2\/categories?post=3176"},{"taxonomy":"post_tag","embeddable":true,"href":"https:\/\/www.slovozivota.sk\/en\/wp-json\/wp\/v2\/tags?post=3176"},{"taxonomy":"series","embeddable":true,"href":"https:\/\/www.slovozivota.sk\/en\/wp-json\/wp\/v2\/series?post=3176"}],"curies":[{"name":"wp","href":"https:\/\/api.w.org\/{rel}","templated":true}]}}