{"id":3183,"date":"2015-02-01T22:59:49","date_gmt":"2015-02-01T21:59:49","guid":{"rendered":"https:\/\/new.slovozivota.sk\/2015\/02\/kam-kracas-slovensko-nase-referendove\/"},"modified":"2019-10-03T02:29:05","modified_gmt":"2019-10-03T00:29:05","slug":"kam-kracas-slovensko-nase-referendove","status":"publish","type":"post","link":"https:\/\/www.slovozivota.sk\/en\/2015\/02\/kam-kracas-slovensko-nase-referendove\/","title":{"rendered":"Kam kr\u00e1\u010da\u0161, Slovensko na\u0161e referendov\u00e9?"},"content":{"rendered":"<p style=\"text-indent: 35.45pt;\">Niet poch\u00fdb o tom, \u017ee referendum o rodine sa stalo v poslednom obdob\u00ed predmetom hor\u00facich deb\u00e1t, a to hlavne na internete, ke\u010f\u017ee niektor\u00e9 m\u00e9di\u00e1 z\u00e1merne neumo\u017enili reklamu, ani diskusiu inici\u00e1torom referenda. Kres\u0165anov obvi\u0148uj\u00fa z toho, \u017ee vyvol\u00e1vaj\u00fa nen\u00e1vis\u0165, rozde\u013euj\u00fa spolo\u010dnos\u0165, \u0161\u00edria f\u00f3bie z homosexu\u00e1lov, odsudzuj\u00fa z\u00e1padn\u00fa Eur\u00f3pu. S\u00fa ich n\u00e1mietky opr\u00e1vnen\u00e9?<\/p>\n<p style=\"text-indent: 35.45pt;\">Neodvysielan\u00e1 \u010das\u0165 k\u00e1zne Rastislava Baka vyvolala to\u013eko negat\u00edvnych reakci\u00ed a ods\u00fadenia, \u017ee som po pre\u010d\u00edtan\u00ed niektor\u00fdch pr\u00edspevkov ostal na chv\u00ed\u013eu ako obaren\u00fd. Nie je pravda, \u017ee nazval \u0161pinou \u013eud\u00ed z LGBT komunity, ale hriech nazval hriechom. Skuto\u010dnos\u0165, \u017ee sa jedna z jeho pod\u00f4b na n\u00e1s val\u00ed zo z\u00e1padnej Eur\u00f3py, h\u00e1dam len slep\u00fd nevid\u00ed. Za jeho v\u00e1\u0161niv\u00fd prejav by ho niektor\u00ed najrad\u0161ej poslali do v\u00e4zenia. Nu\u017e, v minulosti sta\u010dilo, aby J\u00e1n Krstite\u013e povedal Herodesovi, \u017ee nie je dovolen\u00e9, aby \u017eil s man\u017eelkou svojho brata. T\u00e1to jedin\u00e1 veta ho st\u00e1la hlavu. Nad Eur\u00f3pou sa s\u0165ahuj\u00fa \u010dierne mraky a f\u00faka aj k n\u00e1m&#8230; Budeme sa len ne\u010dinne prizera\u0165, strka\u0165 hlavu do piesku tak pekne \u201epo na\u0161om\u201c (ako\u017ee za\u0161omreme si a ideme \u010falej)? Veriaci v na\u0161om n\u00e1rode nie s\u00fa proti \u013eu\u010fom, ktor\u00ed zm\u00fd\u0161\u013eaj\u00fa inak, nec\u00edtime vo\u010di nim nen\u00e1vis\u0165, nikoho nechceme ani prenasledova\u0165, ani zatv\u00e1ra\u0165. To \u201esekanie hl\u00e1v\u201c v\u0161ak re\u00e1lne hroz\u00ed v bud\u00facnosti najviac n\u00e1m, preto\u017ee nov\u00e1 tolerancia nezn\u00e1\u0161a ostrie evanjelia. Vraj polarizujeme spolo\u010dnos\u0165? V\u00f4bec nechceme za ka\u017ed\u00fa cenu rozde\u013eova\u0165, usilujeme sa o pokoj a dobr\u00e9 vz\u0165ahy so v\u0161etk\u00fdmi. Nebol azda apo\u0161tol Pavol poslom Bo\u017eej l\u00e1sky? Iste\u017ee bol. K\u00e1zal Krista, Bo\u017eiu l\u00e1sku, ktor\u00e1 sa v osobe Je\u017ei\u0161a zjavila v\u0161etk\u00fdm \u013eu\u010fom. Pavol hovoril o odpusten\u00ed a zmieren\u00ed. A predsa, kamko\u013evek pri\u0161iel, boli mnoh\u00ed, ktor\u00ed s n\u00edm nes\u00fahlasili, obvi\u0148ovali ho, \u017ee ur\u00e1\u017ea ich bohov, vyvol\u00e1va vzburu. Nu\u017e, ak nechceme zaprie\u0165 svojho Boha a zosta\u0165 v tejto dobe ako vo\u0161 pod chrastou, aj n\u00e1s m\u00f4\u017eu vn\u00edma\u0165 tak, \u017ee ur\u00e1\u017eame boha materializmu, nejdeme paralelne s eur\u00f3pskym trendom.<\/p>\n<p style=\"text-indent: 35.45pt;\">Som Eur\u00f3pan, ale najnov\u0161\u00ed v\u00fdvoj ma v\u00f4bec nete\u0161\u00ed. Ka\u017ed\u00e9ho norm\u00e1lneho a slu\u0161n\u00e9ho \u010dloveka vydesil hrozn\u00fd, ods\u00fadeniahodn\u00fd teroristick\u00fd \u010din v Par\u00ed\u017ei. Eur\u00f3pa sa n\u00e1sledne sna\u017eila dok\u00e1za\u0165, \u017ee si svoju slobodu nenech\u00e1 ukradn\u00fa\u0165. \u013dudia hrdo kr\u00e1\u010dali s transparentmi \u201eSom Charlie!\u201c Videli ste v\u0161ak tie karikat\u00fary, ktor\u00e9 tento humoristick\u00fd \u010dasopis uverejnil? \u017did sa obj\u00edma s nacistom, Sv\u00e4t\u00e1 Trojica spolu s\u00falo\u017e\u00ed&#8230; Ve\u010f to je hanba! M\u00f4\u017eete si robi\u0165 \u017earty zo m\u0148a a ak chcete a n\u00e1jdete pokrytectvo v cirkvi, nebr\u00e1nim sa ani tomu; ale neur\u00e1\u017eajte m\u00f4jho Boha! Nikdy nechyt\u00edm do r\u00fak zbra\u0148, aby som sa pomstil ako v tomto pr\u00edpade moslimovia. M\u00e1m v\u0161ak pr\u00e1vo na obranu slovom a mo\u017enos\u0165 nazva\u0165 veci prav\u00fdm menom. Ja nie som Charlie a nikdy n\u00edm nebudem. Som kres\u0165anom a v\u017edy n\u00edm zostanem. To, \u017ee n\u00e1klad tak\u00e9hoto pl\u00e1tka z p\u00e1r desiatok tis\u00edc nar\u00e1stol na nieko\u013eko mili\u00f3nov ukazuje, kam dne\u0161n\u00e1 Eur\u00f3pa kr\u00e1\u010da. Chceme, aby tam kr\u00e1\u010dalo aj na\u0161e Slovensko?<\/p>\n<p style=\"text-indent: 35.45pt;\">Z\u00e1padn\u00e1 Eur\u00f3pa n\u00e1m dala nepochybne ve\u013ea; to v\u0161ak neznamen\u00e1, \u017ee si m\u00f4\u017eeme dovoli\u0165 v\u0161etko od nej nekriticky prebera\u0165! Nem\u00f4\u017eem str\u00e1vi\u0165 predstavu, ako sa na \u00farade sob\u00e1\u0161ia dvaja homosexu\u00e1li a \u0161t\u00e1t ich vyhl\u00e1si za man\u017eelov, akoby i\u0161lo o zv\u00e4zok mu\u017ea a \u017eeny. Homosexu\u00e1li tu v\u017edy boli a bud\u00fa. Maj\u00fa svoje pr\u00e1va ako ob\u010dania a nikto im ich nechce vzia\u0165. Da\u0165 im v\u0161ak nad\u0161tandartn\u00e9 pr\u00e1va, ak\u00e9 patria len rodine, je prive\u013ea. P\u00e1n Boh ich miluje a milujeme ich aj my, kres\u0165ania. Sme v\u0161ak povinn\u00ed hovori\u0165 pravdu, aj ke\u010f bude niekoho bolie\u0165 a vyvol\u00e1va\u0165 nepochopenie. L\u00e1ska bez pravdy je toti\u017e rovnako bez \u00fa\u010dinku ako pravda bez l\u00e1sky. Kto m\u00e1 pr\u00e1vo by\u0165 znepokojen\u00fd? Ur\u010dite aj my, ve\u010f lek\u00e1ri a psychol\u00f3govia varuj\u00fa pred vplyvom rodovej ideol\u00f3gie na du\u0161evn\u00e9 zdravie det\u00ed. Ob\u00e1vaj\u00fa sa, \u017ee \u0161t\u00e1t bude prostredn\u00edctvom v\u00fdu\u010dby a v\u00fdchovy v \u0161kol\u00e1ch rozr\u00fdva\u0165 v de\u0165och ich vroden\u00fdm pohlav\u00edm dan\u00fa rodov\u00fa identitu. To sa m\u00e1 dosiahnu\u0165 t\u00fdm, \u017ee sa do \u0161kolsk\u00fdch osnov vnesie nov\u00e1, sexu\u00e1lne korektn\u00e1 v\u00fdchova. Die\u0165a sa m\u00e1 oboznamova\u0165 s r\u00f4znymi formami sexu\u00e1lnych prejavov, aby si potom mohlo slobodne vybra\u0165 svoju rodov\u00fa identitu. Rodov\u00e9 scitlivovanie v eduka\u010dnom procese znamen\u00e1 konkr\u00e9tne i to, \u017ee pedag\u00f3govia maj\u00fa deti vystavova\u0165 rodovo opa\u010dn\u00fdm podnetom. \u0160kola m\u00e1 vraj poskytova\u0165 priestor, kde die\u0165a m\u00f4\u017ee a m\u00e1 slobodne sk\u00fama\u0165 vlastn\u00fa sexualitu a r\u00f4zne formy sexu\u00e1lneho prejavu bez posudzuj\u00faceho a \u201eneurotizuj\u00faceho\u201c vplyvu rodi\u010dov.<\/p>\n<p style=\"text-indent: 35.45pt;\">Pros\u00edm, aby sa nad t\u00fdmto z\u00e1verom odborn\u00edkov zamysleli nielen veriaci, ale aj v\u0161etci norm\u00e1lne a zdravo uva\u017euj\u00faci \u013eudia na\u0161ej krajiny. Naozaj chceme takto experimentova\u0165 na de\u0165och? Kam sme sa to posunuli? Chceme umo\u017eni\u0165, aby ich mohli vychov\u00e1va\u0165 alebo adoptova\u0165 osoby rovnak\u00e9ho pohlavia? Hovor\u00ed sa, \u017ee bud\u00facnos\u0165ou n\u00e1roda s\u00fa deti. Kv\u00f4li nim nem\u00f4\u017eeme a nesmieme ml\u010da\u0165. Som kazate\u013eom, a tak mi dovo\u013ete ukon\u010di\u0165 svoju \u00favahu \u017dalmom 106. Autor v \u0148om sm\u00fati nad nevernos\u0165ou Izraela, ktor\u00fd zabudol na Boha, konaj\u00faceho v Egypte ve\u013ek\u00e9 z\u00e1zraky. Zavrhli Jeho Slovo, namiesto toho sa obr\u00e1tili k modl\u00e1rstvu, reptali a dr\u00e1\u017edili Ho svojimi slovami. Ver\u0161 15 to zh\u0155\u0148a nasledovne: \u201eDal im teda, \u010do si \u017eiadali, dopustil v\u0161ak, aby chradli.\u201c Tento Bo\u017e\u00ed v\u00fdrok je aj dnes viac ako aktu\u00e1lny. \u010co si \u017eiadame my, Slov\u00e1ci?<\/p>\n<p>\u00a0<\/p>\n","protected":false},"excerpt":{"rendered":"<p>Niet poch\u00fdb o tom, \u017ee referendum o rodine sa stalo v poslednom obdob\u00ed predmetom hor\u00facich deb\u00e1t, a to hlavne na internete, ke\u010f\u017ee niektor\u00e9 m\u00e9di\u00e1 z\u00e1merne neumo\u017enili reklamu, ani diskusiu inici\u00e1torom [&hellip;]<\/p>\n","protected":false},"author":1,"featured_media":0,"comment_status":"open","ping_status":"open","sticky":false,"template":"","format":"standard","meta":{"episode_type":"","audio_file":"","cover_image":"","cover_image_id":"","duration":"","filesize":"","date_recorded":"","explicit":"","block":"","filesize_raw":"","footnotes":""},"categories":[51],"tags":[],"series":[],"class_list":["post-3183","post","type-post","status-publish","format-standard","hentry","category-blog-clanky"],"episode_featured_image":false,"episode_player_image":"https:\/\/www.slovozivota.sk\/wp-content\/uploads\/2019\/10\/PodcastSZ-1.jpg","download_link":"","player_link":"","audio_player":false,"episode_data":{"playerMode":"dark","subscribeUrls":[],"rssFeedUrl":"https:\/\/www.slovozivota.sk\/en\/feed\/podcast\/slovo-zivota","embedCode":"<blockquote class=\"wp-embedded-content\" data-secret=\"cJhzfukOc8\"><a href=\"https:\/\/www.slovozivota.sk\/en\/2015\/02\/kam-kracas-slovensko-nase-referendove\/\">Kam kr\u00e1\u010da\u0161, Slovensko na\u0161e referendov\u00e9?<\/a><\/blockquote><iframe sandbox=\"allow-scripts\" security=\"restricted\" src=\"https:\/\/www.slovozivota.sk\/en\/2015\/02\/kam-kracas-slovensko-nase-referendove\/embed\/#?secret=cJhzfukOc8\" width=\"500\" height=\"350\" title=\"&#8220;Kam kr\u00e1\u010da\u0161, Slovensko na\u0161e referendov\u00e9?&#8221; &#8212; Slovo \u017eivota\" data-secret=\"cJhzfukOc8\" frameborder=\"0\" marginwidth=\"0\" marginheight=\"0\" scrolling=\"no\" class=\"wp-embedded-content\"><\/iframe><script type=\"text\/javascript\">\n\/* <![CDATA[ *\/\n\/*! This file is auto-generated *\/\n!function(d,l){\"use strict\";l.querySelector&&d.addEventListener&&\"undefined\"!=typeof URL&&(d.wp=d.wp||{},d.wp.receiveEmbedMessage||(d.wp.receiveEmbedMessage=function(e){var t=e.data;if((t||t.secret||t.message||t.value)&&!\/[^a-zA-Z0-9]\/.test(t.secret)){for(var s,r,n,a=l.querySelectorAll('iframe[data-secret=\"'+t.secret+'\"]'),o=l.querySelectorAll('blockquote[data-secret=\"'+t.secret+'\"]'),c=new RegExp(\"^https?:$\",\"i\"),i=0;i<o.length;i++)o[i].style.display=\"none\";for(i=0;i<a.length;i++)s=a[i],e.source===s.contentWindow&&(s.removeAttribute(\"style\"),\"height\"===t.message?(1e3<(r=parseInt(t.value,10))?r=1e3:~~r<200&&(r=200),s.height=r):\"link\"===t.message&&(r=new URL(s.getAttribute(\"src\")),n=new URL(t.value),c.test(n.protocol))&&n.host===r.host&&l.activeElement===s&&(d.top.location.href=t.value))}},d.addEventListener(\"message\",d.wp.receiveEmbedMessage,!1),l.addEventListener(\"DOMContentLoaded\",function(){for(var e,t,s=l.querySelectorAll(\"iframe.wp-embedded-content\"),r=0;r<s.length;r++)(t=(e=s[r]).getAttribute(\"data-secret\"))||(t=Math.random().toString(36).substring(2,12),e.src+=\"#?secret=\"+t,e.setAttribute(\"data-secret\",t)),e.contentWindow.postMessage({message:\"ready\",secret:t},\"*\")},!1)))}(window,document);\n\/* ]]> *\/\n<\/script>\n"},"_links":{"self":[{"href":"https:\/\/www.slovozivota.sk\/en\/wp-json\/wp\/v2\/posts\/3183","targetHints":{"allow":["GET"]}}],"collection":[{"href":"https:\/\/www.slovozivota.sk\/en\/wp-json\/wp\/v2\/posts"}],"about":[{"href":"https:\/\/www.slovozivota.sk\/en\/wp-json\/wp\/v2\/types\/post"}],"author":[{"embeddable":true,"href":"https:\/\/www.slovozivota.sk\/en\/wp-json\/wp\/v2\/users\/1"}],"replies":[{"embeddable":true,"href":"https:\/\/www.slovozivota.sk\/en\/wp-json\/wp\/v2\/comments?post=3183"}],"version-history":[{"count":0,"href":"https:\/\/www.slovozivota.sk\/en\/wp-json\/wp\/v2\/posts\/3183\/revisions"}],"wp:attachment":[{"href":"https:\/\/www.slovozivota.sk\/en\/wp-json\/wp\/v2\/media?parent=3183"}],"wp:term":[{"taxonomy":"category","embeddable":true,"href":"https:\/\/www.slovozivota.sk\/en\/wp-json\/wp\/v2\/categories?post=3183"},{"taxonomy":"post_tag","embeddable":true,"href":"https:\/\/www.slovozivota.sk\/en\/wp-json\/wp\/v2\/tags?post=3183"},{"taxonomy":"series","embeddable":true,"href":"https:\/\/www.slovozivota.sk\/en\/wp-json\/wp\/v2\/series?post=3183"}],"curies":[{"name":"wp","href":"https:\/\/api.w.org\/{rel}","templated":true}]}}