{"id":3342,"date":"2015-11-24T13:28:16","date_gmt":"2015-11-24T12:28:16","guid":{"rendered":"https:\/\/new.slovozivota.sk\/2015\/11\/jezis-stale-zazracne-uzdravuje-ludi\/"},"modified":"2015-11-24T13:28:16","modified_gmt":"2015-11-24T12:28:16","slug":"jezis-stale-zazracne-uzdravuje-ludi","status":"publish","type":"post","link":"https:\/\/www.slovozivota.sk\/en\/2015\/11\/jezis-stale-zazracne-uzdravuje-ludi\/","title":{"rendered":"Je\u017ei\u0161 st\u00e1le z\u00e1zra\u010dne uzdravuje \u013eud\u00ed"},"content":{"rendered":"<p style=\"margin: 0cm; margin-bottom: .0001pt;\">\u00a0<\/p>\n<p style=\"margin: 0cm; margin-bottom: .0001pt;\"><strong style=\"mso-bidi-font-weight: normal;\"><em><img decoding=\"async\" class=\" alignright size-full wp-image-3340\" src=\"https:\/\/new.slovozivota.sk\/wp-content\/uploads\/2015\/11\/Per_2.jpg\" border=\"0\" alt=\"\" width=\"239\" height=\"345\" align=\"right\" srcset=\"https:\/\/www.slovozivota.sk\/wp-content\/uploads\/2015\/11\/Per_2.jpg 347w, https:\/\/www.slovozivota.sk\/wp-content\/uploads\/2015\/11\/Per_2-208x300.jpg 208w, https:\/\/www.slovozivota.sk\/wp-content\/uploads\/2015\/11\/Per_2-300x432.jpg 300w\" sizes=\"(max-width: 239px) 100vw, 239px\" \/>Letn\u00e9 evanjeliza\u010dn\u00e9 turn\u00e9 s Perom Cederg\u00e5rdhom<\/em><\/strong><\/p>\n<p style=\"margin: 0cm; margin-bottom: .0001pt;\">\u00a0<\/p>\n<p class=\"MsoNormal\" style=\"margin-bottom: .0001pt; line-height: 150%;\"><strong style=\"mso-bidi-font-weight: normal;\">U\u017e viac ako desa\u0165 rokov v\u00a0lete organizujeme kampa\u0148 s\u00a0evanjelistom, ktor\u00fd zanechal pr\u00e1cu architekta, aby mohol po celom svete zvestova\u0165 Krista. \u013dudia na stretnutia s n\u00edm prich\u00e1dzaj\u00fa s\u00a0ve\u013ek\u00fdm o\u010dak\u00e1van\u00edm, preto\u017ee aj v\u00a0minulosti sa presved\u010dili, \u017ee uzdravenie v\u00a0Je\u017ei\u0161ov\u00fdch ran\u00e1ch, ktor\u00e9 k\u00e1\u017ee, naozaj funguje. <\/strong><\/p>\n<p class=\"MsoNormal\" style=\"margin-bottom: .0001pt; line-height: 150%;\">V\u00a0Kom\u00e1rne pri\u0161lo do vynoven\u00fdch priestorov 60 veriacich. P\u00e1n sa mocne dot\u00fdkal \u013eud\u00ed aj v\u00a0Seredi, kde dva man\u017eelsk\u00e9 p\u00e1ry vydali svedectvo o\u00a0tom, ako im Boh po modlitbe po\u017eehnal b\u00e1b\u00e4tk\u00e1. V\u00a0\u017diline na v\u00fdzvu na spasenie zareagovalo okolo 30 \u013eud\u00ed. Niektor\u00ed si vz\u0165ah len obnovili, in\u00ed toto najd\u00f4le\u017eitej\u0161ie rozhodnutie v\u00a0\u017eivote urobili po prv\u00fdkr\u00e1t. Mnoh\u00ed boli uzdraven\u00ed z\u00a0bolest\u00ed chrbta, do\u0161lo aj k zlep\u0161eniu sluchu, uzdraveniu ko\u017en\u00fdch probl\u00e9mov, nechtov na ruke a uzdraveniu tr\u00e1viacich \u0165a\u017ekost\u00ed. Ve\u013ek\u00fa odozvu mala jeho slu\u017eba aj v\u00a0Banskej Bystrici. Svoj \u017eivot Bohu odovzdalo viac ako 20 \u013eud\u00ed. V\u00a0\u017diari nad Hronom sa zhroma\u017edilo pribli\u017ene 90 \u013eud\u00ed, modlitba za chor\u00fdch sa pretiahla <a name=\"_GoBack\"><\/a>a\u017e do noci. V\u00a0Banskej \u0160tiavnici sl\u00fa\u017eilPer na bohoslu\u017ebe, na ktorej boli kres\u0165ania z\u00a0viacer\u00fdch zborov. Nav\u0161t\u00edvil aj \u0160obov, r\u00f3msku osadu na kopci, kde s\u00fa soci\u00e1lne byty. Deti mu tam cel\u00e9 nad\u0161en\u00e9 sk\u00e1kali okolo ramien. B\u00e1b\u00e4tko, ktor\u00e9 nekontrolovate\u013ene plakalo a\u00a0nevedela ho ut\u00ed\u0161i\u0165 ani vlastn\u00e1 mama, si Per zobral na ruky a\u00a0okam\u017eite st\u00edchlo. V\u00a0Nitre bolo stretnutie zameran\u00e9 nielen na uzdravenie tela, ale du\u0161e a vz\u0165ahov. Zaznelo tam prorock\u00e9 slovo a tiekli aj slzy \u0161\u0165astia i pok\u00e1nia. V\u00a0Bratislave sa v\u00a0predposledn\u00fa augustov\u00fa nede\u013eu s\u00e1la zboru Slova \u017eivota naplnila mnoh\u00fdmi veriacimi i\u00a0hos\u0165ami, ktor\u00ed o\u010dak\u00e1vali Bo\u017e\u00ed dotyk. Per k\u00e1zal na aktu\u00e1lnu t\u00e9mu o\u00a0tom, ako \u017ei\u0165 v\u00a0Bo\u017eej sile a\u00a0zvl\u00e1da\u0165 n\u00e1roky \u017eivota s\u00a0Bo\u017eou pomocou. Po skon\u010den\u00ed sme sa e\u0161te takmer dve hodiny modlili za chor\u00fdch a\u00a0videli nieko\u013eko okam\u017eit\u00fdch zlep\u0161en\u00ed zdravotn\u00e9ho stavu.<\/p>\n<p class=\"MsoNormal\" style=\"margin-bottom: .0001pt; line-height: 150%;\">\u00a0<\/p>\n<h2 class=\"MsoNormal\"><strong style=\"mso-bidi-font-weight: normal;\">Ako prija\u0165 uzdravenie od Boha<\/strong><\/h2>\n<p class=\"MsoNormal\"><strong style=\"mso-bidi-font-weight: normal;\">Per, ako by si zhodnotil tohtoro\u010dn\u00e9 turn\u00e9 po Slovensku?<\/strong><\/p>\n<p class=\"MsoNormal\">Mali sme celkom nabit\u00fd program, po\u010das \u00f4smich dn\u00ed som mal desa\u0165 zhroma\u017eden\u00ed, ale ve\u013emi sa mi to p\u00e1\u010dilo. Pre m\u0148a s\u00fa podobn\u00e9 cesty ve\u013ekou rados\u0165ou, pre toto \u017eijem a\u00a0d\u00fdcham. Pr\u00edprava na tak\u00e9to turn\u00e9 zah\u0155\u0148a ve\u013ea modlitby a\u00a0potom \u010dasto vn\u00edmam, ako mi Boh pri jednotliv\u00fdch bohoslu\u017eb\u00e1ch d\u00e1va spr\u00e1vne slov\u00e1. To, \u010doho je pln\u00e9 srdce, hovoria \u00fasta. Som samozrejme trochu unaven\u00fd, ale to patr\u00ed k\u00a0tomu. Som ve\u013emi \u0161\u0165astn\u00fd, \u017ee m\u00f4\u017eem \u013eu\u010fom sl\u00fa\u017ei\u0165 a modli\u0165 sa za nich, hoci niekedy aj cel\u00e9 hodiny. Ob\u010das sa a\u017e s\u00e1m div\u00edm, ako p\u00f4sob\u00ed Duch Sv\u00e4t\u00fd, d\u00e1va mi slov\u00e1 poznania a\u00a0ja sa zrazu ocit\u00e1m v\u00a0roli pozorovate\u013ea.<\/p>\n<p class=\"MsoNormal\">\u00a0<\/p>\n<p class=\"MsoNormal\"><strong style=\"mso-bidi-font-weight: normal;\">\u010co m\u00f4\u017ee urobi\u0165 veriaci, aby bol uzdraven\u00fd?<\/strong><\/p>\n<p class=\"MsoNormal\">V\u00a0prvom rade potrebujeme rozumie\u0165 tomu, kto je Je\u017ei\u0161 Kristus a\u00a0\u010do pre n\u00e1s urobil na kr\u00ed\u017ei. Vieme, \u017ee Je\u017ei\u0161 zomrel za na\u0161e hriechy. Ke\u010f v\u0161ak \u010d\u00edtame knihu Izai\u00e1\u0161a, kde je zachyten\u00fd prorock\u00fd obraz trpiaceho Mesi\u00e1\u0161a, nemo\u017eno si nev\u0161imn\u00fa\u0165, \u017ee rovnako vzal na seba aj na\u0161e choroby a\u00a0bolesti. I\u00a0to je s\u00fa\u010das\u0165ou Jeho vykupite\u013esk\u00e9ho diela. Pochopite\u013ene, \u017ee z\u00a0perspekt\u00edvy ve\u010dnosti je k\u013e\u00fa\u010dov\u00e9 odpustenie hriechov, ale pre \u017eivot na tejto zemi je aj uzdravenie ve\u013emi d\u00f4le\u017eit\u00e9. Ke\u010f \u0161tudujeme evanjeli\u00e1, nen\u00e1jdeme ani jedno miesto, kde by Je\u017ei\u0161 nechcel, aby bol niekto uzdraven\u00fd. Uzdravil ka\u017ed\u00e9ho, kto k\u00a0nemu pri\u0161iel s vierou. D\u00e1va n\u00e1m to \u00fa\u017easn\u00fa n\u00e1dej, no\u00a0z\u00e1rove\u0148 aj poznanie, \u017ee v\u00a0na\u0161ej slu\u017ebe to takto dokonale e\u0161te nefunguje. Samozrejme, nez\u00e1le\u017e\u00ed to iba na n\u00e1s, existuj\u00fa aj objekt\u00edvne prek\u00e1\u017eky uzdravenia, ako napr\u00edklad neodpustenie. Zo sk\u00fasenosti vieme, \u017ee odpustenie b\u00fdva k\u013e\u00fa\u010dov\u00fdm faktorom k\u00a0tomu, aby sa \u013eudia vymanili zo zajatia. Pri osobnej modlitbe n\u00e1m niekedy Duch Sv\u00e4t\u00fd m\u00f4\u017ee poodhali\u0165 situ\u00e1ciu, v\u00a0ktorej sa \u010dlovek nach\u00e1dza. Takto mu pom\u00e1hame v\u00a0tom, aby dobre pre\u0161iel procesom uzdravenia.<\/p>\n<p class=\"MsoNormal\">\u00a0<\/p>\n<p class=\"MsoNormal\"><strong style=\"mso-bidi-font-weight: normal;\">Zd\u00e1 sa v\u0161ak, \u017ee v\u00a0Novom z\u00e1kone bolo okam\u017eit\u00fdch uzdraven\u00ed viac, ne\u017e je tomu dnes.<\/strong><\/p>\n<p class=\"MsoNormal\">\u00c1no, m\u00e1me e\u0161te kam r\u00e1s\u0165&#8230; Na druhej strane s\u00fa tam aj zmienky o\u00a0postupn\u00fdch uzdraveniach. Je\u017ei\u0161 sa napr\u00edklad za jedn\u00e9ho slep\u00e9ho modlil dvakr\u00e1t, preto\u017ee po prvej modlitbe videl len hmlisto. To ma povzbudzuje modli\u0165 sa za \u013eud\u00ed znova a\u00a0znova.<\/p>\n<p class=\"MsoNormal\">\u00a0<\/p>\n<p class=\"MsoNormal\"><strong style=\"mso-bidi-font-weight: normal;\">Tak\u017ee to nie je nedostatok viery modli\u0165 sa za uzdravenie viackr\u00e1t?<\/strong><\/p>\n<p class=\"MsoNormal\">Nie. V\u017edy sa m\u00e1me modli\u0165 s\u00a0vierou a\u00a0o\u010dak\u00e1van\u00edm. Z\u00e1rove\u0148 by sme nemali s\u00fadi\u0165 \u013eud\u00ed len preto, \u017ee nevid\u00edme hne\u010f ovocie modlitby. V\u00a0evanjeli\u00e1ch tie\u017e \u010d\u00edtame o\u00a0desiatich malomocn\u00fdch, ktor\u00ed neboli uzdraven\u00ed okam\u017eite po modlitbe. Ke\u010f posl\u00fachli Je\u017ei\u0161a, ktor\u00fd im povedal, aby sa uk\u00e1zali k\u0148azom, zistili, \u017ee s\u00fa\u00a0uzdraven\u00ed a\u017e vtedy \u201eako i\u0161li\u201c.<\/p>\n<p class=\"MsoNormal\">\u00a0<\/p>\n<p class=\"MsoNormal\"><strong style=\"mso-bidi-font-weight: normal;\">Okrem toho treba vzia\u0165 do \u00favahy aj fakt, \u017ee dnes je ove\u013ea viac chor\u00f4b, ktor\u00e9 nie s\u00fa vidite\u013en\u00e9 navonok. <\/strong><\/p>\n<p class=\"MsoNormal\">\u00c1no. Niekedy uzdravenie m\u00f4\u017ee prebehn\u00fa\u0165 okam\u017eite, ale nem\u00e1me mo\u017enos\u0165 to skontrolova\u0165, \u013eudia musia najsk\u00f4r nav\u0161t\u00edvi\u0165 lek\u00e1ra. Mnoho pr\u00edpadov uzdravenia m\u00e1me zdokumentovan\u00fdch pr\u00e1ve t\u00fdmto sp\u00f4sobom.<\/p>\n<p class=\"MsoNormal\">\u00a0<\/p>\n<p class=\"MsoNormal\"><strong style=\"mso-bidi-font-weight: normal;\">\u010co m\u00f4\u017eu \u013eudia robi\u0165 v\u00a0procese uzdravenia?<\/strong><\/p>\n<p class=\"MsoNormal\">Z\u00e1kladn\u00fdm predpokladom d\u00f4vera. R\u00edmsky stotn\u00edk mal tak\u00fa vieru, \u017ee ani nepotreboval, aby Je\u017ei\u0161 vo\u0161iel do jeho domu. Sta\u010dilo mu, aby Je\u017ei\u0161 povedal slovo, ktor\u00e9 bolo pre\u0148ho dostato\u010dnou z\u00e1rukou. Ke\u010f sa vracal domov a ozn\u00e1mili mu t\u00fa radostn\u00fa novinu, \u017ee jeho sluha je uzdraven\u00fd, vy\u0161lo najavo, \u017ee z\u00e1zrak sa stal presne vtedy, ke\u010f Je\u017ei\u0161 prehovoril do jeho situ\u00e1cie svoje slovo. Aj my sa v\u00a0procese \u010dakania mus\u00edme nau\u010di\u0165 d\u00f4verova\u0165 Bo\u017e\u00edm zas\u013e\u00fabeniam bez oh\u013eadu na to, \u010di to trv\u00e1 nieko\u013eko hod\u00edn, dn\u00ed alebo aj mesiacov. Odpor\u00fa\u010dam neosta\u0165 ticho, ale vyzn\u00e1va\u0165 Bo\u017eie slovo. Vo chv\u00ed\u013each pochybnost\u00ed treba hovori\u0165 k\u00a0chorobe Bo\u017eie slovo a\u00a0z\u00e1rove\u0148 \u010fakova\u0165 za to, \u017ee Je\u017ei\u0161 je na\u0161im uzdravite\u013eom. Neznamen\u00e1 to iba donekone\u010dna opakova\u0165 \u201esom uzdraven\u00fd, som uzdraven\u00fd, som uzdraven\u00fd\u201c. Mysl\u00edm t\u00fdm sk\u00f4r rozhovor s\u00a0P\u00e1nom na z\u00e1klade Fil 4:6, v\u00a0ktorom vyjadrujeme svoju d\u00f4veru vo vypo\u010dutie modlitieb. <em>\u201ePre ni\u010d nebu\u010fte ustarosten\u00ed, ale vo v\u0161etkom s v\u010fakou predkladajte Bohu svoje \u017eiadosti vo svojich modlitb\u00e1ch a prosb\u00e1ch.\u201c<\/em> Vierou m\u00f4\u017eeme u\u017e dopredu \u010fakova\u0165, lebo vieme, \u017ee m\u00e1me splnen\u00e9 svoje prosby. Viera sa pod\u013ea \u017didom 11:1 odohr\u00e1va dnes, teraz. To je v\u00a0s\u00falade s\u00a0t\u00fdm, \u010do je nap\u00edsan\u00e9 aj v\u00a0Markovi 11:24: <em>\u201eV\u0161etko, o \u010do sa modl\u00edte a pros\u00edte, verte, \u017ee ste dostali a budete ma\u0165.\u201c<\/em><\/p>\n<p class=\"MsoNormal\">\u00a0<\/p>\n<p class=\"MsoNormal\"><strong style=\"mso-bidi-font-weight: normal;\">Niektor\u00ed \u013eudia vravia, \u017ee P\u00e1n Boh n\u00e1s chce chorobou nie\u010do nau\u010di\u0165&#8230;<\/strong><\/p>\n<p class=\"MsoNormal\">Po prv\u00e9, Boh n\u00e1m ned\u00e1va \u017eiadnu chorobu. Po druh\u00e9, v\u017edy sa m\u00f4\u017eeme nie\u010do nau\u010di\u0165, a\u00a0to v\u00a0akomko\u013evek prostred\u00ed. M\u00e1me ve\u013ea svedectiev o\u00a0tom, ako veriaci v\u00a0nemocnici sved\u010dili druh\u00fdm pacientom, dokonca sa za nich modlili a\u00a0priviedli ich k\u00a0ve\u010dn\u00e9mu \u017eivotu. Takto sa m\u00f4\u017eeme sta\u0165 po\u017eehnan\u00edm pre v\u0161etk\u00fdch, \u010dasto aj pre sestri\u010dky a\u00a0lek\u00e1rov. Lek\u00e1ri nie s\u00fa na\u0161imi oponentmi, ide im o\u00a0to ist\u00e9, o\u00a0\u010do aj n\u00e1m \u2013 chceme \u013eu\u010fom pom\u00f4c\u0165. Oni robia svoje najlep\u0161ie \u2013 pod\u013ea limitovan\u00e9ho \u013eudsk\u00e9ho poznania; my \u013eu\u010fom predstavujeme tak\u00e9ho Lek\u00e1ra, u\u00a0ktor\u00e9ho niet \u017eiadne obmedzenie. Diagn\u00f3za od lek\u00e1rov m\u00f4\u017ee by\u0165 zdrvuj\u00faca. \u013dudia v\u0161ak v\u017edy m\u00f4\u017eu pr\u00eds\u0165 k\u00a0Je\u017ei\u0161ovi, k Lek\u00e1rovi, ktor\u00fd im d\u00e1va n\u00e1dej. S\u00facit\u00edm s\u00a0\u013eu\u010fmi, ktor\u00ed maj\u00fa ve\u013ek\u00e9 bolesti a\u00a0nevylie\u010dite\u013en\u00e9 choroby. V\u017edy im v\u0161ak prin\u00e1\u0161am n\u00e1dej, aj ke\u010f sa jedn\u00e1 o\u00a0rakovinu \u010di in\u00fa smrte\u013en\u00fa chorobu. D\u00e1vam si pozor na to, aby som im nepon\u00fakal iba svoj poh\u013ead na vec, ale h\u013ead\u00e1m zhodu v\u00a0tom, \u010do m\u00f4\u017eeme spolo\u010dne od P\u00e1na o\u010dak\u00e1va\u0165. Ak maj\u00fa napr\u00edklad vieru na \u00faspe\u0161n\u00fa oper\u00e1ciu, tak sa s\u00a0nimi zhodnem na tom, \u017ee oper\u00e1cia bude aj s\u00a0Bo\u017eou pomocou \u00faspe\u0161n\u00e1. Aj Je\u017ei\u0161 sa p\u00fdtal slep\u00e9ho Bartimea, \u010do chce, aby pre neho urobil. I ke\u010f bol jeho handicap zrejm\u00fd, predsa to chcel po\u010du\u0165 priamo od neho.<\/p>\n<p class=\"MsoNormal\">\u00a0<\/p>\n<p class=\"MsoNormal\"><strong style=\"mso-bidi-font-weight: normal;\">M\u00f4\u017eu v\u0161ak nasta\u0165 aj pr\u00edpady, ke\u010f to napriek v\u0161etk\u00e9mu nefunguje. Mnoh\u00ed sa stretli aj s\u00a0tak\u00fdmi situ\u00e1ciami. Ako si to vysvet\u013euje\u0161?<\/strong><\/p>\n<p class=\"MsoNormal\">Pred \u0161tyridsiatimi rokmi som prijal v\u00edziu modli\u0165 sa za chor\u00fdch. Posl\u00fachol som. Vybral som sa do nemocnice za naj\u0165a\u017e\u0161\u00edmi pr\u00edpadmi. Dvom som nepomohol v\u00f4bec, no v tre\u0165om pr\u00edpade sa stav v\u00fdrazne zlep\u0161il a pacient \u017eil e\u0161te osem mesiacov. Aj tak som bol z\u00a0toho ve\u013emi sklaman\u00fd. No P\u00e1n ma ute\u0161oval, aby som pokra\u010doval a\u00a0pripomenul mi, \u017ee neviem, \u010do v\u0161etko sa odohr\u00e1va v\u00a0\u013eu\u010foch. O\u00a0p\u00e1r t\u00fd\u017ed\u0148ov na to som mal mo\u017enos\u0165 rozpr\u00e1va\u0165 sa s\u00a0jeho man\u017eelkou. Povedala mi, \u017ee vtedy v\u00a0nemocnici som sa modlil aj za \u0148u, a\u00a0ona bola okam\u017eite uzdraven\u00e1. Dozvedel som sa od nej, \u017ee jej man\u017eel bol po roky vla\u017en\u00fdm kres\u0165anom. Nikdy sa spolu nemodlili a nechcel chodi\u0165 na bohoslu\u017eby. No potom, ako sa mu stav po mojej modlitbe zlep\u0161il, sa navr\u00e1til k\u00a0P\u00e1novi. Odvtedy spolu za\u017eili tie najlep\u0161ie chv\u00edle man\u017eelstva a boli ve\u013emi \u0161\u0165astn\u00ed. Raz v\u00a0noci sa v\u0161ak zobudila a zistila, \u017ee man\u017eel ned\u00fdcha. Okam\u017eite sa za neho modlila a\u00a0povol\u00e1vala ho sp\u00e4\u0165 k\u00a0\u017eivotu. Prebral sa a\u00a0povedal jej, \u017ee bol u\u017e s\u00a0P\u00e1nom a\u00a0dos\u0165 \u0165a\u017eko niesol, \u017ee znova \u017eije. Hovoril jej o\u00a0tom, ako je tam n\u00e1dherne. Vtom mu Je\u017ei\u0161 povedal, \u017ee sa mus\u00ed kv\u00f4li modlitbe jeho man\u017eelky vr\u00e1ti\u0165 na zem. Uistil ho v\u0161ak, \u017ee to nebude nadlho, a\u00a0\u017ee sa do ve\u010dnosti o\u00a0nejak\u00fd \u010das vr\u00e1ti u\u017e natrvalo. Nasledovalo nieko\u013eko t\u00fd\u017ed\u0148ov, po\u010das ktor\u00fdch akoby dohnali v\u0161etko, \u010do po roky zame\u0161kali. Nakoniec odi\u0161iel v\u00a0pokoji za P\u00e1nom. Ke\u010f som si vypo\u010dul tento doj\u00edmav\u00fd pr\u00edbeh, ve\u013emi ma to upokojilo. Uvedomil som si, \u017ee s\u00fa veci, ktor\u00e9 nem\u00f4\u017eem ovplyvni\u0165, a\u00a0nikdy nebudem ma\u0165 odpovede na ka\u017ed\u00fa ot\u00e1zku. Mojou \u00falohou je sl\u00fa\u017ei\u0165 druh\u00fdm, ostatn\u00e9 je na P\u00e1novi. Nie som tu na to, aby som v\u0161etko posudzoval \u010d\u00ed vysvet\u013eoval. S\u00fa veci medzi nebom a\u00a0ka\u017ed\u00fdm \u010dlovekom, ktor\u00e9 m\u00f4\u017eu osta\u0165 skryt\u00e9.<\/p>\n<p class=\"MsoNormal\">\u00a0<\/p>\n<p class=\"MsoNormal\"><strong style=\"mso-bidi-font-weight: normal;\">Po\u010das posledn\u00fdch rokov si v\u0161ak za\u017eil ve\u013ea prielomov\u00fdch z\u00e1zrakov. <\/strong><\/p>\n<p class=\"MsoNormal\">Ka\u017ed\u00fd rok sa modl\u00edm asi za desa\u0165tis\u00edc \u013eud\u00ed. Nie je mo\u017en\u00e9, aby som sa dozvedel v\u00fdsledky v\u0161etk\u00fdch modlitieb. Niektor\u00e9 sa v\u0161ak ku mne dostan\u00fa. Nikdy napr\u00edklad nezabudnem na \u017eenu z\u00a0Kanady, ktor\u00e1 bola po autonehode \u00faplne ochrnut\u00e1 od krku dole. Nemohla pohn\u00fa\u0165 ani prstami. Niekto ju priniesol na zhroma\u017edenie do zboru, ktor\u00fd som tam nav\u0161t\u00edvil. Modlili sme sa za \u0148u, no\u00a0na mieste sa ni\u010d vidite\u013en\u00e9 nestalo. \u010eakovala mi a\u00a0skoro to vyzeralo tak, \u017ee ona z invalidn\u00e9ho\u00a0voz\u00edka povzbudzuje m\u0148a. O\u00a0rok nato som sa do tej cirkvi vr\u00e1til a\u00a0odrazu som ju zbadal som ju, ako chod\u00ed. Usmievala sa na m\u0148a a\u00a0potom sme sa\u00a0spolo\u010dne radovali.<\/p>\n<p class=\"MsoNormal\" style=\"text-indent: 35.4pt;\">Tento z\u00e1zrak je aj svedectvom o\u00a0tom, ako m\u00f4\u017eu uzdraveniu pom\u00f4c\u0165 priatelia chor\u00e9ho. Je\u017ei\u0161 povedal, \u017ee m\u00f4\u017eeme \u00eds\u0165 s\u00a0niek\u00fdm m\u00ed\u013eu navy\u0161e. Spome\u0148te si napr\u00edklad na t\u00fdch \u0161tyroch, ktor\u00ed niesli ochrnut\u00e9ho \u010dloveka k\u00a0domu, kde sl\u00fa\u017eil Je\u017ei\u0161. V\u00a0dome bolo to\u013eko \u013eud\u00ed, \u017ee museli preb\u00fara\u0165 strechu, aby sa k\u00a0Je\u017ei\u0161ovi dostali. Podst\u00fapili nejak\u00fa obe\u0165. Niekedy m\u00f4\u017ee by\u0165 v\u00a0takejto \u201ere\u0165azi\u201c uzdravenia zapojen\u00fdch viac \u013eud\u00ed. Ke\u010f je niekto uzdraven\u00fd, nenech\u00e1 si to iba pre seba, ale povie o\u00a0tom \u010fal\u0161\u00edm. Mo\u017eno to zapo\u010duje niekto, kto m\u00e1 chor\u00e9ho pr\u00edbuzn\u00e9ho, ktor\u00e9ho nalo\u017e\u00ed do auta a\u00a0privezie do cirkvi na modlitbu. Tak\u00e1to re\u0165az uzdravenia sa mi ve\u013emi p\u00e1\u010di.<\/p>\n<p class=\"MsoNormal\">\u00a0<\/p>\n<p class=\"MsoNormal\"><strong style=\"mso-bidi-font-weight: normal;\">\u010co e\u0161te m\u00f4\u017ee urobi\u0165 veriaci, aby po jeho modlitbe mohla by\u0165 uvo\u013enen\u00e1 Bo\u017eia moc?<\/strong><\/p>\n<p class=\"MsoNormal\">Mysl\u00edm, \u017ee sa treba vr\u00e1ti\u0165 k\u00a0jadru \u2013 k\u00a0n\u00e1\u0161mu vz\u0165ahu s\u00a0Je\u017ei\u0161om. On n\u00e1m d\u00e1va rieky \u017eivej vody, ale na to, aby sme z\u00a0nich mohli \u010derpa\u0165, mus\u00edme by\u0165 bl\u00edzko P\u00e1novi, teda ma\u0165 s\u00a0n\u00edm ka\u017edodenn\u00e9 spolo\u010denstvo. Je tie\u017e ve\u013emi d\u00f4le\u017eit\u00e9, aby sme k\u00a0\u013eu\u010fom pristupovali so skuto\u010dnou \u013e\u00fatos\u0165ou. V\u00a0gr\u00e9ckom origin\u00e1ly je v\u00a0Novom z\u00e1kone toto slovo pou\u017eit\u00e9 viackr\u00e1t a\u00a0d\u00e1 sa prelo\u017ei\u0165 ako \u201eda\u0165 niekomu l\u00e1sku\u201c. Niekedy sa s\u00fastre\u010fujeme pr\u00edli\u0161 na seba. V\u017edy by sme v\u0161ak mali osta\u0165 iba n\u00e1strojom v\u00a0Jeho ruk\u00e1ch. Potom cez n\u00e1s m\u00f4\u017ee pr\u00fadi\u0165 Jeho z\u013eutovanie.<\/p>\n<p class=\"MsoNormal\" style=\"text-indent: 35.4pt;\">Niekedy sa pri t\u00e9me uzdravenia a\u017e pr\u00edli\u0161 zd\u00f4raz\u0148uje \u00faloha piatich darov slu\u017eobnosti. \u00c1no, potrebujeme apo\u0161tolov, prorokov, pastorov, u\u010dite\u013eov a\u00a0evanjelistov, ale pod\u013ea Marka 16. kapitoly maj\u00fa znamenia nasledova\u0165 aj oby\u010dajn\u00fdch veriacich. Nepotrebujeme ma\u0165 slu\u017ebu uzdravenia, sta\u010d\u00ed, ak sme veriacimi. Ke\u010f k\u00e1\u017eem v\u00a0Amerike, \u010dasto dost\u00e1vam ot\u00e1zku, ak\u00fd druh slu\u017eby m\u00e1m. S\u00a0\u00fasmevom im odpoved\u00e1m, \u017ee m\u00e1m Bo\u017eiu slu\u017ebu.<\/p>\n<p class=\"MsoNormal\" style=\"text-indent: 35.4pt;\"><em>\u00a0<\/em><\/p>\n<p class=\"MsoNormal\" style=\"text-align: right;\" align=\"right\"><em>Ot\u00e1zky kl\u00e1dol Martin Hun\u010d\u00e1r<\/em><\/p>\n<p class=\"MsoNormal\" style=\"text-align: left;\" align=\"right\"><em><br \/><\/em><\/p>\n<hr \/>\n<p class=\"MsoNormal\" style=\"text-align: left;\" align=\"right\">\u00a0<\/p>\n<p style=\"text-align: left;\"><em><img decoding=\"async\" class=\" alignright size-full wp-image-3341\" src=\"https:\/\/new.slovozivota.sk\/wp-content\/uploads\/2015\/11\/Sered_deti.JPG\" border=\"0\" alt=\"\" width=\"590\" height=\"441\" align=\"right\" srcset=\"https:\/\/www.slovozivota.sk\/wp-content\/uploads\/2015\/11\/Sered_deti-300x225.jpg 300w, https:\/\/www.slovozivota.sk\/wp-content\/uploads\/2015\/11\/Sered_deti-390x293.jpg 390w\" sizes=\"(max-width: 767px) 100vw, 590px\" \/>Man\u017eelia Kosovci a man\u017eelia Vargovci zo Serede s\u00a0vymodlen\u00fdmi po\u017eehnaniami, dc\u00e9rkami Nat\u00e1lkou a\u00a0Sofinkou. <\/em><\/p>\n<p>\u00a0<\/p>\n<p>Obe rodiny ve\u013emi t\u00fa\u017eili po die\u0165atku, no po nieko\u013ek\u00fdch rokoch bez\u00faspe\u0161ne. Boli susedia, a\u00a0tak sa spolu povzbudzovali vo viere a\u00a0v\u00a0modlitbe prosili P\u00e1na o\u00a0z\u00e1zrak. V\u00a0lete roku 2013 sa za nich modlil Per Cederg\u00e5rdh a\u00a0Boh modlitbu vypo\u010dul, Nat\u00e1lka Kosov\u00e1 sa narodila v\u00a0j\u00fali 2014 a\u00a0Sofinka Vargov\u00e1 v\u00a0septembri 2014.<\/p>\n<p>\u00a0<\/p>\n<p>\u00a0<\/p>\n<p>\u00a0<\/p>\n<p>\u00a0<\/p>\n<p>\u00a0<\/p>\n<p>\u00a0<\/p>\n<p>\u00a0<\/p>\n<p>\u00a0<\/p>\n","protected":false},"excerpt":{"rendered":"<p>\u00a0 Letn\u00e9 evanjeliza\u010dn\u00e9 turn\u00e9 s Perom Cederg\u00e5rdhom \u00a0 U\u017e viac ako desa\u0165 rokov v\u00a0lete organizujeme kampa\u0148 s\u00a0evanjelistom, ktor\u00fd zanechal pr\u00e1cu architekta, aby mohol po celom svete zvestova\u0165 Krista. \u013dudia na [&hellip;]<\/p>\n","protected":false},"author":1,"featured_media":3340,"comment_status":"open","ping_status":"open","sticky":false,"template":"","format":"standard","meta":{"episode_type":"","audio_file":"","cover_image":"","cover_image_id":"","duration":"","filesize":"","date_recorded":"","explicit":"","block":"","filesize_raw":"","footnotes":""},"categories":[64],"tags":[],"series":[],"class_list":["post-3342","post","type-post","status-publish","format-standard","has-post-thumbnail","hentry","category-misia-reportaz-old"],"episode_featured_image":"https:\/\/www.slovozivota.sk\/wp-content\/uploads\/2015\/11\/Per_2.jpg","episode_player_image":"https:\/\/www.slovozivota.sk\/wp-content\/uploads\/2019\/10\/PodcastSZ-1.jpg","download_link":"","player_link":"","audio_player":false,"episode_data":{"playerMode":"dark","subscribeUrls":[],"rssFeedUrl":"https:\/\/www.slovozivota.sk\/en\/feed\/podcast\/slovo-zivota","embedCode":"<blockquote class=\"wp-embedded-content\" data-secret=\"WmiKCkIn05\"><a href=\"https:\/\/www.slovozivota.sk\/en\/2015\/11\/jezis-stale-zazracne-uzdravuje-ludi\/\">Je\u017ei\u0161 st\u00e1le z\u00e1zra\u010dne uzdravuje \u013eud\u00ed<\/a><\/blockquote><iframe sandbox=\"allow-scripts\" security=\"restricted\" src=\"https:\/\/www.slovozivota.sk\/en\/2015\/11\/jezis-stale-zazracne-uzdravuje-ludi\/embed\/#?secret=WmiKCkIn05\" width=\"500\" height=\"350\" title=\"&#8220;Je\u017ei\u0161 st\u00e1le z\u00e1zra\u010dne uzdravuje \u013eud\u00ed&#8221; &#8212; Slovo \u017eivota\" data-secret=\"WmiKCkIn05\" frameborder=\"0\" marginwidth=\"0\" marginheight=\"0\" scrolling=\"no\" class=\"wp-embedded-content\"><\/iframe><script type=\"text\/javascript\">\n\/* <![CDATA[ *\/\n\/*! This file is auto-generated *\/\n!function(d,l){\"use strict\";l.querySelector&&d.addEventListener&&\"undefined\"!=typeof URL&&(d.wp=d.wp||{},d.wp.receiveEmbedMessage||(d.wp.receiveEmbedMessage=function(e){var t=e.data;if((t||t.secret||t.message||t.value)&&!\/[^a-zA-Z0-9]\/.test(t.secret)){for(var s,r,n,a=l.querySelectorAll('iframe[data-secret=\"'+t.secret+'\"]'),o=l.querySelectorAll('blockquote[data-secret=\"'+t.secret+'\"]'),c=new RegExp(\"^https?:$\",\"i\"),i=0;i<o.length;i++)o[i].style.display=\"none\";for(i=0;i<a.length;i++)s=a[i],e.source===s.contentWindow&&(s.removeAttribute(\"style\"),\"height\"===t.message?(1e3<(r=parseInt(t.value,10))?r=1e3:~~r<200&&(r=200),s.height=r):\"link\"===t.message&&(r=new URL(s.getAttribute(\"src\")),n=new URL(t.value),c.test(n.protocol))&&n.host===r.host&&l.activeElement===s&&(d.top.location.href=t.value))}},d.addEventListener(\"message\",d.wp.receiveEmbedMessage,!1),l.addEventListener(\"DOMContentLoaded\",function(){for(var e,t,s=l.querySelectorAll(\"iframe.wp-embedded-content\"),r=0;r<s.length;r++)(t=(e=s[r]).getAttribute(\"data-secret\"))||(t=Math.random().toString(36).substring(2,12),e.src+=\"#?secret=\"+t,e.setAttribute(\"data-secret\",t)),e.contentWindow.postMessage({message:\"ready\",secret:t},\"*\")},!1)))}(window,document);\n\/* ]]> *\/\n<\/script>\n"},"_links":{"self":[{"href":"https:\/\/www.slovozivota.sk\/en\/wp-json\/wp\/v2\/posts\/3342","targetHints":{"allow":["GET"]}}],"collection":[{"href":"https:\/\/www.slovozivota.sk\/en\/wp-json\/wp\/v2\/posts"}],"about":[{"href":"https:\/\/www.slovozivota.sk\/en\/wp-json\/wp\/v2\/types\/post"}],"author":[{"embeddable":true,"href":"https:\/\/www.slovozivota.sk\/en\/wp-json\/wp\/v2\/users\/1"}],"replies":[{"embeddable":true,"href":"https:\/\/www.slovozivota.sk\/en\/wp-json\/wp\/v2\/comments?post=3342"}],"version-history":[{"count":0,"href":"https:\/\/www.slovozivota.sk\/en\/wp-json\/wp\/v2\/posts\/3342\/revisions"}],"wp:featuredmedia":[{"embeddable":true,"href":"https:\/\/www.slovozivota.sk\/en\/wp-json\/wp\/v2\/media\/3340"}],"wp:attachment":[{"href":"https:\/\/www.slovozivota.sk\/en\/wp-json\/wp\/v2\/media?parent=3342"}],"wp:term":[{"taxonomy":"category","embeddable":true,"href":"https:\/\/www.slovozivota.sk\/en\/wp-json\/wp\/v2\/categories?post=3342"},{"taxonomy":"post_tag","embeddable":true,"href":"https:\/\/www.slovozivota.sk\/en\/wp-json\/wp\/v2\/tags?post=3342"},{"taxonomy":"series","embeddable":true,"href":"https:\/\/www.slovozivota.sk\/en\/wp-json\/wp\/v2\/series?post=3342"}],"curies":[{"name":"wp","href":"https:\/\/api.w.org\/{rel}","templated":true}]}}