{"id":2315,"date":"2012-01-19T00:00:00","date_gmt":"2012-01-18T23:00:00","guid":{"rendered":"https:\/\/new.slovozivota.sk\/2012\/01\/pamaetny-den-holokaustu\/"},"modified":"2012-01-19T00:00:00","modified_gmt":"2012-01-18T23:00:00","slug":"pamaetny-den-holokaustu","status":"publish","type":"post","link":"https:\/\/www.slovozivota.sk\/ru-ru\/2012\/01\/pamaetny-den-holokaustu\/","title":{"rendered":"Pam\u00e4tn\u00fd de\u0148 Holokaustu"},"content":{"rendered":"<h3><img decoding=\"async\" class=\" alignleft size-full wp-image-2313\" src=\"https:\/\/new.slovozivota.sk\/wp-content\/uploads\/2012\/01\/pdh7.jpg\" border=\"0\" alt=\"\" style=\"float: left;\" width=\"200\" height=\"150\" \/>DK D\u00fabravka, \u010derven\u00e1 s\u00e1la o 18.30 <\/p>\n<p>Pondelok 30. janu\u00e1ra 2012<\/h3>\n<p>\u00a0<\/p>\n<p>Hos\u0165om Pam\u00e4tn\u00e9ho d\u0148a je aj <strong>Fedor G\u00e1l<\/strong>, zn\u00e1my z novembra 89, ktor\u00fd sa narodil v koncentra\u010dnom t\u00e1bore Terez\u00edn v roku 1945.<\/p>\n<p>S\u00fa\u010das\u0165ou prezent\u00e1cie bude aj \u00faryvok z dokumentu, ktor\u00fd nakr\u00fatil v roku 2008, \u201eKr\u00e1tka dlh\u00e1 cesta\u201c.<\/p>\n<p>Druh\u00e1 \u010das\u0165 ve\u010dera bude patri\u0165 biblick\u00e9mu zamysleniu, chv\u00e1lam a modlitb\u00e1m za Izrael.<\/p>\n<p><a href=\"https:\/\/new.slovozivota.sk\/wp-content\/uploads\/2012\/01\/f_gal_zhromko_2012_new_pdf_mensie.pdf\" target=\"_blank\" rel=\"noopener noreferrer\">Plag\u00e1t na stiahnutie<\/a><\/p>\n<p>Svetov\u00fd pam\u00e4tn\u00fd de\u0148 holokaustu bol stanoven\u00fd v roku 2005, ke\u010f Valn\u00e9 zhroma\u017edenie OSN vyhl\u00e1silo d\u00e1tum 27.1. za pam\u00e4tn\u00fd de\u0148 oslobodenia koncentra\u010dn\u00e9ho t\u00e1bora Auschwitz-Birkenau v Po\u013esku (27.1.1945).<\/p>\n<p>Hlavn\u00fdm hos\u0165om ve\u010dera bude <strong>Fedor G\u00c1L<\/strong>, ktor\u00e9ho slovensk\u00e1 verejnos\u0165 pozn\u00e1 hlavne z novembra 89 a udalost\u00ed po \u0148om. Fedor G\u00e1l sa narodil v roku 1945 v koncentra\u010dnom t\u00e1bore Terez\u00edn. Jeho otec bol ako tridsa\u0165p\u00e4\u0165ro\u010dn\u00fd zastrelen\u00fd jednotkami SS na konci vojny, po\u010das pochodu smrti zo Sachsenhausenu do Schwerinu. V roku 2008 nato\u010dil Fedor G\u00e1l dokument Kr\u00e1tka dlh\u00e1 cesta, v ktorom sa vydal po stop\u00e1ch svojho otca a reflektuje v \u0148om svoje osobn\u00e9 pre\u017e\u00edvanie t\u00e9my holokaustu.<\/p>\n<p>Druh\u00e1 \u010das\u0165 ve\u010dera bude patri\u0165 biblick\u00e9mu zamysleniu, chv\u00e1lam a modlitb\u00e1m za Izrael. Ka\u017edoro\u010dne akciu organizujeme v spolupr\u00e1ci s ICEJ (Medzin\u00e1rodn\u00e9 kres\u0165ansk\u00e9 ve\u013evyslanectvo v Jeruzaleme) a kres\u0165ansk\u00fdmi zbormi zdru\u017een\u00fdmi v platforme Kres\u0165ania v meste (KvM). Ka\u017edoro\u010dne poz\u00fdvame zauj\u00edmav\u00fdch host\u00ed, ako boli ve\u013evyslanci Izreala na Slovensku, prof. Me\u0161\u0165an a \u010fal\u0161\u00ed. Ver\u00edme, \u017ee je d\u00f4le\u017eit\u00e9, aby sme nezab\u00fadali na hr\u00f4zy vojny a etnickej katastrofy, ktor\u00fa naz\u00fdvame Holokaust alebo hebrejsky Shoah, ktor\u00e9 sa odohrali len nie\u010do viac ne\u017e pred pol storo\u010d\u00edm. Svetov\u00fd de\u0148 Holokaustu je tie\u017e pripomienkou pre kres\u0165anov, aby sa u\u017e ni\u010d podobn\u00e9ho nemohlo opakova\u0165, a aby sme nezab\u00fadali na Izrael v modlitb\u00e1ch.<\/p>\n","protected":false},"excerpt":{"rendered":"<p>DK D\u00fabravka, \u010derven\u00e1 s\u00e1la o 18.30 Pondelok 30. janu\u00e1ra 2012 \u00a0 Hos\u0165om Pam\u00e4tn\u00e9ho d\u0148a je aj Fedor G\u00e1l, zn\u00e1my z novembra 89, ktor\u00fd sa narodil v koncentra\u010dnom t\u00e1bore Terez\u00edn v [&hellip;]<\/p>\n","protected":false},"author":1,"featured_media":2313,"comment_status":"open","ping_status":"open","sticky":false,"template":"","format":"standard","meta":{"episode_type":"","audio_file":"","cover_image":"","cover_image_id":"","duration":"","filesize":"","date_recorded":"","explicit":"","block":"","filesize_raw":"","footnotes":""},"categories":[72],"tags":[],"series":[],"class_list":["post-2315","post","type-post","status-publish","format-standard","has-post-thumbnail","hentry","category-aktuality"],"episode_featured_image":"https:\/\/www.slovozivota.sk\/wp-content\/uploads\/2012\/01\/pdh7.jpg","episode_player_image":"https:\/\/www.slovozivota.sk\/wp-content\/uploads\/2019\/10\/PodcastSZ-1.jpg","download_link":"","player_link":"","audio_player":false,"episode_data":{"playerMode":"dark","subscribeUrls":[],"rssFeedUrl":"https:\/\/www.slovozivota.sk\/ru-ru\/feed\/podcast\/slovo-zivota","embedCode":"<blockquote class=\"wp-embedded-content\" data-secret=\"avjQC2HtUE\"><a href=\"https:\/\/www.slovozivota.sk\/ru-ru\/2012\/01\/pamaetny-den-holokaustu\/\">Pam\u00e4tn\u00fd de\u0148 Holokaustu<\/a><\/blockquote><iframe sandbox=\"allow-scripts\" security=\"restricted\" src=\"https:\/\/www.slovozivota.sk\/ru-ru\/2012\/01\/pamaetny-den-holokaustu\/embed\/#?secret=avjQC2HtUE\" width=\"500\" height=\"350\" title=\"\u00abPam\u00e4tn\u00fd de\u0148 Holokaustu\u00bb &#8212; Slovo \u017eivota\" data-secret=\"avjQC2HtUE\" frameborder=\"0\" marginwidth=\"0\" marginheight=\"0\" scrolling=\"no\" class=\"wp-embedded-content\"><\/iframe><script type=\"text\/javascript\">\n\/* <![CDATA[ *\/\n\/*! This file is auto-generated *\/\n!function(d,l){\"use strict\";l.querySelector&&d.addEventListener&&\"undefined\"!=typeof URL&&(d.wp=d.wp||{},d.wp.receiveEmbedMessage||(d.wp.receiveEmbedMessage=function(e){var t=e.data;if((t||t.secret||t.message||t.value)&&!\/[^a-zA-Z0-9]\/.test(t.secret)){for(var s,r,n,a=l.querySelectorAll('iframe[data-secret=\"'+t.secret+'\"]'),o=l.querySelectorAll('blockquote[data-secret=\"'+t.secret+'\"]'),c=new RegExp(\"^https?:$\",\"i\"),i=0;i<o.length;i++)o[i].style.display=\"none\";for(i=0;i<a.length;i++)s=a[i],e.source===s.contentWindow&&(s.removeAttribute(\"style\"),\"height\"===t.message?(1e3<(r=parseInt(t.value,10))?r=1e3:~~r<200&&(r=200),s.height=r):\"link\"===t.message&&(r=new URL(s.getAttribute(\"src\")),n=new URL(t.value),c.test(n.protocol))&&n.host===r.host&&l.activeElement===s&&(d.top.location.href=t.value))}},d.addEventListener(\"message\",d.wp.receiveEmbedMessage,!1),l.addEventListener(\"DOMContentLoaded\",function(){for(var e,t,s=l.querySelectorAll(\"iframe.wp-embedded-content\"),r=0;r<s.length;r++)(t=(e=s[r]).getAttribute(\"data-secret\"))||(t=Math.random().toString(36).substring(2,12),e.src+=\"#?secret=\"+t,e.setAttribute(\"data-secret\",t)),e.contentWindow.postMessage({message:\"ready\",secret:t},\"*\")},!1)))}(window,document);\n\/* ]]> *\/\n<\/script>\n"},"_links":{"self":[{"href":"https:\/\/www.slovozivota.sk\/ru-ru\/wp-json\/wp\/v2\/posts\/2315","targetHints":{"allow":["GET"]}}],"collection":[{"href":"https:\/\/www.slovozivota.sk\/ru-ru\/wp-json\/wp\/v2\/posts"}],"about":[{"href":"https:\/\/www.slovozivota.sk\/ru-ru\/wp-json\/wp\/v2\/types\/post"}],"author":[{"embeddable":true,"href":"https:\/\/www.slovozivota.sk\/ru-ru\/wp-json\/wp\/v2\/users\/1"}],"replies":[{"embeddable":true,"href":"https:\/\/www.slovozivota.sk\/ru-ru\/wp-json\/wp\/v2\/comments?post=2315"}],"version-history":[{"count":0,"href":"https:\/\/www.slovozivota.sk\/ru-ru\/wp-json\/wp\/v2\/posts\/2315\/revisions"}],"wp:featuredmedia":[{"embeddable":true,"href":"https:\/\/www.slovozivota.sk\/ru-ru\/wp-json\/wp\/v2\/media\/2313"}],"wp:attachment":[{"href":"https:\/\/www.slovozivota.sk\/ru-ru\/wp-json\/wp\/v2\/media?parent=2315"}],"wp:term":[{"taxonomy":"category","embeddable":true,"href":"https:\/\/www.slovozivota.sk\/ru-ru\/wp-json\/wp\/v2\/categories?post=2315"},{"taxonomy":"post_tag","embeddable":true,"href":"https:\/\/www.slovozivota.sk\/ru-ru\/wp-json\/wp\/v2\/tags?post=2315"},{"taxonomy":"series","embeddable":true,"href":"https:\/\/www.slovozivota.sk\/ru-ru\/wp-json\/wp\/v2\/series?post=2315"}],"curies":[{"name":"wp","href":"https:\/\/api.w.org\/{rel}","templated":true}]}}