{"id":2441,"date":"2009-04-30T00:00:00","date_gmt":"2009-04-29T22:00:00","guid":{"rendered":"https:\/\/new.slovozivota.sk\/2009\/04\/otvoreny-list-predsedovi-vlady-sr\/"},"modified":"2009-04-30T00:00:00","modified_gmt":"2009-04-29T22:00:00","slug":"otvoreny-list-predsedovi-vlady-sr","status":"publish","type":"post","link":"https:\/\/www.slovozivota.sk\/ru-ru\/2009\/04\/otvoreny-list-predsedovi-vlady-sr\/","title":{"rendered":"Otvoren\u00fd list predsedovi vl\u00e1dy SR"},"content":{"rendered":"<p>Tento otvoren\u00fd list sa t\u00fdka ot\u00e1zky ohrozenia n\u00e1bo\u017eenskej slobody o ktorej rokoval Eur\u00f3psky parlament.<\/p>\n<p>V\u00e1\u017een\u00fd p\u00e1n premi\u00e9r,<\/p>\n<p>2. apr\u00edla 2009 Eur\u00f3psky parlament pomerom hlasov 360:227 podporil schv\u00e1lenie smernice o vykon\u00e1van\u00ed z\u00e1sady rovnak\u00e9ho zaobch\u00e1dzania s osobami bez oh\u013eadu na n\u00e1bo\u017eensk\u00e9 vyznanie alebo vieru, zdravotn\u00e9 postihnutie, vek alebo sexu\u00e1lnu orient\u00e1ciu z 02. 07. 2008.<\/p>\n<p>Pod\u013ea zmienen\u00e9ho n\u00e1vrhu smernice m\u00e1 by\u0165 v \u010dlensk\u00fdch krajin\u00e1ch Eur\u00f3pskej \u00fanie o. i. zak\u00e1zan\u00e9 ak\u00e9ko\u013evek spr\u00e1vanie, ktor\u00e9 by sp\u00f4sobilo vznik prostredia ur\u00e1\u017eaj\u00faceho nejak\u00fa osobu kv\u00f4li jej vierovyznaniu alebo sexu\u00e1lnej orient\u00e1cii. Z\u00e1kaz tak\u00e9hoto spr\u00e1vania sa m\u00e1 vz\u0165ahova\u0165 na verejn\u00fd i s\u00fakromn\u00fd sektor v oblastiach soci\u00e1lnej ochrany, vr\u00e1tane soci\u00e1lneho zabezpe\u010denia a zdravotnej starostlivosti, soci\u00e1lnych v\u00fdhod, vzdel\u00e1vania, pr\u00edstupu k tovarom a poskytovaniu slu\u017eieb, ktor\u00e9 s\u00fa dostupn\u00e9 verejnosti, vr\u00e1tane b\u00fdvania.<\/p>\n<p>Na z\u00e1klade takejto smernice by bolo v mnoh\u00fdch oblastiach spolo\u010densk\u00e9ho \u017eivota kres\u0165anom zak\u00e1zan\u00e9 zast\u00e1va\u0165 a prezentova\u0165 podstatn\u00e9 body biblick\u00e9ho u\u010denia, napr. oh\u013eadom nemor\u00e1lnosti homosexu\u00e1lneho spr\u00e1vania (porov. List Rimanom 1. kapitola). Za poru\u0161enie tohto z\u00e1kazu, maj\u00fa hrozi\u0165 v\u00e1\u017ene finan\u010dn\u00e9 sankcie. Znepokojuje n\u00e1s tie\u017e, \u017ee predlo\u017een\u00fd n\u00e1vrh predpoklad\u00e1 aj \u010diasto\u010dn\u00fd presun d\u00f4kazn\u00e9ho bremena na osobu obvinen\u00fa zo \u201espr\u00e1vania sp\u00f4sobuj\u00faceho ur\u00e1\u017eliv\u00e9 prostredie\u201c. \u201eC\u00edti\u0165 sa urazen\u00fd\u201c je ve\u013emi v\u00e1gny pojem. Tak\u00e9to v\u00e1gne pojmy nesm\u00fa by\u0165 pou\u017eit\u00e9 na vymedzenie hran\u00edc slobody prejavu. (Porov. rozsudok Eur\u00f3psk\u00e9ho s\u00fadu pre \u013eudsk\u00e9 pr\u00e1va v pr\u00edpade Hashman a Harrup vs. Ve\u013ek\u00e1 Brit\u00e1nia zo d\u0148a 25.11.1999).<\/p>\n<p>Chceme V\u00e1s ubezpe\u010di\u0165, \u017ee homosexu\u00e1lne orientovan\u00e9 osoby m\u00e1me v \u00facte ako ka\u017ed\u00e9ho \u010dloveka, uzn\u00e1vame ich \u013eudsk\u00fa d\u00f4stojnos\u0165 a rozhodne odsudzujeme ak\u00fako\u013evek nen\u00e1vis\u0165 a v\u0161etky prejavy n\u00e1silia.<\/p>\n<p>Kone\u010dn\u00e9 schv\u00e1lenie tejto smernice v Rade ministrov v\u0161ak m\u00f4\u017ee vies\u0165 k obmedzeniu slobody prejavu, n\u00e1bo\u017eenskej slobody a otvoren\u00e9mu prenasledovaniu kres\u0165anov, \u017eidov, moslimov a konzervat\u00edvne zm\u00fd\u0161\u013eaj\u00facich ob\u010danov v Eur\u00f3pe.<\/p>\n<p>V\u00e1\u017een\u00fd p\u00e1n premi\u00e9r, chceme V\u00e1s po\u017eiada\u0165, aby ste svojou autoritou presadili, \u017ee pr\u00edslu\u0161n\u00fd minister bude za Slovensk\u00fa republiku v Rade ministrov hlasova\u0165 proti tomuto n\u00e1vrhu antidiskrimina\u010dnej smernice. Ako isto viete, v tomto pr\u00edpade m\u00f4\u017ee ktor\u00e1ko\u013evek krajina vyu\u017ei\u0165 pr\u00e1vo veta a zabr\u00e1ni\u0165 tak schv\u00e1leniu smernice, ktor\u00e1 v\u00e1\u017enym sp\u00f4sobom ohrozuje z\u00e1kladn\u00e9 piliere demokracie v Eur\u00f3pe t.j. slobodu prejavu a n\u00e1bo\u017eensk\u00fa slobodu.<\/p>\n<p>S \u00factiv\u00fdm pozdravom,<\/p>\n<p><strong>Rev. Mgr. Tom\u00e1\u0161 Kri\u0161ka<\/strong>, predseda Rady BJB v SR, kazate\u013e cirkevn\u00e9ho zboru Viera<br \/> <strong>Rev. J\u00e1n Lacho<\/strong>, biskup Apo\u0161tolskej cirkvi v SR<br \/> <strong>Rev. Mgr. R\u00f3bert Zachar<\/strong>, superintendent Evanjelickej cirkvi metodistickej<br \/> <strong>Rev. RNDr. Mgr. J\u00e1n Sz\u0151ll\u0151s CSc.<\/strong>, kazate\u013e cirkevn\u00e9ho zboru BJB Palis\u00e1dy<br \/> <strong>Rev. Vojtech Sirkovsk\u00fd<\/strong>, kazate\u013e cirkevn\u00e9ho zboru ECM Petr\u017ealka<br \/> <strong>Rev. Mgr. Michal Kevick\u00fd<\/strong>, kazate\u013e cirkevn\u00e9ho zboru Viera<br \/> <strong>Rev. Mgr. Ing. Pavol Zsolnai<\/strong>, senior pastor cirkevn\u00e9ho zboru AC Bratislava<br \/> <strong>Mgr. Marek Nikolov<\/strong>, predseda ob\u010dianskeho zdru\u017eenia Pastor bonus<br \/> <strong>Igor Rosa<\/strong>, pastor, ob\u010dianske zdru\u017eenie Christiana SK<br \/> <strong>Ing. Peter \u010cu\u0159\u00edk<\/strong>, ved\u00faci ob\u010dianskeho zdru\u017eenia Slovo \u017eivota international<br \/> <strong>Mgr. Martin Ilavsk\u00fd<\/strong>, konate\u013e ob\u010dianskeho zdru\u017eenia Prielom<br \/> <strong>Mgr. M\u00e1rio Tom\u00e1\u0161ik<\/strong>, predseda ob\u010dianskeho zdru\u017eenia Informa\u010dn\u00e9 centrum Spolo\u010denstva pri D\u00f3me sv. Martina<br \/> <strong>MUDr. Marek Kraj\u010d\u00ed<\/strong>, riadite\u013e ob\u010dianskeho zdru\u017eenia KRES\u0164ANIA V MESTE<\/p>\n","protected":false},"excerpt":{"rendered":"<p>Tento otvoren\u00fd list sa t\u00fdka ot\u00e1zky ohrozenia n\u00e1bo\u017eenskej slobody o ktorej rokoval Eur\u00f3psky parlament. V\u00e1\u017een\u00fd p\u00e1n premi\u00e9r, 2. apr\u00edla 2009 Eur\u00f3psky parlament pomerom hlasov 360:227 podporil schv\u00e1lenie smernice o vykon\u00e1van\u00ed [&hellip;]<\/p>\n","protected":false},"author":1,"featured_media":0,"comment_status":"open","ping_status":"open","sticky":false,"template":"","format":"standard","meta":{"episode_type":"","audio_file":"","cover_image":"","cover_image_id":"","duration":"","filesize":"","date_recorded":"","explicit":"","block":"","filesize_raw":"","footnotes":""},"categories":[72],"tags":[],"series":[],"class_list":["post-2441","post","type-post","status-publish","format-standard","hentry","category-aktuality"],"episode_featured_image":false,"episode_player_image":"https:\/\/www.slovozivota.sk\/wp-content\/uploads\/2019\/10\/PodcastSZ-1.jpg","download_link":"","player_link":"","audio_player":false,"episode_data":{"playerMode":"dark","subscribeUrls":[],"rssFeedUrl":"https:\/\/www.slovozivota.sk\/ru-ru\/feed\/podcast\/slovo-zivota","embedCode":"<blockquote class=\"wp-embedded-content\" data-secret=\"bMisBvoqTQ\"><a href=\"https:\/\/www.slovozivota.sk\/ru-ru\/2009\/04\/otvoreny-list-predsedovi-vlady-sr\/\">Otvoren\u00fd list predsedovi vl\u00e1dy SR<\/a><\/blockquote><iframe sandbox=\"allow-scripts\" security=\"restricted\" src=\"https:\/\/www.slovozivota.sk\/ru-ru\/2009\/04\/otvoreny-list-predsedovi-vlady-sr\/embed\/#?secret=bMisBvoqTQ\" width=\"500\" height=\"350\" title=\"\u00abOtvoren\u00fd list predsedovi vl\u00e1dy SR\u00bb &#8212; Slovo \u017eivota\" data-secret=\"bMisBvoqTQ\" frameborder=\"0\" marginwidth=\"0\" marginheight=\"0\" scrolling=\"no\" class=\"wp-embedded-content\"><\/iframe><script type=\"text\/javascript\">\n\/* <![CDATA[ *\/\n\/*! This file is auto-generated *\/\n!function(d,l){\"use strict\";l.querySelector&&d.addEventListener&&\"undefined\"!=typeof URL&&(d.wp=d.wp||{},d.wp.receiveEmbedMessage||(d.wp.receiveEmbedMessage=function(e){var t=e.data;if((t||t.secret||t.message||t.value)&&!\/[^a-zA-Z0-9]\/.test(t.secret)){for(var s,r,n,a=l.querySelectorAll('iframe[data-secret=\"'+t.secret+'\"]'),o=l.querySelectorAll('blockquote[data-secret=\"'+t.secret+'\"]'),c=new RegExp(\"^https?:$\",\"i\"),i=0;i<o.length;i++)o[i].style.display=\"none\";for(i=0;i<a.length;i++)s=a[i],e.source===s.contentWindow&&(s.removeAttribute(\"style\"),\"height\"===t.message?(1e3<(r=parseInt(t.value,10))?r=1e3:~~r<200&&(r=200),s.height=r):\"link\"===t.message&&(r=new URL(s.getAttribute(\"src\")),n=new URL(t.value),c.test(n.protocol))&&n.host===r.host&&l.activeElement===s&&(d.top.location.href=t.value))}},d.addEventListener(\"message\",d.wp.receiveEmbedMessage,!1),l.addEventListener(\"DOMContentLoaded\",function(){for(var e,t,s=l.querySelectorAll(\"iframe.wp-embedded-content\"),r=0;r<s.length;r++)(t=(e=s[r]).getAttribute(\"data-secret\"))||(t=Math.random().toString(36).substring(2,12),e.src+=\"#?secret=\"+t,e.setAttribute(\"data-secret\",t)),e.contentWindow.postMessage({message:\"ready\",secret:t},\"*\")},!1)))}(window,document);\n\/* ]]> *\/\n<\/script>\n"},"_links":{"self":[{"href":"https:\/\/www.slovozivota.sk\/ru-ru\/wp-json\/wp\/v2\/posts\/2441","targetHints":{"allow":["GET"]}}],"collection":[{"href":"https:\/\/www.slovozivota.sk\/ru-ru\/wp-json\/wp\/v2\/posts"}],"about":[{"href":"https:\/\/www.slovozivota.sk\/ru-ru\/wp-json\/wp\/v2\/types\/post"}],"author":[{"embeddable":true,"href":"https:\/\/www.slovozivota.sk\/ru-ru\/wp-json\/wp\/v2\/users\/1"}],"replies":[{"embeddable":true,"href":"https:\/\/www.slovozivota.sk\/ru-ru\/wp-json\/wp\/v2\/comments?post=2441"}],"version-history":[{"count":0,"href":"https:\/\/www.slovozivota.sk\/ru-ru\/wp-json\/wp\/v2\/posts\/2441\/revisions"}],"wp:attachment":[{"href":"https:\/\/www.slovozivota.sk\/ru-ru\/wp-json\/wp\/v2\/media?parent=2441"}],"wp:term":[{"taxonomy":"category","embeddable":true,"href":"https:\/\/www.slovozivota.sk\/ru-ru\/wp-json\/wp\/v2\/categories?post=2441"},{"taxonomy":"post_tag","embeddable":true,"href":"https:\/\/www.slovozivota.sk\/ru-ru\/wp-json\/wp\/v2\/tags?post=2441"},{"taxonomy":"series","embeddable":true,"href":"https:\/\/www.slovozivota.sk\/ru-ru\/wp-json\/wp\/v2\/series?post=2441"}],"curies":[{"name":"wp","href":"https:\/\/api.w.org\/{rel}","templated":true}]}}