{"id":2475,"date":"2008-12-01T00:00:00","date_gmt":"2008-11-30T23:00:00","guid":{"rendered":"https:\/\/new.slovozivota.sk\/2008\/12\/biblicka-skola-uz-v-plnom-prude\/"},"modified":"2008-12-01T00:00:00","modified_gmt":"2008-11-30T23:00:00","slug":"biblicka-skola-uz-v-plnom-prude","status":"publish","type":"post","link":"https:\/\/www.slovozivota.sk\/ru-ru\/2008\/12\/biblicka-skola-uz-v-plnom-prude\/","title":{"rendered":"Biblick\u00e1 \u0161kola u\u017e v plnom pr\u00fade"},"content":{"rendered":"<p>Po dlhom \u010dase pr\u00edprav kone\u010dne nadi\u0161iel de\u0148 D, 16. september. Biblick\u00e1 \u0161kola s denn\u00fdm vyu\u010dovan\u00edm sa za\u010dala! M\u00e1me 56 \u0161tudentov z r\u00f4znych kraj\u00edn. Najpo\u010detnej\u0161iu skupinu tvoria, pochopite\u013ene, Slov\u00e1ci, okrem nich m\u00e1me desa\u0165 \u0161tudentov z \u010ceskej republiky, troch z Rak\u00faska a jednu \u0161tudentku z Bulharska. Prv\u00fd mesiac pre\u0161iel a prv\u00e9 ohlasy od \u0161tudentov s\u00fa ve\u013emi pozit\u00edvne.<\/p>\n<p>\u00a0<\/p>\n<p>Peter z\u00a0Modry to zhodnotil takto: \u201e<em>Biblick\u00e1 \u0161kola je pre m\u0148a ve\u013ekou v\u00fdzvou. Jeden mesiac v\u00a0biblickej \u0161kole mi dal viac ako rok chodenia na nede\u013en\u00e9 zhroma\u017edenia.&#8221;<\/em><\/p>\n<p>\u00a0<\/p>\n<p>Aj Anete z\u00a0Pardub\u00edc sa v\u00a0biblickej \u0161kole ve\u013emi p\u00e1\u010di: \u201e<em>Boh mi odkr\u00fdva svoje slovo \u00faplne nov\u00fdm sp\u00f4sobom. M\u00e1m v\u00e4\u010d\u0161iu t\u00fa\u017ebu \u010d\u00edta\u0165 Bibliu. M\u00e1m pocit, \u017ee Boha pozn\u00e1m viac ako predt\u00fdm a viac a viac si uvedomujem, \u017ee jeho l\u00e1ska je odpove\u010fou na v\u0161etky moje ot\u00e1zky.&#8221;<\/em><\/p>\n<p>\u00a0<\/p>\n<p>Na biblickej \u0161kole sa zi\u0161li kres\u0165ania, ktor\u00ed poch\u00e1dzaj\u00fa z\u00a0r\u00f4znych cirkv\u00ed. Okrem vyu\u010dovania sa cez t\u00fd\u017ede\u0148 stret\u00e1vaj\u00fa v\u00a0skupin\u00e1ch a podie\u013eaj\u00fa sa tie\u017e na r\u00f4znych evanjeliza\u010dn\u00fdch aktivit\u00e1ch. U\u010ditelia okrem vyu\u010dovania na biblickej \u0161kole niekedy sl\u00fa\u017eia v\u00a0na\u0161ich zboroch v\u00a0Bratislave \u010di v\u00a0in\u00fdch mest\u00e1ch, ale \u010dasto tie\u017e v\u00a0in\u00fdch cirkv\u00e1ch na Slovensku alebo\u00a0v\u00a0zahrani\u010d\u00ed. Bo\u017eie slovo tak m\u00f4\u017eu po\u010du\u0165 od t\u00fdchto obdarovan\u00fdch slu\u017eobn\u00edkov aj mnoh\u00ed in\u00ed, ktor\u00ed sa na biblick\u00fa \u0161kolu neprihl\u00e1sili.<\/p>\n<p>\u00a0<\/p>\n<p>A \u010do na to v\u0161etko hovor\u00ed dekan biblickej \u0161koly Martin Hun\u010d\u00e1r?<em> \u201eC\u00edtim sa ako vo\u00a0sne, ktor\u00fd sa stal realitou. Tak\u00fato biblick\u00fa \u0161kolu sme si dlho priali a zrazu je tu. Zo \u0161tudentov m\u00e1m rados\u0165, mysl\u00edm, \u017ee u\u017e teraz je na nich vidie\u0165 zmenu. Z\u00e1rove\u0148 ma te\u0161\u00ed, ako sa mnoh\u00ed z\u00a0nich samostatne dok\u00e1zali postara\u0165 o ubytovanie \u010di zohna\u0165 si pr\u00e1cu. Mus\u00edm tie\u017e poveda\u0165, \u017ee m\u00e1me skvel\u00fd t\u00edm. Na za\u010diatku bolo pr\u00e1ce viac ako dos\u0165, ale v\u010faka Bohu, zvl\u00e1dli sme to. Okrem m\u0148a je na pln\u00fd \u00fav\u00e4zok zamestnan\u00e1 Mirka Mi\u0161kovicov\u00e1, \u010diasto\u010dne tie\u017e vypom\u00e1ha Katka \u010cu\u0159\u00edkov\u00e1 a pastor Peter \u010cu\u0159\u00edk je jedn\u00fdm z\u00a0u\u010dite\u013eov. Vyu\u010doval evanjeliz\u00e1ciu a mysl\u00edm, \u017ee v\u00a0ni\u010dom nezaostal za svojimi zahrani\u010dn\u00fdmi kolegami. Ver\u00edm, \u017ee vytrv\u00e1me verne a\u017e do konca. A pre t\u00fdch, ktor\u00ed si nemohli dovoli\u0165 pr\u00eds\u0165 tento rok, m\u00e1m dobr\u00fa spr\u00e1vu: Biblick\u00fa \u0161kolu otv\u00e1rame aj o rok v\u00a0septembri.&#8221;<\/em><\/p>\n<p><em><br \/><\/em><\/p>\n<p>{gallery}200812_bs{\/gallery}<\/p>\n","protected":false},"excerpt":{"rendered":"<p>Po dlhom \u010dase pr\u00edprav kone\u010dne nadi\u0161iel de\u0148 D, 16. september. Biblick\u00e1 \u0161kola s denn\u00fdm vyu\u010dovan\u00edm sa za\u010dala! M\u00e1me 56 \u0161tudentov z r\u00f4znych kraj\u00edn. Najpo\u010detnej\u0161iu skupinu tvoria, pochopite\u013ene, Slov\u00e1ci, okrem nich [&hellip;]<\/p>\n","protected":false},"author":1,"featured_media":0,"comment_status":"open","ping_status":"open","sticky":false,"template":"","format":"standard","meta":{"episode_type":"","audio_file":"","cover_image":"","cover_image_id":"","duration":"","filesize":"","date_recorded":"","explicit":"","block":"","filesize_raw":"","footnotes":""},"categories":[72],"tags":[],"series":[],"class_list":["post-2475","post","type-post","status-publish","format-standard","hentry","category-aktuality"],"episode_featured_image":false,"episode_player_image":"https:\/\/www.slovozivota.sk\/wp-content\/uploads\/2019\/10\/PodcastSZ-1.jpg","download_link":"","player_link":"","audio_player":false,"episode_data":{"playerMode":"dark","subscribeUrls":[],"rssFeedUrl":"https:\/\/www.slovozivota.sk\/ru-ru\/feed\/podcast\/slovo-zivota","embedCode":"<blockquote class=\"wp-embedded-content\" data-secret=\"sXdBCSJXDo\"><a href=\"https:\/\/www.slovozivota.sk\/ru-ru\/2008\/12\/biblicka-skola-uz-v-plnom-prude\/\">Biblick\u00e1 \u0161kola u\u017e v plnom pr\u00fade<\/a><\/blockquote><iframe sandbox=\"allow-scripts\" security=\"restricted\" src=\"https:\/\/www.slovozivota.sk\/ru-ru\/2008\/12\/biblicka-skola-uz-v-plnom-prude\/embed\/#?secret=sXdBCSJXDo\" width=\"500\" height=\"350\" title=\"\u00abBiblick\u00e1 \u0161kola u\u017e v plnom pr\u00fade\u00bb &#8212; Slovo \u017eivota\" data-secret=\"sXdBCSJXDo\" frameborder=\"0\" marginwidth=\"0\" marginheight=\"0\" scrolling=\"no\" class=\"wp-embedded-content\"><\/iframe><script type=\"text\/javascript\">\n\/* <![CDATA[ *\/\n\/*! This file is auto-generated *\/\n!function(d,l){\"use strict\";l.querySelector&&d.addEventListener&&\"undefined\"!=typeof URL&&(d.wp=d.wp||{},d.wp.receiveEmbedMessage||(d.wp.receiveEmbedMessage=function(e){var t=e.data;if((t||t.secret||t.message||t.value)&&!\/[^a-zA-Z0-9]\/.test(t.secret)){for(var s,r,n,a=l.querySelectorAll('iframe[data-secret=\"'+t.secret+'\"]'),o=l.querySelectorAll('blockquote[data-secret=\"'+t.secret+'\"]'),c=new RegExp(\"^https?:$\",\"i\"),i=0;i<o.length;i++)o[i].style.display=\"none\";for(i=0;i<a.length;i++)s=a[i],e.source===s.contentWindow&&(s.removeAttribute(\"style\"),\"height\"===t.message?(1e3<(r=parseInt(t.value,10))?r=1e3:~~r<200&&(r=200),s.height=r):\"link\"===t.message&&(r=new URL(s.getAttribute(\"src\")),n=new URL(t.value),c.test(n.protocol))&&n.host===r.host&&l.activeElement===s&&(d.top.location.href=t.value))}},d.addEventListener(\"message\",d.wp.receiveEmbedMessage,!1),l.addEventListener(\"DOMContentLoaded\",function(){for(var e,t,s=l.querySelectorAll(\"iframe.wp-embedded-content\"),r=0;r<s.length;r++)(t=(e=s[r]).getAttribute(\"data-secret\"))||(t=Math.random().toString(36).substring(2,12),e.src+=\"#?secret=\"+t,e.setAttribute(\"data-secret\",t)),e.contentWindow.postMessage({message:\"ready\",secret:t},\"*\")},!1)))}(window,document);\n\/* ]]> *\/\n<\/script>\n"},"_links":{"self":[{"href":"https:\/\/www.slovozivota.sk\/ru-ru\/wp-json\/wp\/v2\/posts\/2475","targetHints":{"allow":["GET"]}}],"collection":[{"href":"https:\/\/www.slovozivota.sk\/ru-ru\/wp-json\/wp\/v2\/posts"}],"about":[{"href":"https:\/\/www.slovozivota.sk\/ru-ru\/wp-json\/wp\/v2\/types\/post"}],"author":[{"embeddable":true,"href":"https:\/\/www.slovozivota.sk\/ru-ru\/wp-json\/wp\/v2\/users\/1"}],"replies":[{"embeddable":true,"href":"https:\/\/www.slovozivota.sk\/ru-ru\/wp-json\/wp\/v2\/comments?post=2475"}],"version-history":[{"count":0,"href":"https:\/\/www.slovozivota.sk\/ru-ru\/wp-json\/wp\/v2\/posts\/2475\/revisions"}],"wp:attachment":[{"href":"https:\/\/www.slovozivota.sk\/ru-ru\/wp-json\/wp\/v2\/media?parent=2475"}],"wp:term":[{"taxonomy":"category","embeddable":true,"href":"https:\/\/www.slovozivota.sk\/ru-ru\/wp-json\/wp\/v2\/categories?post=2475"},{"taxonomy":"post_tag","embeddable":true,"href":"https:\/\/www.slovozivota.sk\/ru-ru\/wp-json\/wp\/v2\/tags?post=2475"},{"taxonomy":"series","embeddable":true,"href":"https:\/\/www.slovozivota.sk\/ru-ru\/wp-json\/wp\/v2\/series?post=2475"}],"curies":[{"name":"wp","href":"https:\/\/api.w.org\/{rel}","templated":true}]}}