{"id":2540,"date":"2011-09-01T00:00:00","date_gmt":"2011-08-31T22:00:00","guid":{"rendered":"https:\/\/new.slovozivota.sk\/2011\/09\/sila-bozieho-uzdravenia\/"},"modified":"2011-09-01T00:00:00","modified_gmt":"2011-08-31T22:00:00","slug":"sila-bozieho-uzdravenia","status":"publish","type":"post","link":"https:\/\/www.slovozivota.sk\/ru-ru\/2011\/09\/sila-bozieho-uzdravenia\/","title":{"rendered":"Sila Bo\u017eieho uzdravenia"},"content":{"rendered":"<p><strong><img decoding=\"async\" class=\" alignleft size-full wp-image-2538\" src=\"https:\/\/new.slovozivota.sk\/wp-content\/uploads\/2011\/09\/Per4.jpg\" border=\"0\" alt=\"\" align=\"left\" width=\"400\" height=\"300\" srcset=\"https:\/\/www.slovozivota.sk\/wp-content\/uploads\/2011\/09\/Per4.jpg 400w, https:\/\/www.slovozivota.sk\/wp-content\/uploads\/2011\/09\/Per4-300x225.jpg 300w, https:\/\/www.slovozivota.sk\/wp-content\/uploads\/2011\/09\/Per4-390x293.jpg 390w\" sizes=\"(max-width: 767px) 100vw, 400px\" \/>Evanjeliza\u010dn\u00e9 turn\u00e9 s Perom Cederg\u00e5rdhom<\/strong><\/p>\n<p>Koncom augusta sme usporiadali ve\u013emi \u00faspe\u0161n\u00e9 evanjeliza\u010dn\u00e9 turn\u00e9 s Perom Cederg\u00e5rdhom po t\u00fdchto slovensk\u00fdch mest\u00e1ch: Kom\u00e1rno, Bansk\u00e1 Bystrica, Bansk\u00e1 \u0160tiavnica, Topo\u013e\u010dany, Sere\u010f a Bratislava. Okrem mision\u00e1ra Cederg\u00e5rdha pri\u0161iel aj t\u00edm bratov z Jeteborgu; diakon zboru Johann, ved\u00faci chv\u00e1l\u00a0 jeteborsk\u00e9ho zboru Johann II., (tak sme ho nazvali pre rozl\u00ed\u0161enie od prv\u00e9ho Johanna) a brat Paolo, p\u00f4vodom z Braz\u00edlie. Mysl\u00edm si, \u017ee zanechali vynikaj\u00faci dojem a boli pr\u00edkladom toho, ako m\u00e1 misijn\u00fd t\u00edm vyzera\u0165. Jedna z n\u00e1v\u0161tevn\u00ed\u010dok z Bratislavy n\u00e1m po kampani poslala tak\u00fdto mil\u00fd mail: \u201eNed\u00e1 mi nenap\u00edsa\u0165 v\u00e1m \u2013 \u017ee som nad\u0161en\u00e1 z \u00fa\u017easnej slu\u017eby bratov zo \u0160v\u00e9dska, ktor\u00ed boli v Bratislave minul\u00fd v\u00edkend. Nielen\u017ee sl\u00fa\u017eili v moci \u2013 ale bolo vidno, \u017ee s\u00fa zbudovan\u00ed v charaktere, horiaci pre Bo\u017eie veci, modlitebn\u00edci&#8230;, a bolo c\u00edti\u0165 jednotu medzi nimi \u2013 a v tom je ve\u013ek\u00e1 sila!\u201c Mysl\u00edm si, \u017ee to hovor\u00ed za v\u0161etko.<\/p>\n<p>Johann II. vynikaj\u00faco u\u010dil Bo\u017eie slovo a mal ve\u013emi vn\u00edmav\u00e9ho ducha, diakon Johann bol horliv\u00fdm modlitebn\u00edkom a prav\u00fdm slu\u017eobn\u00edkom, ktor\u00fd nap\u013a\u0148al potreby druh\u00fdch. Brata Paola sme u n\u00e1s priv\u00edtali po prv\u00fdkr\u00e1t a boli sme nad\u0161en\u00ed jeho slu\u017ebou, ktor\u00e1 bola doslova neopakovate\u013en\u00e1. Bolo to najm\u00e4 po\u010das evanjeliz\u00e1ci\u00ed na Hviezdoslavovom n\u00e1mest\u00ed v Bratislave, kde vyrozpr\u00e1val svoj \u017eivotn\u00fd pr\u00edbeh o tom, ako vyrastal v chudobe s \u010fal\u0161\u00edmi \u00f4smimi s\u00farodencami, ako ho zneva\u017eovali spolu\u017eiaci, ako sa vypracoval na majstra Braz\u00edlie v d\u017eiu-d\u017eicu i ako padol do drogovej z\u00e1vislosti a \u017eivota v pouli\u010dnom gangu. Z toho v\u0161etk\u00e9ho ho pred deviatimi rokmi vytiahol Je\u017ei\u0161 a daroval mu nov\u00fd \u017eivot. Jeho nad\u0161enie pre Krista bolo nefal\u0161ovan\u00e9 a chyt\u013eav\u00e9. Paolo je u\u017e nieko\u013eko rokov s\u00fa\u010das\u0165ou t\u00edmu evanjelistov s n\u00e1zvom \u201eAlpha force\u201c, ktor\u00ed svoje svedectvo o obr\u00e1ten\u00ed sprev\u00e1dzaj\u00fa dramatick\u00fdm vyst\u00fapen\u00edm \u201esiln\u00fdch mu\u017eov\u201c. Dok\u00e1zal spoji\u0165 \u201etrhanie telef\u00f3nnych zoznamov\u201c (tri zlepen\u00e9 dohromady) s posolstvom o tom, ako bol cez z\u00e1stupn\u00fa obe\u0165 Je\u017ei\u0161a Krista roztrhnut\u00fd z\u00e1znam na\u0161ich hriechov, \u010di prelomenie tehlovej steny s posolstvom o tom, ako P\u00e1n zb\u00faral bari\u00e9ry a prek\u00e1\u017eky, ktor\u00e9 n\u00e1s delili od Boha. Reakcia Bratislav\u010danov a turistov v piatok a v sobotu ve\u010der bola ve\u013emi pozit\u00edvna. Stovky \u013eud\u00ed sledovali n\u00e1\u0161 program, ktor\u00e9ho s\u00fa\u010das\u0165ou bolo aj vyst\u00fapenie gospelovej kapely Slovo \u017eivota i k\u00e1ze\u0148 Pera Cederg\u00e5rdha s ilustr\u00e1ciou slovenskej z\u00e1stavy. Ke\u010f sme na z\u00e1ver pon\u00fakli mo\u017enos\u0165 modli\u0165 sa, prekvapilo n\u00e1s mno\u017estvo \u013eud\u00ed, ktor\u00ed na \u0148u reagovali. Odhadujeme, \u017ee na ka\u017edom z oboch ve\u010derov sme sa kladen\u00edm r\u00fak modlili pribli\u017ene za 50 \u013eud\u00ed, z ktor\u00fdch nieko\u013eko pre\u017eilo okam\u017eit\u00e9 uzdravenie. P\u00e1n Je\u017ei\u0161 povedal, \u017ee polia sa belej\u00fa, len ich \u017ea\u0165. Ak vyjdeme k t\u00fdm, ktor\u00ed trpia, n\u00e1jdeme tam Bo\u017e\u00ed s\u00facit a jeho pomazanie.<\/p>\n<p><strong><\/strong><\/p>\n<p><strong>Ako Boh konal v slovensk\u00fdch mest\u00e1ch<\/strong><\/p>\n<p>Cel\u00e9 turn\u00e9 za\u010dalo v <strong>Kom\u00e1rne<\/strong>, kam sme sa presunuli priamo z letiska. Na zhroma\u017edenie pri\u0161lo nieko\u013eko nov\u00fdch \u013eud\u00ed, ktor\u00ed po prv\u00fdkr\u00e1t za\u017eili prebudeneck\u00fa bohoslu\u017ebu. Per Cederg\u00e5rdh k\u00e1zal jednoduch\u00e9, ale pritom mocn\u00e9 posolstvo kr\u00ed\u017ea, ktor\u00e9 P\u00e1n potvrdzoval aj duchovn\u00fdm darom slova poznania a uzdraven\u00edm chor\u00fdch. Tu je len nieko\u013eko pr\u00edpadov uzdraven\u00ed Bo\u017eou mocou, ktor\u00e9 zaznamenala na\u0161a redaktorka: Pani Zdenka mala od mladosti probl\u00e9my s d\u00fdchavi\u010dnos\u0165ou a z\u00e1vratmi, ktor\u00e9 sa prejavovali pri zv\u00fd\u0161enej n\u00e1mahe. So svoj\u00edm stavom u\u017e bola zmieren\u00e1. Ke\u010f v\u0161ak pri\u0161lo slovo poznania o jej situ\u00e1cii, poc\u00edtila ve\u013ek\u00e9 uvo\u013enenie pri srdci, a padla pod Bo\u017eou mocou. Potom u\u017e c\u00edtila len \u013eahkos\u0165 a v\u010fa\u010dnos\u0165 Bohu za uzdravenie. Pani Eva mala asi pred rokom \u00faraz nosa na\u0161tiepila si nosn\u00fa prep\u00e1\u017eku. Odvtedy sa nemohla dobre nad\u00fdchnu\u0165 a v noci sa \u010dasto budievala na to, \u017ee jej te\u010die z nosa krv. Aj to zjavil Bo\u017e\u00ed Duch cez slovo poznania. Potvrdila n\u00e1m, \u017ee do desiatich min\u00fat poc\u00edtila \u00fa\u013eavu a mohla sa po dlh\u0161om \u010dase zhlboka nad\u00fdchnu\u0165. V t\u00fa noc spala kone\u010dne pokojne. Je\u017ei\u0161 sa dotkol aj \u010fal\u0161ej panej, ktor\u00e1 mala siln\u00e9 bolesti zubov. Po modlitbe boles\u0165 okam\u017eite ust\u00fapila.<\/p>\n<p><strong><br \/><\/strong><\/p>\n<p><strong>Sere\u010f<\/strong> je mesto, ktor\u00e9 dlhodobo z\u00e1pas\u00ed s vysokou kriminalitou, a pr\u00e1ve preto potrebuje po\u010du\u0165 a za\u017ei\u0165 pln\u00e9 evanjelium v praxi. Stretli sme sa tam s n\u00e1dhern\u00fdmi \u013eu\u010fmi, ktor\u00ed boli otvoren\u00ed pre Bo\u017eie slovo. Pavol Varga ml., jeden z ved\u00facich tamoj\u0161ej skupiny Slova \u017eivota, p\u00ed\u0161e: \u201e\u013dudia boli dotknut\u00ed, u\u017e pri vstupe do s\u00e1ly bolo c\u00edti\u0165 vzru\u0161enie a o\u010dak\u00e1vanie. Na za\u010diatku, po priv\u00edtan\u00ed dom\u00e1cich aj zahrani\u010dn\u00fdch host\u00ed, sme str\u00e1vili \u010das popretk\u00e1van\u00fd \u00fa\u017easn\u00fdmi chv\u00e1lami spolu so skupinou Slova \u017eivota z Bratislavy na sl\u00e1vu Bo\u017eiu. C\u00edtili sme ve\u013ek\u00fa pr\u00edtomnos\u0165 Ducha Sv\u00e4t\u00e9ho, ktor\u00fd o\u017eivil cel\u00fa atmosf\u00e9ru. Po\u010das Perovej slu\u017eby pri\u0161li slov\u00e1 poznania, ako napr\u00edklad: \u2018S\u00fa tu \u013eudia po autonehode s boles\u0165ou nohy\u2019 alebo \u2018\u013eudia s dierou v srdci\u2019 (na \u010do dopredu vyst\u00fapili aj hostia z in\u00fdch miest, ktor\u00ed sa o akcii dozvedeli z internetu), \u010di v\u00fdzva pre t\u00fdch, ktor\u00ed mali probl\u00e9my so \u017eal\u00fadkom, kr\u010dnou chrbticou alebo potrebovali uzdravenie zranenej du\u0161e. Zhroma\u017edenie kon\u010dilo a\u017e okolo 23:15, no napriek tomu prich\u00e1dzali za pastorom aj zatia\u013e nespasen\u00ed \u013eudia a hovorili s ve\u013ek\u00fdm nad\u0161en\u00edm, \u017ee kone\u010dne videli a za\u017eili realitu cirkvi, realitu Bo\u017eieho Slova, realitu modlitby. Sme ve\u013emi nad\u0161en\u00ed a v\u010fa\u010dn\u00ed, \u017ee P\u00e1n m\u00e1 mnoho vyvolen\u00fdch v tomto meste. Sme uspokojen\u00ed, \u017ee Boh naozaj odpoved\u00e1 a po\u010duje na\u0161e modlitby. Sme v strede Bo\u017eieho pl\u00e1nu, a to n\u00e1s poh\u00e1\u0148a do \u010fal\u0161\u00edch aktiv\u00edt pre jeho kr\u00e1\u013eovstvo.\u201c<\/p>\n<p>\u00a0<\/p>\n<p>V <strong>Banskej Bystrici<\/strong> prich\u00e1dzalo na zhroma\u017edenia 120-140 \u013eud\u00ed, viacer\u00ed aj preto, lebo pred rokom prijali uzdravenie na podobnom turn\u00e9. Jeden mlad\u00fd mu\u017e, ktor\u00fd sa na zhroma\u017eden\u00ed po prv\u00fdkr\u00e1t obr\u00e1til ku Kristovi, bol aj hne\u010f uzdraven\u00fd. Chrbtica sa mu napravila so sprievodn\u00fdm d\u00f4kazom dorastania nohy. M\u00e1rio Kub\u00edk, ved\u00faci Slova \u017eivota v Banskej Bystrici, dod\u00e1va: \u201eBolo zjavne vidie\u0165 jeho \u00fadiv a rados\u0165 z Bo\u017eej moci. Viacer\u00fdm \u013eu\u010fom sa napravili chrbtice a aj nohy sa dorovnali. Ve\u013ea t\u00fdchto uzdraven\u00ed bolo o\u010dividn\u00fdch, \u010do posmelilo ostatn\u00fdch \u013eud\u00ed pr\u00eds\u0165 dopredu po modlitbu za uzdravenie.\u201c<\/p>\n<p>\u00a0<\/p>\n<p>V <strong>Topo\u013e\u010danoch<\/strong> sa po dlh\u0161om \u010dase konalo v\u00e4\u010d\u0161ie zhroma\u017edenie, na ktor\u00e9 pricestovali aj hostia z okolit\u00fdch miest. Pastor Cederg\u00e5rdh k\u00e1zal d\u00f4le\u017eit\u00e9 posolstvo o odpusten\u00ed, ktor\u00e9 otvorilo cel\u00fa atmosf\u00e9ru pre \u010fal\u0161ie konanie Ducha Sv\u00e4t\u00e9ho. Brat Janko Vimpe\u013e z Topo\u013e\u010dian hovor\u00ed o zhroma\u017eden\u00ed toto: \u201ePotom dal Per mo\u017enos\u0165 pr\u00eds\u0165 na modlitbu ka\u017ed\u00e9mu, kto mal nejak\u00fa potrebu alebo zdravotn\u00fd probl\u00e9m. Dopredu vyst\u00fapilo ve\u013ea \u013eud\u00ed s rozli\u010dn\u00fdmi potrebami. Bol tam jeden mu\u017e na voz\u00edku, ktor\u00fd mal nejak\u00e9 ochorenie mozgu a bol \u010diasto\u010dne ochrnut\u00fd, nemohol sa postavi\u0165 a po modlitbe brata Pera a Paola sa postavil a za\u010dal s pomocou bratov chodi\u0165, \u010do predt\u00fdm nemohol. P\u00e1n \u00fa\u017easn\u00fdm sp\u00f4sobom konal a jednej sestre dor\u00e1stla noha, ktor\u00fa mala krat\u0161iu od detstva asi o 4 cm, osobne ju ve\u013emi dobre pozn\u00e1me a vieme o tom, \u017ee roky kr\u00edvala a teraz po modlitbe chodila pekne rovno, v\u010faka P\u00e1novi!\u201c<\/p>\n<p>\u00a0<\/p>\n<p>Do <strong>Banskej \u0160tiavnice<\/strong> vycestoval aj t\u00edm ml\u00e1de\u017ee z Bratislavy a bol ve\u013ek\u00fdm povzbuden\u00edm pre dom\u00e1cich. Okrem \u0161portov\u00e9ho d\u0148a sa konali aj dve ve\u010dern\u00e9 zhroma\u017edenia. Ve\u013emi po\u017eehnanou sk\u00fasenos\u0165ou z cel\u00e9ho v\u00fdjazdu bola n\u00e1dhern\u00e1 spolupr\u00e1ca a obetavos\u0165 mnoh\u00fdch \u013eud\u00ed z na\u0161ich zborov. Na\u0161\u00edm cie\u013eom bolo zvestova\u0165 evanjelium Je\u017ei\u0161a Krista a z\u00e1rove\u0148 budova\u0165 Telo Kristovo. Neboli to len evanjelisti, ktor\u00fdch si P\u00e1n pou\u017e\u00edval, ale aj spev\u00e1ci, hudobn\u00edci, technici, vodi\u010di, uv\u00e1dza\u010di, modlitebn\u00edci. Mysl\u00edm si, \u017ee o tom je cirkev; zadarmo sme prijali, zadarmo chceme d\u00e1va\u0165 druh\u00fdm. Na z\u00e1vere\u010dnom poseden\u00ed so sl\u00fa\u017eiacimi sme sa nemohli ubr\u00e1ni\u0165 dojatiu. \u201eH\u013ea, ak\u00e9 dobr\u00e9 a mil\u00e9 je to, ke\u010f bratia preb\u00fdvaj\u00fa jednomyse\u013ene spolu!&#8230; Lebo tam prik\u00e1zal Hospodin po\u017eehnaniu, \u017eivotu a\u017e na veky\u201c (\u017d 133:1,3).<\/p>\n<p>\u00a0<\/p>\n<hr \/>\n<p>\u00a0<\/p>\n<p><img decoding=\"async\" class=\" alignright size-full wp-image-2460\" src=\"https:\/\/new.slovozivota.sk\/wp-content\/uploads\/2009\/01\/per.jpg\" border=\"0\" alt=\"\" align=\"right\" width=\"209\" height=\"300\" \/>Pera Cederg\u00e5rdha azda v\u00e4\u010d\u0161ine \u010ditate\u013eov V\u00ed\u0165azn\u00e9ho \u017eivota netreba zvl\u00e1\u0161\u0165 predstavova\u0165. Svojou slu\u017ebou na Slovensku si z\u00edskal srdcia mnoh\u00fdch. Boh jeho slu\u017ebu potvrdzuje mnoh\u00fdmi uzdraveniami, o to vz\u00e1cnej\u0161ie je vidie\u0165 v \u017eivote tohto Bo\u017eieho mu\u017ea pokorn\u00e9ho ducha. Napriek tomu, \u017ee v \u017eivote pre\u0161iel aj \u00fadoliami, \u017eiari rados\u0165ou a nech\u00fdba mu ani svojsk\u00fd humor. Biblia n\u00e1\u0161 povzbudzuje, aby sme sa u\u010dili od star\u0161\u00edch viery, aj preto sme bratovi Cederg\u00e5rdhovi polo\u017eili nieko\u013eko ot\u00e1zok. Do va\u0161ej pozornosti tie\u017e d\u00e1vame jeho k\u00e1ze\u0148 z 28.8.2011, na t\u00e9mu lenivosti, ktor\u00fa si m\u00f4\u017eete objedna\u0165 na na\u0161om e-shope. Bolo to ve\u013emi zdrav\u00e9 a vyv\u00e1\u017een\u00e9 posolstvo, ktor\u00e9 v\u00e1s posunie bli\u017e\u0161ie k P\u00e1novi.<\/p>\n<p>\u00a0<\/p>\n<p><strong>Per, tvoja n\u00e1v\u0161teva na Slovensku bola pre n\u00e1s ve\u013ek\u00fdm po\u017eehnan\u00edm! \u013dudia boli ve\u013emi otvoren\u00ed prija\u0165 modlitbu a moc uzdravenia. Ak\u00e9 dojmy si z tejto kampane odn\u00e1\u0161a\u0161 ty?<\/strong><\/p>\n<p>Obe n\u00e1v\u0161tevy Slovenska, minul\u00fd aj tento rok, boli z m\u00f4jho h\u013eadiska jednozna\u010dne t\u00fdm najlep\u0161\u00edm, \u010do som ako kazate\u013e kedy za\u017eil! Po\u010das t\u00fdchto v\u00fdjazdov som sa s\u00e1m ve\u013ea nau\u010dil. Som si plne vedom\u00fd toho, \u017ee \u013eud\u00ed sa nedot\u00fdkaj\u00fa ani tak moje slov\u00e1, ale mocn\u00e1 pravda jednoduchej zvesti evanjelia Je\u017ei\u0161a Krista. \u013dudia na Slovensku maj\u00fa naozaj hlad po Bohu. Z\u00e1rove\u0148 vid\u00edm, \u017ee s\u00fa pln\u00ed o\u010dak\u00e1vania, ktor\u00e9 je k\u013e\u00fa\u010dom k uvo\u013eneniu Bo\u017eej uzdravuj\u00facej moci. Ke\u010f sa osobne modl\u00edm za \u013eud\u00ed, m\u00e1m hlbok\u00e9 presved\u010denie o tom, \u017ee P\u00e1n\u00a0 ich bude uzdravova\u0165. Kampane na Slovensku v rokoch 2010 a 2011 boli pre m\u0148a nesmiernym po\u017eehnan\u00edm a s ve\u013ekou rados\u0165ou som sl\u00fa\u017eil P\u00e1novi aj Slov\u00e1kom.<\/p>\n<p>\u00a0<\/p>\n<p><strong>\u010casto hovor\u00ed\u0161, \u017ee Slov\u00e1kov miluje\u0161. Tento rok to bola u\u017e tvoja siedma n\u00e1v\u0161teva u n\u00e1s, a preto si mysl\u00edm, \u017ee n\u00e1s za\u010d\u00edna\u0161 spozn\u00e1va\u0165. Ako by si pop\u00edsal slovensk\u00fa mentalitu a ako k Slov\u00e1kom pristupova\u0165?<\/strong><\/p>\n<p>Va\u0161a hist\u00f3ria jasne ukazuje, \u017ee kres\u0165anstvo u v\u00e1s v\u017edy hralo v\u00fdznamn\u00fa rolu a aj preto m\u00e1 ve\u013ea \u013eud\u00ed aspo\u0148 z\u00e1kladn\u00e9 znalosti o Bohu. Je preto ove\u013ea \u013eah\u0161ie prin\u00e1\u0161a\u0165 v\u00e1m zves\u0165 o Je\u017ei\u0161ovi. Na\u0161ou snahou bolo uk\u00e1za\u0165, ak\u00e9 jednoduch\u00e9 je nadobudn\u00fa\u0165 osobn\u00fd vz\u0165ah s Je\u017ei\u0161om Kristom. Mysl\u00edm si, \u017ee presne po tom \u013eudia v skuto\u010dnosti t\u00fa\u017eia. Za tie roky, \u010do som mal pr\u00edle\u017eitos\u0165 k v\u00e1m cestova\u0165, moja l\u00e1ska k Slov\u00e1kom iba r\u00e1stla. Som v takom \u0161t\u00e1diu, \u017ee Slovensko pova\u017eujem za svoju domovinu a va\u0161u cirkev za svoju domovsk\u00fa cirkev J. V ktoromko\u013evek meste som sl\u00fa\u017eil, v\u017edy som stretol ve\u013emi otvoren\u00fdch \u013eud\u00ed a nadviazal nov\u00e9 priate\u013estv\u00e1.<\/p>\n<p>\u00a0<\/p>\n<p><strong><img decoding=\"async\" class=\" alignleft size-full wp-image-2539\" src=\"https:\/\/new.slovozivota.sk\/wp-content\/uploads\/2011\/09\/Per6.jpg\" border=\"0\" alt=\"\" align=\"left\" width=\"400\" height=\"300\" srcset=\"https:\/\/www.slovozivota.sk\/wp-content\/uploads\/2011\/09\/Per6.jpg 400w, https:\/\/www.slovozivota.sk\/wp-content\/uploads\/2011\/09\/Per6-300x225.jpg 300w, https:\/\/www.slovozivota.sk\/wp-content\/uploads\/2011\/09\/Per6-390x293.jpg 390w\" sizes=\"(max-width: 767px) 100vw, 400px\" \/>Pred mnoh\u00fdmi rokmi si zo Sv\u00e4t\u00e9ho P\u00edsma prijal porozumenie o uzdravuj\u00facej a oslobodzuj\u00facej moci Je\u017ei\u0161a Krista. No tvoje prv\u00e9 pokusy prinies\u0165 t\u00fato zves\u0165 druh\u00fdm neboli ve\u013emi \u00faspe\u0161n\u00e9. \u010co by si poradil t\u00fdm, ktor\u00ed v tejto oblasti podobne z\u00e1pasia?<\/strong><\/p>\n<p>Absol\u00fatnou prioritou pre ka\u017ed\u00e9ho z n\u00e1s je zost\u00e1va\u0165 bl\u00edzko Je\u017ei\u0161a. Iba on je Uzdravite\u013e! Jedine on n\u00e1m m\u00f4\u017ee uk\u00e1za\u0165 ako a kedy sl\u00fa\u017ei\u0165 mocou uzdravenia. \u010c\u00edm viac si uvedomujeme, \u017ee Boh miluje ka\u017ed\u00e9ho \u010dloveka bez rozdielu, t\u00fdm \u013eah\u0161ie sa st\u00e1vame kan\u00e1lmi pre jeho uzdravuj\u00facu moc. Vlastnou silou nedok\u00e1\u017eeme \u201evyprodukova\u0165\u201c uzdravenie, z\u00e1zraky sa dej\u00fa v\u00fdlu\u010dne mocou Ducha Sv\u00e4t\u00e9ho a jeho pomazan\u00edm.<\/p>\n<p>\u00a0<\/p>\n<p><strong>Ako vn\u00edma\u0161 uzdravenie z teologick\u00e9ho h\u013eadiska? Pre\u010do s\u00fa niektor\u00ed \u013eudia uzdraven\u00ed okam\u017eite, zatia\u013e \u010do in\u00ed a\u017e postupom \u010dasu?<\/strong><\/p>\n<p>To je ot\u00e1zka, ktor\u00e1 by si vy\u017eadovala v\u00e4\u010d\u0161\u00ed priestor, no pok\u00fasim sa na \u0148u odpoveda\u0165 stru\u010dne. Z\u00e1kladn\u00e9 porozumenie uzdravenia sa mus\u00ed vraca\u0165 ku kr\u00ed\u017eu a k vyk\u00fapeniu. Je\u017ei\u0161 zaplatil cenu za na\u0161e spasenie, ale takisto za na\u0161e uzdravenie. \u201eJeho sinavicou (ranami) sme boli uzdraven\u00ed!\u201c je vyhl\u00e1senie z 1. Petra 2:24. Apo\u0161tol Peter sa pozer\u00e1 sp\u00e4\u0165 na kr\u00ed\u017e a uzn\u00e1va plnos\u0165 n\u00e1\u0161ho vyk\u00fapenia. Cena bola zaplaten\u00e1, netreba u\u017e ni\u010d viac prida\u0165 alebo urobi\u0165 preto, aby sme mohli by\u0165 uzdraven\u00ed. Ke\u010f jasne porozumieme tomuto zjaveniu, potom sa za \u013eud\u00ed smelo modl\u00edme v mene Je\u017ei\u0161, stojac na zas\u013e\u00fabeniach, ktor\u00e9 n\u00e1m Boh dal vo svojom Slove.<\/p>\n<p>Kedy sa uzdravenie prejav\u00ed v plnosti z\u00e1vis\u00ed len od Boha. Na tomto evanjeliza\u010dnom turn\u00e9 sme videli, ako jedni boli uzdraven\u00ed okam\u017eite, in\u00ed o tom sved\u010dili o de\u0148 nesk\u00f4r a niektor\u00ed bud\u00fa mo\u017eno musie\u0165 po\u010dka\u0165 e\u0161te nejak\u00fd \u010das. Nevieme presne, \u010do v\u0161etko sa v \u010dloveku odohr\u00e1va a tie\u017e mus\u00edme re\u0161pektova\u0165, \u017ee ka\u017ed\u00fd sme na inej \u00farovni viery. Ve\u013emi zauj\u00edmav\u00e9 je, a\u00a0 v ostatnom \u010dase sme toho \u010dastej\u0161ie svedkami, \u017ee ve\u013ea neveriacich \u013eud\u00ed prij\u00edma uzdravenie hne\u010f, ako sa za nich pomodl\u00edme. Nemaj\u00fa osobn\u00fa vieru, ale ak prejavia ochotu prija\u0165 modlitbu, potom je d\u00f4le\u017eit\u00e9, aby za Bo\u017e\u00ed dotyk veril ten, kto sa modl\u00ed. Takmer ka\u017ed\u00fd z nich je po n\u00e1slednom prejave uzdravenia pripraven\u00fd prija\u0165 Krista. Ale pam\u00e4tajme na to, \u017ee pre n\u00e1s veriacich je viera k\u013e\u00fa\u010dov\u00fdm faktorom pre uzdravenie, lebo \u201enechod\u00edme viden\u00edm (alebo pocitmi), ale vierou.\u201c<\/p>\n<p>\u00a0<\/p>\n<p><strong>Je nejak\u00fd pr\u00edbeh \u010di svedectvo, ktor\u00e9 na teba najviac zap\u00f4sobili?<\/strong><\/p>\n<p>Udialo sa naozaj nieko\u013eko z\u00e1zrakov a uzdraven\u00ed a ani by som sa ich neodv\u00e1\u017eil hodnoti\u0165 alebo kategorizova\u0165. Najviac sa ma dot\u00fdkalo, ako som pri modlitb\u00e1ch za \u013eud\u00ed vn\u00edmal nesmiernu l\u00e1sku, ktor\u00fa k nim c\u00edti Boh. Biblia to naz\u00fdva s\u00facitom. Pre\u017e\u00edvam ho pri slu\u017ebe po celom svete. Niekedy mi Duch Sv\u00e4t\u00fd d\u00e1val slov\u00e1 poznania o situ\u00e1ci\u00e1ch, v ktor\u00fdch sa \u013eudia nach\u00e1dzali; vtedy som s istotou vedel, \u017ee v\u0161etci, ktor\u00ed zareaguj\u00fa, prijm\u00fa uzdravenie. \u010ealej na m\u0148a zap\u00f4sobili l\u00e1ska a prijatie, ktor\u00e9 som vn\u00edmal od \u013eud\u00ed, s ktor\u00fdmi som sa na Slovensku stret\u00e1val. Pre m\u0148a je nezabudnute\u013en\u00fdm z\u00e1\u017eitkom pre\u017e\u00edva\u0165 l\u00e1sku od t\u00fdch, za ktor\u00fdch sa modl\u00edm.<\/p>\n<p>\u00a0<\/p>\n<p><strong>V nede\u013eu si v bratislavskom zbore k\u00e1zal o tom, ako si poradi\u0165 s lenivos\u0165ou. Mysl\u00edm si, \u017ee je to nie\u010do, s \u010d\u00edm musia z\u00e1pasi\u0165 predov\u0161etk\u00fdm kres\u0165ania v Eur\u00f3pe.<\/strong><\/p>\n<p>\u00c1no, no netreba zab\u00fada\u0165, \u017ee to posolstvo som k\u00e1zal aj sebe sam\u00e9mu J. Mysl\u00edm si, \u017ee ka\u017ed\u00fd z n\u00e1s m\u00e1 ak\u00fasi \u201ekomfortn\u00fa z\u00f3nu\u201c, v ktorej sa neusilujeme pribl\u00ed\u017ei\u0165 sa k P\u00e1novi a prest\u00e1vame od neho o\u010dak\u00e1va\u0165 v\u00e4\u010d\u0161ie veci. By\u0165 u\u010den\u00edkom (anglicky \u201edisciple\u201c, pozn\u00e1mka prekladate\u013ea), znamen\u00e1 aj to, \u017ee vo svojich \u017eivotoch mus\u00edme dodr\u017eiava\u0165 ur\u010dit\u00fa discipl\u00ednu. Je teda na\u0161ou \u00falohou ost\u00e1va\u0165 v Slove, modlitbe a v \u017eivom spolo\u010denstve s na\u0161\u00edm P\u00e1nom a Spasite\u013eom. Nie je to ni\u010d z\u00e1konn\u00edcke alebo nezvl\u00e1dnute\u013en\u00e9, je to jednoducho sp\u00f4sob, ako si rozv\u00edja\u0165 vz\u0165ah s Je\u017ei\u0161om, do ktor\u00e9ho sme povolan\u00ed (1Kor 1:9). Lenivos\u0165 je len jednou z pasc\u00ed, do ktorej m\u00f4\u017eeme upadn\u00fa\u0165. Je d\u00f4le\u017eit\u00e9, aby sme sa neporovn\u00e1vali s druh\u00fdmi, ale boli \u00faprimn\u00ed sami pred sebou i pred P\u00e1nom. V Starej zmluve musel na olt\u00e1ri horie\u0165 ohe\u0148 neust\u00e1le; nikdy nesmel vyhasn\u00fa\u0165. Podobne aj my mus\u00edme v na\u0161ich \u017eivotoch roznecova\u0165 ohe\u0148 Ducha Sv\u00e4t\u00e9ho, aby sme dok\u00e1zali obst\u00e1\u0165 v sk\u00fa\u0161kach, poku\u0161eniach alebo slabostiach n\u00e1\u0161ho tela.<\/p>\n<p style=\"text-align: right;\">Ot\u00e1zky kl\u00e1dol Peter \u010cu\u0159\u00edk<\/p>\n","protected":false},"excerpt":{"rendered":"<p>Evanjeliza\u010dn\u00e9 turn\u00e9 s Perom Cederg\u00e5rdhom Koncom augusta sme usporiadali ve\u013emi \u00faspe\u0161n\u00e9 evanjeliza\u010dn\u00e9 turn\u00e9 s Perom Cederg\u00e5rdhom po t\u00fdchto slovensk\u00fdch mest\u00e1ch: Kom\u00e1rno, Bansk\u00e1 Bystrica, Bansk\u00e1 \u0160tiavnica, Topo\u013e\u010dany, Sere\u010f a Bratislava. Okrem [&hellip;]<\/p>\n","protected":false},"author":1,"featured_media":2538,"comment_status":"open","ping_status":"open","sticky":false,"template":"","format":"standard","meta":{"episode_type":"","audio_file":"","cover_image":"","cover_image_id":"","duration":"","filesize":"","date_recorded":"","explicit":"","block":"","filesize_raw":"","footnotes":""},"categories":[64],"tags":[],"series":[],"class_list":["post-2540","post","type-post","status-publish","format-standard","has-post-thumbnail","hentry","category-misia-reportaz-old"],"episode_featured_image":"https:\/\/www.slovozivota.sk\/wp-content\/uploads\/2011\/09\/Per4.jpg","episode_player_image":"https:\/\/www.slovozivota.sk\/wp-content\/uploads\/2019\/10\/PodcastSZ-1.jpg","download_link":"","player_link":"","audio_player":false,"episode_data":{"playerMode":"dark","subscribeUrls":[],"rssFeedUrl":"https:\/\/www.slovozivota.sk\/ru-ru\/feed\/podcast\/slovo-zivota","embedCode":"<blockquote class=\"wp-embedded-content\" data-secret=\"vxlLByGVRT\"><a href=\"https:\/\/www.slovozivota.sk\/ru-ru\/2011\/09\/sila-bozieho-uzdravenia\/\">Sila Bo\u017eieho uzdravenia<\/a><\/blockquote><iframe sandbox=\"allow-scripts\" security=\"restricted\" src=\"https:\/\/www.slovozivota.sk\/ru-ru\/2011\/09\/sila-bozieho-uzdravenia\/embed\/#?secret=vxlLByGVRT\" width=\"500\" height=\"350\" title=\"\u00abSila Bo\u017eieho uzdravenia\u00bb &#8212; Slovo \u017eivota\" data-secret=\"vxlLByGVRT\" frameborder=\"0\" marginwidth=\"0\" marginheight=\"0\" scrolling=\"no\" class=\"wp-embedded-content\"><\/iframe><script type=\"text\/javascript\">\n\/* <![CDATA[ *\/\n\/*! This file is auto-generated *\/\n!function(d,l){\"use strict\";l.querySelector&&d.addEventListener&&\"undefined\"!=typeof URL&&(d.wp=d.wp||{},d.wp.receiveEmbedMessage||(d.wp.receiveEmbedMessage=function(e){var t=e.data;if((t||t.secret||t.message||t.value)&&!\/[^a-zA-Z0-9]\/.test(t.secret)){for(var s,r,n,a=l.querySelectorAll('iframe[data-secret=\"'+t.secret+'\"]'),o=l.querySelectorAll('blockquote[data-secret=\"'+t.secret+'\"]'),c=new RegExp(\"^https?:$\",\"i\"),i=0;i<o.length;i++)o[i].style.display=\"none\";for(i=0;i<a.length;i++)s=a[i],e.source===s.contentWindow&&(s.removeAttribute(\"style\"),\"height\"===t.message?(1e3<(r=parseInt(t.value,10))?r=1e3:~~r<200&&(r=200),s.height=r):\"link\"===t.message&&(r=new URL(s.getAttribute(\"src\")),n=new URL(t.value),c.test(n.protocol))&&n.host===r.host&&l.activeElement===s&&(d.top.location.href=t.value))}},d.addEventListener(\"message\",d.wp.receiveEmbedMessage,!1),l.addEventListener(\"DOMContentLoaded\",function(){for(var e,t,s=l.querySelectorAll(\"iframe.wp-embedded-content\"),r=0;r<s.length;r++)(t=(e=s[r]).getAttribute(\"data-secret\"))||(t=Math.random().toString(36).substring(2,12),e.src+=\"#?secret=\"+t,e.setAttribute(\"data-secret\",t)),e.contentWindow.postMessage({message:\"ready\",secret:t},\"*\")},!1)))}(window,document);\n\/* ]]> *\/\n<\/script>\n"},"_links":{"self":[{"href":"https:\/\/www.slovozivota.sk\/ru-ru\/wp-json\/wp\/v2\/posts\/2540","targetHints":{"allow":["GET"]}}],"collection":[{"href":"https:\/\/www.slovozivota.sk\/ru-ru\/wp-json\/wp\/v2\/posts"}],"about":[{"href":"https:\/\/www.slovozivota.sk\/ru-ru\/wp-json\/wp\/v2\/types\/post"}],"author":[{"embeddable":true,"href":"https:\/\/www.slovozivota.sk\/ru-ru\/wp-json\/wp\/v2\/users\/1"}],"replies":[{"embeddable":true,"href":"https:\/\/www.slovozivota.sk\/ru-ru\/wp-json\/wp\/v2\/comments?post=2540"}],"version-history":[{"count":0,"href":"https:\/\/www.slovozivota.sk\/ru-ru\/wp-json\/wp\/v2\/posts\/2540\/revisions"}],"wp:featuredmedia":[{"embeddable":true,"href":"https:\/\/www.slovozivota.sk\/ru-ru\/wp-json\/wp\/v2\/media\/2538"}],"wp:attachment":[{"href":"https:\/\/www.slovozivota.sk\/ru-ru\/wp-json\/wp\/v2\/media?parent=2540"}],"wp:term":[{"taxonomy":"category","embeddable":true,"href":"https:\/\/www.slovozivota.sk\/ru-ru\/wp-json\/wp\/v2\/categories?post=2540"},{"taxonomy":"post_tag","embeddable":true,"href":"https:\/\/www.slovozivota.sk\/ru-ru\/wp-json\/wp\/v2\/tags?post=2540"},{"taxonomy":"series","embeddable":true,"href":"https:\/\/www.slovozivota.sk\/ru-ru\/wp-json\/wp\/v2\/series?post=2540"}],"curies":[{"name":"wp","href":"https:\/\/api.w.org\/{rel}","templated":true}]}}