{"id":2580,"date":"2012-03-28T22:21:02","date_gmt":"2012-03-28T20:21:02","guid":{"rendered":"https:\/\/new.slovozivota.sk\/2012\/03\/svetoznamy-alfa-kurz-aj-v-bratislave\/"},"modified":"2012-03-28T22:21:02","modified_gmt":"2012-03-28T20:21:02","slug":"svetoznamy-alfa-kurz-aj-v-bratislave","status":"publish","type":"post","link":"https:\/\/www.slovozivota.sk\/ru-ru\/2012\/03\/svetoznamy-alfa-kurz-aj-v-bratislave\/","title":{"rendered":"Svetozn\u00e1my Alfa kurz aj v Bratislave"},"content":{"rendered":"<p>Srde\u010dne v\u00e1s poz\u00fdvame na svetozn\u00e1my Alfa kurz, ktor\u00fd poriadame od 10. 4. 2012 aj v Bratislave. Vstup je vo\u013en\u00fd, budeme si v\u00e1\u017ei\u0165, ke\u010f n\u00e1s poct\u00edte svojou \u00fa\u010das\u0165ou. Alfa je otvoren\u00e1 \u0161anca pre ka\u017ed\u00e9ho, kto chce spozna\u0165 alebo preh\u013abi\u0165 kres\u0165ansk\u00fa vieru. Alfa kurzy za\u010dali v Anglicku v 90-tich rokoch a odvtedy sa stali jednou z najzauj\u00edmavej\u0161\u00edch foriem ako predstavi\u0165 kres\u0165ansk\u00e9 posolstvo \u013eu\u010fom v Eur\u00f3pe. Kurzom u\u017e pre\u0161lo 18 mili\u00f3nov \u013eud\u00ed a dnes m\u00e1 zast\u00fapenie v 166 krajin\u00e1ch.<\/p>\n<p>\u00a0<\/p>\n<h3 class=\"red\"><img decoding=\"async\" class=\" alignleft size-full wp-image-2578\" src=\"https:\/\/new.slovozivota.sk\/wp-content\/uploads\/2012\/03\/alfa_kurz.png\" border=\"0\" alt=\"\" align=\"left\" width=\"158\" height=\"199\" \/><\/h3>\n<h3 class=\"red\">\u00a0<\/h3>\n<h3 class=\"red\" style=\"padding-left: 60px;\">\u010co je Alfa kurz?<\/h3>\n<p style=\"padding-left: 60px;\"><strong class=\"red\">A<\/strong>lfa je pre ka\u017ed\u00e9ho, kto sa chce dozvedie\u0165 nie\u010do praktick\u00e9 o kres\u0165anskej viere.<\/p>\n<p style=\"padding-left: 60px;\"><strong class=\"red\">L<\/strong>ekcie, ktor\u00e9 d\u00e1vaj\u00fa mo\u017enos\u0165 nahliadnu\u0165 na kres\u0165anstvo zauj\u00edmav\u00fdm a p\u00fatav\u00fdm sp\u00f4sobom.<\/p>\n<p style=\"padding-left: 60px;\"><strong class=\"red\">F<\/strong>undovan\u00ed re\u010dn\u00edci, medi\u00e1lna projekcia a mal\u00e9 ob\u010derstvenie vytv\u00e1raj\u00fa neform\u00e1lnu atmosf\u00e9ru ve\u010dera.<\/p>\n<p style=\"padding-left: 60px;\"><strong class=\"red\">A<\/strong> op\u00fdta\u0165 sa m\u00f4\u017eete na \u010doko\u013evek. Diskusn\u00e9 skupinky s\u00fa pr\u00edle\u017eitos\u0165ou k rozhovorom nielen o t\u00e9me d\u0148a.<\/p>\n<p>\u00a0<\/p>\n<p>\u00a0<\/p>\n<h3 class=\"red\">\u010co v\u00e1m Alfa kurz m\u00f4\u017ee prinies\u0165?<\/h3>\n<p>Alfa kurz tvoria s\u00e9rie pr\u00edhovorov na k\u013e\u00fa\u010dov\u00e9 t\u00e9my, s\u00favisiace s kres\u0165anskou vierou, s mo\u017enos\u0165ou diskutova\u0165 o t\u00e9mach v skupink\u00e1ch.<\/p>\n<p>\u00a0<\/p>\n<p><strong>Ob\u010derstvenie<\/strong><\/p>\n<p>Na ka\u017edom stretnut\u00ed je pre v\u00e1s pripraven\u00e9 ob\u010derstvenie, ktor\u00e9 d\u00e1va \u00fa\u010dastn\u00edkom kurzu pr\u00edle\u017eitos\u0165 vz\u00e1jomne sa zozn\u00e1mi\u0165. V\u0161etky n\u00e1klady hrad\u00ed organiz\u00e1tor akcie.<\/p>\n<p>\u00a0<\/p>\n<p><strong>Pr\u00edhovor<\/strong><\/p>\n<p>Ka\u017ed\u00fd ve\u010der je pripraven\u00fd kr\u00e1tky pr\u00edhovor, ktor\u00fd otvor\u00ed k\u013e\u00fa\u010dov\u00e9 t\u00e9my ot\u00e1zok \u017eivota. Jednotliv\u00e9 t\u00e9my stretnut\u00ed pre t\u00fato Alfu s\u00fa napl\u00e1novan\u00e9 takto:<\/p>\n<table>\n<tbody>\n<tr>\n<td style=\"text-align: right;\">10.4.<\/td>\n<td>\u00a0Kto je Je\u017ei\u0161?<\/td>\n<\/tr>\n<tr>\n<td style=\"text-align: right;\">17.4.<\/td>\n<td>\u00a0Pre\u010do Je\u017ei\u0161 zomrel?<\/td>\n<\/tr>\n<tr>\n<td style=\"text-align: right;\">24.4.<\/td>\n<td>\u00a0Je Biblia d\u00f4veryhodn\u00e1 kniha?<\/td>\n<\/tr>\n<tr>\n<td style=\"text-align: right;\">3.5.<\/td>\n<td>\u00a0Ako z\u00edska\u0165 vieru?<\/td>\n<\/tr>\n<tr>\n<td style=\"text-align: right;\">10.5.<\/td>\n<td>\u00a0Uzdravuje Boh aj dnes?<\/td>\n<\/tr>\n<tr>\n<td style=\"text-align: right;\">15.5.<\/td>\n<td>\u00a0Ako n\u00e1s Boh vedie<\/td>\n<\/tr>\n<\/tbody>\n<\/table>\n<p>\u00a0<\/p>\n<p><strong>Skupinky\/diskusia<\/strong><\/p>\n<p>Na pr\u00edhovor nadv\u00e4zuje diskusia v mal\u00fdch skupink\u00e1ch. Cie\u013eom je zaobera\u0165 sa t\u00e9mou ve\u010dera, d\u00e1va\u0165 ot\u00e1zky a vyjadrova\u0165 r\u00f4zne n\u00e1zory. Po\u010d\u00favajte, z\u00edskajte inform\u00e1cie, diskutujte a objavujte. A op\u00fdta\u0165 sa m\u00f4\u017eete na \u010doko\u013evek. Alfa je miestom, kde \u017eiadna ot\u00e1zka nie je pova\u017eovan\u00e1 za zaujat\u00fa alebo nevhodn\u00fa.<\/p>\n<p>\u00a0<\/p>\n<p><strong>Hudba<\/strong><\/p>\n<p>Na ka\u017edom stretnut\u00ed zaznej\u00fa piesne v podan\u00ed kres\u0165ansk\u00fdch hudobn\u00edkov a interpretov.<\/p>\n<p><strong>Kde a kedy<\/strong><\/p>\n<p>Alfa prebieha po\u010das \u0161iestich t\u00fd\u017ed\u0148ov, ka\u017ed\u00fd utorok v re\u0161taur\u00e1cii Pre\u0161pork, Trnavsk\u00e1 ulica 50 v Bratislave (oproti \u0160portovej hale Pasienky). Stretnutia bud\u00fa od 18:30 do 20:45. Za\u010d\u00edname 10. apr\u00edla 2012. Na z\u00e1ver pon\u00fakame aj v\u00edkendov\u00fd pobyt v Jelke 25.-26.5.<\/p>\n<p>\u00a0<\/p>\n<p><strong>Program ve\u010dera:<\/strong><\/p>\n<ul>\n<li>18:30 \u2013 18:35 \u00davod<\/li>\n<li>18:35 \u2013 19:10 Ve\u010dera\/ob\u010derstvenie<\/li>\n<li>19:10 \u2013 19:25 Piesne\/chv\u00e1ly<\/li>\n<li>19:25 \u2013 19:30 Priv\u00edtanie a oznamy<\/li>\n<li>19:30 \u2013 20:05 Pr\u00edhovor<\/li>\n<li>20:05 \u2013 20:10 K\u00e1va, \u010daj<\/li>\n<li>20:10 \u2013 20:45 Diskusia v skupink\u00e1ch<\/li>\n<\/ul>\n<p>\u00a0<\/p>\n<h3 class=\"red\">Pre koho je Alfa ur\u010den\u00e1?<\/h3>\n<p>Alfa je pre ka\u017ed\u00e9ho, hlavne v\u0161ak pre:<\/p>\n<ul>\n<li>t\u00fdch, ktor\u00ed sa rozhodli presk\u00fama\u0165 kres\u0165anstvo,<\/li>\n<li>nov\u00fdch kres\u0165anov,<\/li>\n<li>p\u00e1ry, ktor\u00e9 sa pripravuj\u00fa na man\u017eelstvo,<\/li>\n<li>toho, komu sa nedar\u00ed \u017ei\u0165 ako kres\u0165an.<\/li>\n<\/ul>\n<p>\u00a0<\/p>\n<h3 class=\"red\">\u010co o Alfe povedali in\u00ed?<\/h3>\n<p style=\"text-align: center;\"><em>\u201eNepozn\u00e1m \u017eiadny in\u00fd kurz, ktor\u00fd by obsiahol \u00favod k z\u00e1kladom kres\u0165anskej viery tak pr\u00edstupn\u00fdm sp\u00f4sobom a bol tak relevantn\u00fd pre dne\u0161n\u00e9ho \u010dloveka.\u201c<\/em><\/p>\n<p style=\"text-align: center;\">David Suchet, britsk\u00fd herec, predstavite\u013e popul\u00e1rneho komis\u00e1ra Poirota<\/p>\n<p>\u00a0<\/p>\n<p>\u00a0<\/p>\n<p><strong><a href=\"https:\/\/new.slovozivota.sk\/wp-content\/uploads\/2012\/03\/alfa_kurz_pozvanka.png\" target=\"_blank\" rel=\"noopener noreferrer\">Stiahni si pozv\u00e1nku<\/a><\/strong><\/p>\n<p>\u00a0<\/p>\n","protected":false},"excerpt":{"rendered":"<p>Srde\u010dne v\u00e1s poz\u00fdvame na svetozn\u00e1my Alfa kurz, ktor\u00fd poriadame od 10. 4. 2012 aj v Bratislave. Vstup je vo\u013en\u00fd, budeme si v\u00e1\u017ei\u0165, ke\u010f n\u00e1s poct\u00edte svojou \u00fa\u010das\u0165ou. Alfa je otvoren\u00e1 [&hellip;]<\/p>\n","protected":false},"author":1,"featured_media":2578,"comment_status":"open","ping_status":"open","sticky":false,"template":"","format":"standard","meta":{"episode_type":"","audio_file":"","cover_image":"","cover_image_id":"","duration":"","filesize":"","date_recorded":"","explicit":"","block":"","filesize_raw":"","footnotes":""},"categories":[74],"tags":[],"series":[],"class_list":["post-2580","post","type-post","status-publish","format-standard","has-post-thumbnail","hentry","category-aktivity-zboru"],"episode_featured_image":"https:\/\/www.slovozivota.sk\/wp-content\/uploads\/2012\/03\/alfa_kurz.png","episode_player_image":"https:\/\/www.slovozivota.sk\/wp-content\/uploads\/2019\/10\/PodcastSZ-1.jpg","download_link":"","player_link":"","audio_player":false,"episode_data":{"playerMode":"dark","subscribeUrls":[],"rssFeedUrl":"https:\/\/www.slovozivota.sk\/ru-ru\/feed\/podcast\/slovo-zivota","embedCode":"<blockquote class=\"wp-embedded-content\" data-secret=\"FYXaaX3KLT\"><a href=\"https:\/\/www.slovozivota.sk\/ru-ru\/2012\/03\/svetoznamy-alfa-kurz-aj-v-bratislave\/\">Svetozn\u00e1my Alfa kurz aj v Bratislave<\/a><\/blockquote><iframe sandbox=\"allow-scripts\" security=\"restricted\" src=\"https:\/\/www.slovozivota.sk\/ru-ru\/2012\/03\/svetoznamy-alfa-kurz-aj-v-bratislave\/embed\/#?secret=FYXaaX3KLT\" width=\"500\" height=\"350\" title=\"\u00abSvetozn\u00e1my Alfa kurz aj v Bratislave\u00bb &#8212; Slovo \u017eivota\" data-secret=\"FYXaaX3KLT\" frameborder=\"0\" marginwidth=\"0\" marginheight=\"0\" scrolling=\"no\" class=\"wp-embedded-content\"><\/iframe><script type=\"text\/javascript\">\n\/* <![CDATA[ *\/\n\/*! This file is auto-generated *\/\n!function(d,l){\"use strict\";l.querySelector&&d.addEventListener&&\"undefined\"!=typeof URL&&(d.wp=d.wp||{},d.wp.receiveEmbedMessage||(d.wp.receiveEmbedMessage=function(e){var t=e.data;if((t||t.secret||t.message||t.value)&&!\/[^a-zA-Z0-9]\/.test(t.secret)){for(var s,r,n,a=l.querySelectorAll('iframe[data-secret=\"'+t.secret+'\"]'),o=l.querySelectorAll('blockquote[data-secret=\"'+t.secret+'\"]'),c=new RegExp(\"^https?:$\",\"i\"),i=0;i<o.length;i++)o[i].style.display=\"none\";for(i=0;i<a.length;i++)s=a[i],e.source===s.contentWindow&&(s.removeAttribute(\"style\"),\"height\"===t.message?(1e3<(r=parseInt(t.value,10))?r=1e3:~~r<200&&(r=200),s.height=r):\"link\"===t.message&&(r=new URL(s.getAttribute(\"src\")),n=new URL(t.value),c.test(n.protocol))&&n.host===r.host&&l.activeElement===s&&(d.top.location.href=t.value))}},d.addEventListener(\"message\",d.wp.receiveEmbedMessage,!1),l.addEventListener(\"DOMContentLoaded\",function(){for(var e,t,s=l.querySelectorAll(\"iframe.wp-embedded-content\"),r=0;r<s.length;r++)(t=(e=s[r]).getAttribute(\"data-secret\"))||(t=Math.random().toString(36).substring(2,12),e.src+=\"#?secret=\"+t,e.setAttribute(\"data-secret\",t)),e.contentWindow.postMessage({message:\"ready\",secret:t},\"*\")},!1)))}(window,document);\n\/* ]]> *\/\n<\/script>\n"},"_links":{"self":[{"href":"https:\/\/www.slovozivota.sk\/ru-ru\/wp-json\/wp\/v2\/posts\/2580","targetHints":{"allow":["GET"]}}],"collection":[{"href":"https:\/\/www.slovozivota.sk\/ru-ru\/wp-json\/wp\/v2\/posts"}],"about":[{"href":"https:\/\/www.slovozivota.sk\/ru-ru\/wp-json\/wp\/v2\/types\/post"}],"author":[{"embeddable":true,"href":"https:\/\/www.slovozivota.sk\/ru-ru\/wp-json\/wp\/v2\/users\/1"}],"replies":[{"embeddable":true,"href":"https:\/\/www.slovozivota.sk\/ru-ru\/wp-json\/wp\/v2\/comments?post=2580"}],"version-history":[{"count":0,"href":"https:\/\/www.slovozivota.sk\/ru-ru\/wp-json\/wp\/v2\/posts\/2580\/revisions"}],"wp:featuredmedia":[{"embeddable":true,"href":"https:\/\/www.slovozivota.sk\/ru-ru\/wp-json\/wp\/v2\/media\/2578"}],"wp:attachment":[{"href":"https:\/\/www.slovozivota.sk\/ru-ru\/wp-json\/wp\/v2\/media?parent=2580"}],"wp:term":[{"taxonomy":"category","embeddable":true,"href":"https:\/\/www.slovozivota.sk\/ru-ru\/wp-json\/wp\/v2\/categories?post=2580"},{"taxonomy":"post_tag","embeddable":true,"href":"https:\/\/www.slovozivota.sk\/ru-ru\/wp-json\/wp\/v2\/tags?post=2580"},{"taxonomy":"series","embeddable":true,"href":"https:\/\/www.slovozivota.sk\/ru-ru\/wp-json\/wp\/v2\/series?post=2580"}],"curies":[{"name":"wp","href":"https:\/\/api.w.org\/{rel}","templated":true}]}}