{"id":2947,"date":"2013-09-09T23:15:19","date_gmt":"2013-09-09T21:15:19","guid":{"rendered":"https:\/\/new.slovozivota.sk\/2013\/09\/slobodan-a-zelka-subotic-z-balkanu-na-slovensko\/"},"modified":"2013-09-09T23:15:19","modified_gmt":"2013-09-09T21:15:19","slug":"slobodan-a-zelka-subotic-z-balkanu-na-slovensko","status":"publish","type":"post","link":"https:\/\/www.slovozivota.sk\/ru-ru\/2013\/09\/slobodan-a-zelka-subotic-z-balkanu-na-slovensko\/","title":{"rendered":"Slobodan a \u017delka Suboti\u0107 &#8211; Z Balk\u00e1nu na Slovensko"},"content":{"rendered":"<p class=\"Body\">\u00a0<img decoding=\"async\" class=\" alignleft size-full wp-image-2946\" src=\"https:\/\/new.slovozivota.sk\/wp-content\/uploads\/2013\/09\/Zelka_Bobo.jpg\" border=\"0\" alt=\"\" align=\"left\" width=\"400\" height=\"290\" srcset=\"https:\/\/www.slovozivota.sk\/wp-content\/uploads\/2013\/09\/Zelka_Bobo.jpg 400w, https:\/\/www.slovozivota.sk\/wp-content\/uploads\/2013\/09\/Zelka_Bobo-300x218.jpg 300w, https:\/\/www.slovozivota.sk\/wp-content\/uploads\/2013\/09\/Zelka_Bobo-390x283.jpg 390w\" sizes=\"(max-width: 767px) 100vw, 400px\" \/>Bobo a \u017delka poch\u00e1dzaj\u00fa z b\u00fdvalej Juhosl\u00e1vie. Bobo mal \u0165a\u017ek\u00e9 detstvo, ke\u010f sa musel skr\u00fdva\u0165 po\u010das vojny v pivnici. U\u017e d\u00e1vno to v\u0161ak nie je \u017eiadny rebel, ale kres\u0165an, ktor\u00fd pracuje ako projektov\u00fd mana\u017e\u00e9r v jednej americkej firme v Bratislave. Jeho man\u017eelka je hudobn\u00e1 skladate\u013eka a spolo\u010dne sl\u00fa\u017eia vo worshipovej skupine Slovo \u017eivota na nede\u013en\u00fdch bohoslu\u017eb\u00e1ch.<\/p>\n<p class=\"Body\">\u00a0<\/p>\n<p class=\"Body\">\u00a0<\/p>\n<p class=\"Body\" style=\"mso-outline-level: 1;\"><strong>Slobodan<\/strong><\/p>\n<p class=\"Body\" style=\"mso-outline-level: 1;\"><strong>Z\u00e1pas o hol\u00e9 pre\u017eitie<\/strong><\/p>\n<p class=\"Body\">Poch\u00e1dzam z Bosny a Hercegoviny, z mal\u00e9ho mesta Breza. Pozornos\u0165 sveta sa na n\u00e1s uprela v dev\u00e4\u0165desiatych rokoch, ke\u010f vypukla vojna. Predt\u00fdm sa \u013eudia navz\u00e1jom re\u0161pektovali, nez\u00e1le\u017ealo na n\u00e1bo\u017eenstve ani n\u00e1rodnosti. Toto sa v\u0161ak zmenilo, \u013eudia sa zrazu za\u010dali s\u0165ahova\u0165 zo svojich domovov, odch\u00e1dzali, len aby sa zachr\u00e1nili. Moji rodi\u010dia boli rozdielneho vierovyznania. Otec bol pravosl\u00e1vny Srb a mamka moslimka. Nasledovn\u00fdch p\u00e4\u0165 rokov vojny predstavovalo ve\u013emi \u0165a\u017ek\u00e9 obdobie. Zavl\u00e1dla ve\u013ek\u00e1 ekonomick\u00e1 kr\u00edza, po\u010das ktorej neboli dostupn\u00e9 ani len z\u00e1kladn\u00e9 \u017eivotn\u00e9 potreby. Nedostatok potrav\u00edn, vody a elektriny bol na dennom poriadku. Z\u00e1pasili sme o hol\u00e9 pre\u017eite. Kv\u00f4li bombardovaniu sme str\u00e1vili v\u00e4\u010d\u0161inu \u010dasu v na\u0161ej pivnici.<\/p>\n<p>\u00a0<\/p>\n<p class=\"Body\">\u00a0\u00a0\u00a0\u00a0\u00a0\u00a0\u00a0\u00a0V\u00a0roku 1993 mama otehotnela, no po\u010das p\u00f4rodu nebolo mo\u017en\u00e9 \u00eds\u0165 kv\u00f4li bombardovaniu do nemocnice, tak\u017ee sa sestri\u010dka narodila doma. Pla\u010d b\u00e1b\u00e4tka n\u00e1m priniesol ve\u013ek\u00fa rados\u0165. Otec c\u00edtil ve\u013ek\u00fa zodpovednos\u0165 postara\u0165 sa o n\u00e1s a h\u013eadal si pr\u00e1cu, no jeden \u00falomok z gran\u00e1tu ho zasiahol a v\u00e1\u017ene zranil. Pod vplyvom t\u00fdchto udalost\u00ed som za\u010dal r\u00fdchlej\u0161ie dospieva\u0165, ako sedemro\u010dn\u00fd som vykon\u00e1val pr\u00e1ce, ktor\u00e9 si dne\u0161n\u00e9 deti nevedia ani len predstavi\u0165.<\/p>\n<p>\u00a0<\/p>\n<p class=\"Body\" style=\"mso-outline-level: 1;\"><strong>Z\u00e1kon ulice<\/strong><\/p>\n<p class=\"Body\">Po vojne sa otec vr\u00e1til do pr\u00e1ce, no dos\u0165 zatrpkol a za\u010dal sa op\u00edja\u0165. Rodi\u010dia sa za\u010dali h\u00e1da\u0165 a nad\u00e1va\u0165 si, a to pr\u00e1ve v obdob\u00ed, ke\u010f som najviac potreboval ich podporu, l\u00e1sku a dobr\u00fd vzor. \u010coraz viac \u010dasu som tr\u00e1vil na ulici, kde platili in\u00e9 z\u00e1kony ako doma. Aby ma prijali medzi ostatn\u00fdch, musel som prejs\u0165 ,,sk\u00fa\u0161kami\u201c, napr\u00edklad osved\u010di\u0165 sa v bitke a in\u00fdch neplech\u00e1ch. V \u0161kole sa mi v\u00f4bec nedarilo, mal som probl\u00e9m s\u00fastredi\u0165 sa. U\u010dite\u013eka ma pova\u017eovala za neschopn\u00e9ho, dokonca ma nechala v tretej triede prepadn\u00fa\u0165, \u010do m\u00f4jmu sebavedomiu v\u00f4bec nepomohlo.<\/p>\n<p class=\"Body\">\u00a0\u00a0\u00a0\u00a0\u00a0\u00a0\u00a0\u00a0Postupne som si za\u010dal kl\u00e1s\u0165 ot\u00e1zky o zmysle existencie a pohr\u00e1val som sa s\u00a0my\u0161lienkou, \u010di v\u00f4bec m\u00e1 tento \u017eivot nejak\u00fd v\u00fdznam. Poci\u0165oval som pr\u00e1zdnotu, ktor\u00fa nenaplnil ani \u017eivot pln\u00fd dobrodru\u017estiev a adrenal\u00ednu. Aj ke\u010f som ob\u010das chcel skoncova\u0165 so \u017eivotom, nie\u010do mi to nedovolilo.<\/p>\n<p>\u00a0<\/p>\n<p><strong>Ako otec prestal pi\u0165 <\/strong><\/p>\n<p>\u00a0\u00a0\u00a0\u00a0\u00a0\u00a0\u00a0\u00a0Nov\u00e1 u\u010dite\u013eka si v\u0161imla, \u017ee pri \u010d\u00edtan\u00ed dr\u017e\u00edm knihu pr\u00edli\u0161 bl\u00edzko o\u010d\u00ed. Trvala na vy\u0161etren\u00ed, hoci som tvrdil, \u017ee \u017eiaden probl\u00e9m nem\u00e1m. Lek\u00e1r v\u0161ak skon\u0161tatoval, \u017ee je to vroden\u00e1 vada a budem musie\u0165 nosi\u0165 okuliare so siln\u00fdmi dioptriami. Zasko\u010dilo to aj rodi\u010dov, ktor\u00ed dovtedy m\u00f4jmu zrakov\u00e9mu hendikepu nevenovali ve\u013ek\u00fa pozornos\u0165. V\u00a0tom \u010dase sa otec za\u010dal stret\u00e1va\u0165 s jedn\u00fdm star\u00fdm zn\u00e1mym, ktor\u00fd uveril v Krista. Ke\u010f sme k nemu pri\u0161li, \u0161okovalo ma vidie\u0165 to\u013eko l\u00e1skypln\u00fdch a \u0161\u0165astn\u00fdch \u013eud\u00ed pohromade. Na jednej z tak\u00fdchto skup\u00edn moji rodi\u010dia odovzdali svoj \u017eivot Je\u017ei\u0161ovi. Inak sa za\u010dali spr\u00e1va\u0165, otec sa prestal op\u00edja\u0165, zrazu k n\u00e1m boli mil\u00ed. Raz sa po\u010das chv\u00e1l pri\u0161lo nieko\u013eko \u013eud\u00ed za m\u0148a modli\u0165. Poc\u00edtil som Bo\u017eiu pr\u00edtomnos\u0165, za\u010dal som ve\u013emi plaka\u0165, vracali sa mi spomienky z minulosti, \u010dinil som pok\u00e1nie a za\u010dul Bo\u017e\u00ed hlas: ,,Aj vtedy som st\u00e1l pri tebe a chr\u00e1nil som \u0165a.\u201c Boli to najkraj\u0161ie slov\u00e1, ak\u00e9 som kedy po\u010dul. V mojom vn\u00fatri zavl\u00e1dol pokoj, Bo\u017eia l\u00e1ska mi naplnila srdce. Op\u00e4\u0165 som za\u010dal svojho otca spozn\u00e1va\u0165 z tej lep\u0161ej str\u00e1nky, no v roku 2001 pre\u017eil infarkt, po ktorom mu srdce fungovalo iba na 45 %. Lek\u00e1ri tvrdili, \u017ee bude \u017ei\u0165 len rok a pol. Zasiahlo n\u00e1s to ako blesk, ve\u013emi sme z toho boli smutn\u00ed. No na otcovi bola vidie\u0165 neuverite\u013en\u00e1 rados\u0165, ktor\u00fa pren\u00e1\u0161al aj na n\u00e1s, lebo vedel, \u017ee ide k P\u00e1novi. Napriek zl\u00fdm progn\u00f3zam \u017eil e\u0161te \u010fal\u0161\u00edch \u0161es\u0165 rokov, hoci prekonal \u010fal\u0161ie dva infarkty. Aj po\u010das t\u00fdchto okolnost\u00ed v\u0161ade rozpr\u00e1val o tom, \u010do Je\u017ei\u0161 urobil v jeho \u017eivote. Dodnes som v\u010fa\u010dn\u00fd Bohu za ten \u010das, ktor\u00fd sme mohli str\u00e1vi\u0165 spolu.<\/p>\n<p><strong><br \/><\/strong><\/p>\n<p><strong>Ako som sa stala hudobnou skladate\u013ekou<\/strong><\/p>\n<p class=\"Body\">V roku 2004 som sa zap\u00edsala na stredn\u00fa umeleck\u00fa \u0161kolu, \u010do pozdvihlo moje sebavedomie, ale aj potom som sa stret\u00e1vala so z\u00e1vis\u0165ou a odmietan\u00edm. C\u00edtila som Bo\u017eie povolanie v hudobnej oblasti, bolo mi to potvrden\u00e9 aj cez proroctv\u00e1. P\u00e1n ma za\u010dal v tejto oblasti pou\u017e\u00edva\u0165, bola som rada, \u017ee som sa stala po\u017eehnan\u00edm. Potom som sa rozhodla \u0161tudova\u0165 hudobn\u00fa kompoz\u00edciu na Vysokej \u0161kole m\u00fazick\u00fdch umen\u00ed v Bratislave. \u00a0Vo svojich skladb\u00e1ch sa zameriavam najm\u00e4 na zvukov\u00fa farebnos\u0165 s pou\u017eit\u00edm netradi\u010dn\u00fdch techn\u00edk na hudobn\u00fdch n\u00e1strojoch. Odzrkad\u013euj\u00fa sa v nich kompozi\u010dn\u00e9 postupy a techniky, ktor\u00fdmi dok\u00e1\u017eem vypoveda\u0165 to, \u010do vo vn\u00fatri po\u010dujem. Pr\u00e1ve to je pre m\u0148a ve\u013ekou v\u00fdzvou, ale z\u00e1rove\u0148 aj ve\u013ek\u00fdm dobrodru\u017estvom. Sna\u017e\u00edm sa vytvori\u0165 tak\u00e9 dielo, ktor\u00e9 m\u00e1 v sebe ur\u010dit\u00fa poetiku a\u00a0z\u00e1rove\u0148 vyjadruje moje my\u0161lienky a rados\u0165 z tvorenia. Ver\u00edm, \u017ee svojou tvorbou a\u00a0z\u00e1rove\u0148 slu\u017ebou spolu s\u00a0mojim man\u017eelom osl\u00e1vime Boha.<\/p>\n<p class=\"Body\">\u00a0<\/p>\n","protected":false},"excerpt":{"rendered":"<p>\u00a0Bobo a \u017delka poch\u00e1dzaj\u00fa z b\u00fdvalej Juhosl\u00e1vie. Bobo mal \u0165a\u017ek\u00e9 detstvo, ke\u010f sa musel skr\u00fdva\u0165 po\u010das vojny v pivnici. U\u017e d\u00e1vno to v\u0161ak nie je \u017eiadny rebel, ale kres\u0165an, ktor\u00fd [&hellip;]<\/p>\n","protected":false},"author":1,"featured_media":2946,"comment_status":"open","ping_status":"open","sticky":false,"template":"","format":"standard","meta":{"episode_type":"","audio_file":"","cover_image":"","cover_image_id":"","duration":"","filesize":"","date_recorded":"","explicit":"","block":"","filesize_raw":"","footnotes":""},"categories":[63],"tags":[],"series":[],"class_list":["post-2947","post","type-post","status-publish","format-standard","has-post-thumbnail","hentry","category-skutocny-pribeh"],"episode_featured_image":"https:\/\/www.slovozivota.sk\/wp-content\/uploads\/2013\/09\/Zelka_Bobo.jpg","episode_player_image":"https:\/\/www.slovozivota.sk\/wp-content\/uploads\/2019\/10\/PodcastSZ-1.jpg","download_link":"","player_link":"","audio_player":false,"episode_data":{"playerMode":"dark","subscribeUrls":[],"rssFeedUrl":"https:\/\/www.slovozivota.sk\/ru-ru\/feed\/podcast\/slovo-zivota","embedCode":"<blockquote class=\"wp-embedded-content\" data-secret=\"080cH4urlz\"><a href=\"https:\/\/www.slovozivota.sk\/ru-ru\/2013\/09\/slobodan-a-zelka-subotic-z-balkanu-na-slovensko\/\">Slobodan a \u017delka Suboti\u0107 &#8211; Z Balk\u00e1nu na Slovensko<\/a><\/blockquote><iframe sandbox=\"allow-scripts\" security=\"restricted\" src=\"https:\/\/www.slovozivota.sk\/ru-ru\/2013\/09\/slobodan-a-zelka-subotic-z-balkanu-na-slovensko\/embed\/#?secret=080cH4urlz\" width=\"500\" height=\"350\" title=\"\u00abSlobodan a \u017delka Suboti\u0107 &#8211; Z Balk\u00e1nu na Slovensko\u00bb &#8212; Slovo \u017eivota\" data-secret=\"080cH4urlz\" frameborder=\"0\" marginwidth=\"0\" marginheight=\"0\" scrolling=\"no\" class=\"wp-embedded-content\"><\/iframe><script type=\"text\/javascript\">\n\/* <![CDATA[ *\/\n\/*! This file is auto-generated *\/\n!function(d,l){\"use strict\";l.querySelector&&d.addEventListener&&\"undefined\"!=typeof URL&&(d.wp=d.wp||{},d.wp.receiveEmbedMessage||(d.wp.receiveEmbedMessage=function(e){var t=e.data;if((t||t.secret||t.message||t.value)&&!\/[^a-zA-Z0-9]\/.test(t.secret)){for(var s,r,n,a=l.querySelectorAll('iframe[data-secret=\"'+t.secret+'\"]'),o=l.querySelectorAll('blockquote[data-secret=\"'+t.secret+'\"]'),c=new RegExp(\"^https?:$\",\"i\"),i=0;i<o.length;i++)o[i].style.display=\"none\";for(i=0;i<a.length;i++)s=a[i],e.source===s.contentWindow&&(s.removeAttribute(\"style\"),\"height\"===t.message?(1e3<(r=parseInt(t.value,10))?r=1e3:~~r<200&&(r=200),s.height=r):\"link\"===t.message&&(r=new URL(s.getAttribute(\"src\")),n=new URL(t.value),c.test(n.protocol))&&n.host===r.host&&l.activeElement===s&&(d.top.location.href=t.value))}},d.addEventListener(\"message\",d.wp.receiveEmbedMessage,!1),l.addEventListener(\"DOMContentLoaded\",function(){for(var e,t,s=l.querySelectorAll(\"iframe.wp-embedded-content\"),r=0;r<s.length;r++)(t=(e=s[r]).getAttribute(\"data-secret\"))||(t=Math.random().toString(36).substring(2,12),e.src+=\"#?secret=\"+t,e.setAttribute(\"data-secret\",t)),e.contentWindow.postMessage({message:\"ready\",secret:t},\"*\")},!1)))}(window,document);\n\/* ]]> *\/\n<\/script>\n"},"_links":{"self":[{"href":"https:\/\/www.slovozivota.sk\/ru-ru\/wp-json\/wp\/v2\/posts\/2947","targetHints":{"allow":["GET"]}}],"collection":[{"href":"https:\/\/www.slovozivota.sk\/ru-ru\/wp-json\/wp\/v2\/posts"}],"about":[{"href":"https:\/\/www.slovozivota.sk\/ru-ru\/wp-json\/wp\/v2\/types\/post"}],"author":[{"embeddable":true,"href":"https:\/\/www.slovozivota.sk\/ru-ru\/wp-json\/wp\/v2\/users\/1"}],"replies":[{"embeddable":true,"href":"https:\/\/www.slovozivota.sk\/ru-ru\/wp-json\/wp\/v2\/comments?post=2947"}],"version-history":[{"count":0,"href":"https:\/\/www.slovozivota.sk\/ru-ru\/wp-json\/wp\/v2\/posts\/2947\/revisions"}],"wp:featuredmedia":[{"embeddable":true,"href":"https:\/\/www.slovozivota.sk\/ru-ru\/wp-json\/wp\/v2\/media\/2946"}],"wp:attachment":[{"href":"https:\/\/www.slovozivota.sk\/ru-ru\/wp-json\/wp\/v2\/media?parent=2947"}],"wp:term":[{"taxonomy":"category","embeddable":true,"href":"https:\/\/www.slovozivota.sk\/ru-ru\/wp-json\/wp\/v2\/categories?post=2947"},{"taxonomy":"post_tag","embeddable":true,"href":"https:\/\/www.slovozivota.sk\/ru-ru\/wp-json\/wp\/v2\/tags?post=2947"},{"taxonomy":"series","embeddable":true,"href":"https:\/\/www.slovozivota.sk\/ru-ru\/wp-json\/wp\/v2\/series?post=2947"}],"curies":[{"name":"wp","href":"https:\/\/api.w.org\/{rel}","templated":true}]}}