{"id":3028,"date":"2013-12-01T15:57:54","date_gmt":"2013-12-01T14:57:54","guid":{"rendered":"https:\/\/new.slovozivota.sk\/2013\/12\/sviatok-sukot-v-jeruzaleme-mojimi-ocami\/"},"modified":"2013-12-01T15:57:54","modified_gmt":"2013-12-01T14:57:54","slug":"sviatok-sukot-v-jeruzaleme-mojimi-ocami","status":"publish","type":"post","link":"https:\/\/www.slovozivota.sk\/ru-ru\/2013\/12\/sviatok-sukot-v-jeruzaleme-mojimi-ocami\/","title":{"rendered":"Sviatok Sukot v Jeruzaleme mojimi o\u010dami"},"content":{"rendered":"<p class=\"MsoNormal\" style=\"margin-bottom: .0001pt; text-align: justify; line-height: normal; mso-layout-grid-align: none; text-autospace: none;\"><em><img decoding=\"async\" class=\" alignleft size-full wp-image-3027\" src=\"https:\/\/new.slovozivota.sk\/wp-content\/uploads\/2013\/12\/sukot3.jpg\" border=\"0\" alt=\"\" align=\"left\" width=\"400\" height=\"267\" srcset=\"https:\/\/www.slovozivota.sk\/wp-content\/uploads\/2013\/12\/sukot3.jpg 400w, https:\/\/www.slovozivota.sk\/wp-content\/uploads\/2013\/12\/sukot3-300x200.jpg 300w, https:\/\/www.slovozivota.sk\/wp-content\/uploads\/2013\/12\/sukot3-390x260.jpg 390w\" sizes=\"(max-width: 767px) 100vw, 400px\" \/>Po\u010das posledn\u00fdch p\u00e1r rokov sa vo mne stup\u0148ovala ve\u013ek\u00e1 t\u00fa\u017eba op\u00e4\u0165 raz aspo\u0148 nakr\u00e1tko z\u00e1js\u0165 do Izraela, krajiny, ktor\u00e1 mi ve\u013emi prir\u00e1stla k srdcu, a ktor\u00fa som presne pred desiatimi rokmi nav\u0161t\u00edvila spolu so svoj\u00edm synom. Rok za rokom mi to v\u0161ak akosi nevych\u00e1dzalo, a tak som teraz v lete v n\u00e1vale em\u00f3ci\u00ed a\u00a0miernej frustr\u00e1cie povedala Bohu, \u017ee si na to, \u017eia\u013e, moment\u00e1lne neviem na\u0161etri\u0165, a\u00a0\u017ee Ho pros\u00edm, aby spravil nejak\u00fd z\u00e1zrak, lebo ja tam u\u017e naozaj potrebujem \u00eds\u0165:). N\u00e1\u0161 Boh je ve\u013ek\u00fd Boh a ni\u010d mu nie je nemo\u017en\u00e9, ako som sa o tom mala znova presved\u010di\u0165. P\u00e1r dn\u00ed po tejto modlitbe (o ktorej som nikomu nepovedala) som dostala pozvanie na Sukot (hebr.: St\u00e1nky = t\u00fd\u017ed\u0148ov\u00fd biblick\u00fd Sviatok st\u00e1nkov) do Izraela s t\u00fdm, \u017ee nemus\u00edm ni\u010d plati\u0165. E\u0161te dnes, ke\u010f p\u00ed\u0161em tieto riadky, ma to doj\u00edma&#8230;<\/em><\/p>\n<p class=\"MsoNormal\" style=\"margin-bottom: .0001pt; text-align: justify; line-height: normal; mso-layout-grid-align: none; text-autospace: none;\"><em>\u00a0<\/em><\/p>\n<p class=\"MsoNormal\" style=\"margin-bottom: .0001pt; text-align: justify; line-height: normal; mso-layout-grid-align: none; text-autospace: none;\"><strong>5000 <\/strong><strong>\u00fa\u010d<\/strong><strong>astn<\/strong><strong>\u00ed<\/strong><strong>kov konferencie v Jeruzaleme<\/strong><\/p>\n<p class=\"MsoNormal\" style=\"margin-bottom: .0001pt; text-align: justify; line-height: normal; mso-layout-grid-align: none; text-autospace: none;\">Koncom septembra som teda mala mo\u017enos\u0165 spolu s tromi priate\u013emi z Bratislavy str\u00e1vi\u0165 n\u00e1dhern\u00fd t\u00fd\u017ede\u0148 v tejto pozoruhodnej krajine a\u00a0spolu so \u017eidovsk\u00fdm n\u00e1rodom osl\u00e1vi\u0165 Sukot a z\u00e1rove\u0148 sa z\u00fa\u010dastni\u0165 v\u00fdbornej konferencie, ktor\u00fa ka\u017edoro\u010dne u\u017e asi 30 rokov organizuje v Jeruzaleme medzin\u00e1rodn\u00e1 organiz\u00e1cia ICEJ. Z\u00fa\u010dast\u0148uj\u00fa sa jej tis\u00edce kres\u0165anov z cel\u00e9ho sveta. Neoddelite\u013enou s\u00fa\u010das\u0165ou s\u00fa n\u00e1dhern\u00e9 chv\u00e1ly, skvel\u00ed re\u010dn\u00edci (tentoraz napr. Angus Buchan, Daniel Kolenda, Suzette Hattings, Peter Tsukahira, alebo Umar Mulinde z Ugandy, ktor\u00e9mu moslimsk\u00ed fanatici v roku 2011 na \u0160tedr\u00fd de\u0148 poliali tv\u00e1r kyselinou, tak\u017ee mus\u00ed chodi\u0165 v maske), a nadov\u0161etko, Bo\u017eia pr\u00edtomnos\u0165. Prv\u00e9 ve\u013ek\u00e9 zhroma\u017edenie (ak ner\u00e1tam \u00faplne prv\u00fd otv\u00e1rac\u00ed ve\u010der v o\u00e1ze Ein Gedi bl\u00edzko M\u0155tveho mora) sa uskuto\u010dnilo v priestoroch Z\u00e1hradn\u00e9ho hrobu v Jeruzaleme. \u00da\u017easn\u00e9 bolo, \u017ee pred Ve\u010derou P\u00e1novou mali slovo spolo\u010dne dvaja re\u010dn\u00edci \u2212 jeden bol \u017did, pastor mesi\u00e1nskeho spolo\u010denstva, druh\u00fd Arab, pastor viacer\u00fdch arabsk\u00fdch zborov na \u00fazemiach spravovan\u00fdch palest\u00ednskou samospr\u00e1vou. Medzi najemocion\u00e1lnej\u0161ie \u010dasti tejto konferencie ka\u017edoro\u010dne patr\u00ed pochod ulicami Jeruzalema, v ktorom s\u00fa zapojen\u00ed kres\u0165ania z cel\u00e9ho sveta (teraz ich bolo vy\u0161e 5000), \u010d\u00edm vyjadruj\u00fa svoju l\u00e1sku a\u00a0solidaritu s Izraelom. Pozd\u013a\u017e celej trasy stoja tis\u00edce miestnych \u013eud\u00ed, ktor\u00ed sa prizeraj\u00fa, \u010fakuj\u00fa a pod\u00e1vaj\u00fa si s kres\u0165anmi ruky. Tento rok som bola dokonca aj svedkom toho, ako niektor\u00ed z dom\u00e1cich napiekli kol\u00e1\u010de a pon\u00fakali n\u00e1m ich. Slzy b\u00fdvaj\u00fa v\u00e4\u010d\u0161inou na obidvoch stran\u00e1ch.<\/p>\n<p class=\"MsoNormal\" style=\"margin-bottom: .0001pt; text-align: justify; line-height: normal; mso-layout-grid-align: none; text-autospace: none;\"><strong>\u00a0<\/strong><\/p>\n<p class=\"MsoNormal\" style=\"margin-bottom: .0001pt; text-align: justify; line-height: normal; mso-layout-grid-align: none; text-autospace: none;\"><strong>Jeruzalem \u2013 mesto Ve<\/strong><strong>\u013e<\/strong><strong>k<\/strong><strong>\u00e9<\/strong><strong>ho Kr<\/strong><strong>\u00e1\u013e<\/strong><strong>a<\/strong><\/p>\n<p class=\"MsoNormal\" style=\"margin-bottom: .0001pt; text-align: justify; line-height: normal; mso-layout-grid-align: none; text-autospace: none;\">ICEJ m\u00e1 hlavn\u00e9 s\u00eddlo v\u00a0Jeruzaleme a po celom svete mnoho pobo\u010diek, Slovensko nevyn\u00edmaj\u00fac. Je akousi symbolickou kres\u0165anskou ambas\u00e1dou, ktor\u00e1 vznikla v \u010dase, ke\u010f arabsk\u00e9 krajiny pod hrozbou zastavenia dod\u00e1vok ropy vyzvali krajiny sveta, aby svoje ambas\u00e1dy pres\u0165ahovali z Jeruzalema do Tel Avivu. Bolo to v \u010dase, ke\u010f izraelsk\u00fd parlament vyhl\u00e1sil Jeruzalem za nedelite\u013en\u00e9 a ve\u010dn\u00e9 hlavn\u00e9 mesto \u0161t\u00e1tu Izrael, zalo\u017een\u00e9 kr\u00e1\u013eom D\u00e1vidom pred takmer 3000 rokmi. Krajiny sveta n\u00e1sledne svoje ambas\u00e1dy rad\u0161ej pres\u0165ahovali a\u00a0Izrael sa tak zo d\u0148a na de\u0148 ocitol osamoten\u00fd. Boh vtedy vlo\u017eil kres\u0165anom do srdca t\u00fa\u017ebu a odvahu urobi\u0165 to, na \u010do nemali dostatok odvahy ich dom\u00e1ci politick\u00ed vodcovia (takzvan\u00fdch kres\u0165ansk\u00fdch kraj\u00edn), otvori\u0165 na p\u00f4de mesta Ve\u013ek\u00e9ho Kr\u00e1\u013ea kres\u0165ansk\u00e9 ve\u013evyslanectvo (Zdroj www.icej.sk). Dnes je t\u00e1to organiz\u00e1cia v Izraeli pomerne zn\u00e1ma, a m\u00e1 ve\u013emi dobr\u00e9 vz\u0165ahy s miestnym obyvate\u013estvom, ako aj s ofici\u00e1lnymi predstavite\u013emi \u0161t\u00e1tu Izrael, ako napr. \u010dlenmi Knessetu (izraelsk\u00e9ho parlamentu) \u010di starostom Jeruzalema. Mnoh\u00ed z\u00a0nich sa ka\u017edoro\u010dne aj osobne prihov\u00e1raj\u00fa \u00fa\u010dastn\u00edkom konferencie.<\/p>\n<p class=\"MsoNormal\" style=\"margin-bottom: .0001pt; text-align: justify; line-height: normal; mso-layout-grid-align: none; text-autospace: none;\"><strong>\u00a0<\/strong><\/p>\n<p class=\"MsoNormal\" style=\"margin-bottom: 0.0001pt; line-height: normal;\"><strong>V<\/strong><strong>\u00fd<\/strong><strong>znam sviatku Sukot<\/strong><\/p>\n<p class=\"MsoNormal\" style=\"margin-bottom: .0001pt; text-align: justify; line-height: normal; mso-layout-grid-align: none; text-autospace: none;\">Po\u010das \u017eidovsk\u00e9ho Sukotu sa sch\u00e1dzaj\u00fa veriaci zo v\u0161etk\u00fdch kon\u010d\u00edn sveta a stavan\u00edm r\u00f4znych st\u00e1nkov si pripom\u00ednaj\u00fa \u010das, ke\u010f izraelsk\u00fd n\u00e1rod putoval cez p\u00fa\u0161\u0165 do zas\u013e\u00fabenej zeme a b\u00fdval len v proviz\u00f3rnych obydliach. St\u00e1nky s\u00fa zhotoven\u00e9 z\u00a0jednoduch\u00e9ho materi\u00e1lu, \u010dasto s\u00fa kr\u00e1sne vyzdoben\u00e9. Strecha m\u00e1 by\u0165 priesvitn\u00e1, prikryt\u00e1 napr. palmov\u00fdmi listami, aby v noci bolo vidie\u0165 hviezdy na oblohe \u2013 na pripomenutie<\/p>\n<p class=\"MsoNormal\" style=\"margin-bottom: .0001pt; text-align: justify; line-height: normal; mso-layout-grid-align: none; text-autospace: none;\">si zas\u013e\u00faben\u00ed, ktor\u00e9 dal Hospodin tomuto n\u00e1rodu. Sviatok je oslavou jednoty, radosti, odpo\u010dinku a obnovy. Oslavuje sa tie\u017e zber \u00farody, pr\u00edchod da\u017e\u010fov, Bo\u017eia ochrana a zaopatrenie. Po\u010das svojho ob\u013e\u00faben\u00e9ho t\u00falania sa mestom a vysed\u00e1vania pri M\u00fare n\u00e1rekov som si tento rok viac v\u0161\u00edmala jednotlivcov, ktor\u00ed pod\u013ea trad\u00edcie m\u00e1vali na v\u0161etky svetov\u00e9 strany \u0161tyrmi druhmi plod\u00edn: v jednej ruke vetvi\u010dky z palmy, myrty a v\u0155by, v druhej plod citrusu&#8230; Vyhlasovali t\u00fdm Hospodinovu vl\u00e1du nad n\u00e1rodmi sveta. Zauj\u00edmavos\u0165ou je, \u017ee \u0160alam\u00fanov chr\u00e1m bol sl\u00e1vnostne zasv\u00e4ten\u00fd Hospodinovi pr\u00e1ve na Sukot a nesk\u00f4r sa v \u0148om ka\u017edoro\u010dne po\u010das tohto sviatku obetovalo Hospodinovi 70 volov, ktor\u00e9 pod\u013ea niektor\u00fdch rab\u00ednskych v\u00fdkladov predstavovali n\u00e1rody sveta. T\u00e1to obeta bola sprev\u00e1dzan\u00e1 modlitbami a\u00a0\u017eehnan\u00edm n\u00e1rodom. Ak sa za \u017didov modl\u00edme, akoby sme im len spl\u00e1cali ist\u00fd dlh. Ve\u010f oni n\u00e1m \u017eehnali e\u0161te pred pr\u00edchodom Je\u017ei\u0161a Krista na t\u00fato zem. Ke\u010f som sa vr\u00e1tila domov a len tak prech\u00e1dzala internetom a h\u013eadala, \u010di o spom\u00ednanom pochode Jeruzalemom boli nejak\u00e9 zmienky v izraelskej tla\u010di, objavila som \u010dl\u00e1nok (bol spred p\u00e1r rokov, ale mysl\u00edm, \u017ee t\u00e1 v\u00fdzva platila celkovo), kde ist\u00e1 skupina rab\u00ednov vyz\u00fdvala \u013eud\u00ed, aby sa tohto pochodu nez\u00fa\u010dast\u0148ovali. No v\u010faka Bohu, v\u00a0tomto pr\u00edpade sa prejavila \u00fadajne typick\u00e1 \u017eidovsk\u00e1 vlastnos\u0165 (alebo mo\u017eno sk\u00f4r typick\u00e1 \u013eudsk\u00e1 vlastnos\u0165 v\u0161eobecne), akou je robi\u0165 si veci po svojom, preto\u017ee n\u00e1s pri\u0161li priv\u00edta\u0165 desa\u0165tis\u00edce dom\u00e1cich, \u010di u\u017e z radov sekul\u00e1rnych, liber\u00e1lnych, ale aj ortodoxn\u00fdch \u017didov.<\/p>\n<p class=\"MsoNormal\" style=\"margin-bottom: .0001pt; text-align: justify; line-height: normal; mso-layout-grid-align: none; text-autospace: none;\">\u00a0<\/p>\n<p class=\"MsoNormal\" style=\"margin-bottom: 0.0001pt; line-height: normal;\"><strong>Prorock<\/strong><strong>\u00e9<\/strong><strong> <\/strong><strong>\u010d<\/strong><strong>asy pre Izrael<\/strong><\/p>\n<p>\u010eal\u0161iu n\u00e1dhern\u00fa sk\u00fasenos\u0165 som mala, ke\u010f jeden vz\u00e1cny brat z n\u00e1\u0161ho \u0161tvor\u010dlenn\u00e9ho t\u00edmu \u201ehlava-nehlava\u201c hovoril o P\u00e1novi miestnym; aj ke\u010f s nimi mal len p\u00e4\u0165min\u00fatov\u00fd rozhovor, nezabudol im poveda\u0165, \u017ee Je\u017ei\u0161 je Mesi\u00e1\u0161 a \u017ee ich miluje! Netu\u0161il, \u017ee toto je v Izraeli dos\u0165 citliv\u00e1 z\u00e1le\u017eitos\u0165, dokonca organiz\u00e1tori na\u0161ej konferencie zvykn\u00fa upozor\u0148ova\u0165 kres\u0165anov, aby nikoho \u201eneobracali\u201c, preto\u017ee my sme pri\u0161li do Izraela predov\u0161etk\u00fdm podpori\u0165 ho. Prizn\u00e1m sa, \u017ee som sa najsk\u00f4r ob\u00e1vala ich reakcie, ale ve\u013emi ma prekvapilo a pote\u0161ilo, ke\u010f som videla dojat\u00e9 poh\u013eady a po\u010dula, ako t\u00ed \u013eudia \u010fakovali. Bol medzi nimi napr\u00edklad aj mlad\u00fd ortodoxn\u00fd p\u00e1r, ke\u010f sme sa prech\u00e1dzali po hradb\u00e1ch, a\u00a0paradoxne oni \u2013 miestni \u2013 sa n\u00e1s p\u00fdtali na cestu :). Pochopila som to tak, \u017ee ich ot\u00e1zka mohla ma\u0165 nakoniec i\u00a0duchovn\u00fd rozmer&#8230; Mo\u017eno som bola svedkom len nieko\u013ek\u00fdch n\u00e1hodn\u00fdch pozit\u00edvnych reakci\u00ed tohto typu, no mo\u017eno je to aj znamen\u00edm toho, \u017ee nastal Bo\u017e\u00ed \u010das pre duchovn\u00e9 obrodenie Izraela. Mimochodom, n\u00e1zov tohoro\u010dnej konferencie bol <em>\u017datva<\/em>. Predstavujem si ju ako v\u00fdsledok modlitebn\u00e9ho \u00fasilia spojen\u00e9ho so skutkami l\u00e1sky kres\u0165anov vo\u010di \u017didom. Nepotrebujeme nikomu ni\u010d vnucova\u0165, ako mohol, bohu\u017eia\u013e, \u017eidovsk\u00fd n\u00e1rod opakovane zak\u00fa\u0161a\u0165 zo strany takzvan\u00fdch kres\u0165anov po\u010das posledn\u00fdch dvoch tis\u00edc rokov \u2013 ustavi\u010dn\u00e9 prenasledovanie, vra\u017edenie, a to mnohokr\u00e1t \u201ev mene Bo\u017eom\u201c. Maj\u00fa ve\u013ea d\u00f4vodov pochybova\u0165 a neveri\u0165, \u017ee Mesi\u00e1\u0161om je pr\u00e1ve ten, o ktorom tvrd\u00edme, \u017ee N\u00edm je. Ale On je L\u00e1ska. Dot\u00fdka sa, premie\u0148a a preb\u00fdva v srdciach \u013eud\u00ed, ktor\u00ed Mu skuto\u010dne dali svoj \u017eivot. Na tak\u00fdch je predsa vidie\u0165, \u017ee Hospodin je Ten, komu sl\u00fa\u017eia.<\/p>\n<p style=\"text-align: justify;\"><em>\u013duba Toma\u0161t\u00edkov\u00e1<\/em><\/p>\n<p style=\"text-align: justify;\">{gallery}izrael_tomascikova{\/gallery}<\/p>\n<p style=\"text-align: justify;\"><em><br \/><\/em><\/p>\n","protected":false},"excerpt":{"rendered":"<p>Po\u010das posledn\u00fdch p\u00e1r rokov sa vo mne stup\u0148ovala ve\u013ek\u00e1 t\u00fa\u017eba op\u00e4\u0165 raz aspo\u0148 nakr\u00e1tko z\u00e1js\u0165 do Izraela, krajiny, ktor\u00e1 mi ve\u013emi prir\u00e1stla k srdcu, a ktor\u00fa som presne pred desiatimi [&hellip;]<\/p>\n","protected":false},"author":1,"featured_media":3027,"comment_status":"open","ping_status":"open","sticky":false,"template":"","format":"standard","meta":{"episode_type":"","audio_file":"","cover_image":"","cover_image_id":"","duration":"","filesize":"","date_recorded":"","explicit":"","block":"","filesize_raw":"","footnotes":""},"categories":[64],"tags":[],"series":[],"class_list":["post-3028","post","type-post","status-publish","format-standard","has-post-thumbnail","hentry","category-misia-reportaz-old"],"episode_featured_image":"https:\/\/www.slovozivota.sk\/wp-content\/uploads\/2013\/12\/sukot3.jpg","episode_player_image":"https:\/\/www.slovozivota.sk\/wp-content\/uploads\/2019\/10\/PodcastSZ-1.jpg","download_link":"","player_link":"","audio_player":false,"episode_data":{"playerMode":"dark","subscribeUrls":[],"rssFeedUrl":"https:\/\/www.slovozivota.sk\/ru-ru\/feed\/podcast\/slovo-zivota","embedCode":"<blockquote class=\"wp-embedded-content\" data-secret=\"K8X8mPE7iI\"><a href=\"https:\/\/www.slovozivota.sk\/ru-ru\/2013\/12\/sviatok-sukot-v-jeruzaleme-mojimi-ocami\/\">Sviatok Sukot v Jeruzaleme mojimi o\u010dami<\/a><\/blockquote><iframe sandbox=\"allow-scripts\" security=\"restricted\" src=\"https:\/\/www.slovozivota.sk\/ru-ru\/2013\/12\/sviatok-sukot-v-jeruzaleme-mojimi-ocami\/embed\/#?secret=K8X8mPE7iI\" width=\"500\" height=\"350\" title=\"\u00abSviatok Sukot v Jeruzaleme mojimi o\u010dami\u00bb &#8212; Slovo \u017eivota\" data-secret=\"K8X8mPE7iI\" frameborder=\"0\" marginwidth=\"0\" marginheight=\"0\" scrolling=\"no\" class=\"wp-embedded-content\"><\/iframe><script type=\"text\/javascript\">\n\/* <![CDATA[ *\/\n\/*! This file is auto-generated *\/\n!function(d,l){\"use strict\";l.querySelector&&d.addEventListener&&\"undefined\"!=typeof URL&&(d.wp=d.wp||{},d.wp.receiveEmbedMessage||(d.wp.receiveEmbedMessage=function(e){var t=e.data;if((t||t.secret||t.message||t.value)&&!\/[^a-zA-Z0-9]\/.test(t.secret)){for(var s,r,n,a=l.querySelectorAll('iframe[data-secret=\"'+t.secret+'\"]'),o=l.querySelectorAll('blockquote[data-secret=\"'+t.secret+'\"]'),c=new RegExp(\"^https?:$\",\"i\"),i=0;i<o.length;i++)o[i].style.display=\"none\";for(i=0;i<a.length;i++)s=a[i],e.source===s.contentWindow&&(s.removeAttribute(\"style\"),\"height\"===t.message?(1e3<(r=parseInt(t.value,10))?r=1e3:~~r<200&&(r=200),s.height=r):\"link\"===t.message&&(r=new URL(s.getAttribute(\"src\")),n=new URL(t.value),c.test(n.protocol))&&n.host===r.host&&l.activeElement===s&&(d.top.location.href=t.value))}},d.addEventListener(\"message\",d.wp.receiveEmbedMessage,!1),l.addEventListener(\"DOMContentLoaded\",function(){for(var e,t,s=l.querySelectorAll(\"iframe.wp-embedded-content\"),r=0;r<s.length;r++)(t=(e=s[r]).getAttribute(\"data-secret\"))||(t=Math.random().toString(36).substring(2,12),e.src+=\"#?secret=\"+t,e.setAttribute(\"data-secret\",t)),e.contentWindow.postMessage({message:\"ready\",secret:t},\"*\")},!1)))}(window,document);\n\/* ]]> *\/\n<\/script>\n"},"_links":{"self":[{"href":"https:\/\/www.slovozivota.sk\/ru-ru\/wp-json\/wp\/v2\/posts\/3028","targetHints":{"allow":["GET"]}}],"collection":[{"href":"https:\/\/www.slovozivota.sk\/ru-ru\/wp-json\/wp\/v2\/posts"}],"about":[{"href":"https:\/\/www.slovozivota.sk\/ru-ru\/wp-json\/wp\/v2\/types\/post"}],"author":[{"embeddable":true,"href":"https:\/\/www.slovozivota.sk\/ru-ru\/wp-json\/wp\/v2\/users\/1"}],"replies":[{"embeddable":true,"href":"https:\/\/www.slovozivota.sk\/ru-ru\/wp-json\/wp\/v2\/comments?post=3028"}],"version-history":[{"count":0,"href":"https:\/\/www.slovozivota.sk\/ru-ru\/wp-json\/wp\/v2\/posts\/3028\/revisions"}],"wp:featuredmedia":[{"embeddable":true,"href":"https:\/\/www.slovozivota.sk\/ru-ru\/wp-json\/wp\/v2\/media\/3027"}],"wp:attachment":[{"href":"https:\/\/www.slovozivota.sk\/ru-ru\/wp-json\/wp\/v2\/media?parent=3028"}],"wp:term":[{"taxonomy":"category","embeddable":true,"href":"https:\/\/www.slovozivota.sk\/ru-ru\/wp-json\/wp\/v2\/categories?post=3028"},{"taxonomy":"post_tag","embeddable":true,"href":"https:\/\/www.slovozivota.sk\/ru-ru\/wp-json\/wp\/v2\/tags?post=3028"},{"taxonomy":"series","embeddable":true,"href":"https:\/\/www.slovozivota.sk\/ru-ru\/wp-json\/wp\/v2\/series?post=3028"}],"curies":[{"name":"wp","href":"https:\/\/api.w.org\/{rel}","templated":true}]}}