{"id":3435,"date":"2016-03-24T10:53:11","date_gmt":"2016-03-24T09:53:11","guid":{"rendered":"https:\/\/new.slovozivota.sk\/2016\/03\/v-bohu-sme-nasli-skutocny-pokoj-a-radost-pavol-a-erika-synovcovci\/"},"modified":"2016-03-24T10:53:11","modified_gmt":"2016-03-24T09:53:11","slug":"v-bohu-sme-nasli-skutocny-pokoj-a-radost-pavol-a-erika-synovcovci","status":"publish","type":"post","link":"https:\/\/www.slovozivota.sk\/ru-ru\/2016\/03\/v-bohu-sme-nasli-skutocny-pokoj-a-radost-pavol-a-erika-synovcovci\/","title":{"rendered":"Pavol a Erika Synovcovci &#8211; V Bohu sme na\u0161li skuto\u010dn\u00fd pokoj a rados\u0165"},"content":{"rendered":"<p><img decoding=\"async\" class=\" alignleft size-full wp-image-3434\" src=\"https:\/\/new.slovozivota.sk\/wp-content\/uploads\/2016\/03\/Synovcovci.jpg\" border=\"0\" alt=\"\" width=\"413\" height=\"394\" align=\"left\" style=\"float: right;\" srcset=\"https:\/\/www.slovozivota.sk\/wp-content\/uploads\/2016\/03\/Synovcovci.jpg 596w, https:\/\/www.slovozivota.sk\/wp-content\/uploads\/2016\/03\/Synovcovci-300x286.jpg 300w, https:\/\/www.slovozivota.sk\/wp-content\/uploads\/2016\/03\/Synovcovci-390x372.jpg 390w\" sizes=\"(max-width: 767px) 100vw, 413px\" \/>Maj\u00fa tri deti a v\u0161etci spolo\u010dne nasleduj\u00fa P\u00e1na. Tento rok sa s\u0165ahuj\u00fa z mal\u00e9ho dom\u010deka v Bratislave do nov\u00e9ho v Budmericiach. Pravidelne ich v\u00eddame na bohoslu\u017eb\u00e1ch Slova \u017eivota v Bratislave. Pavol vedie firmu, ktor\u00e1 sa zaober\u00e1 tepeln\u00fdmi \u010derpadlami (k\u00farenie a chladenie) a Erika m\u00e1 doma pln\u00e9 ruky pr\u00e1ce s troma mal\u00fdmi de\u0165mi. Odovzdali sa Bohu e\u0161te ako t\u00edned\u017eeri a dodnes s\u00fa za to ve\u013emi v\u010fa\u010dn\u00ed.<\/p>\n<p>\u00a0<\/p>\n<h1>Pavol<\/h1>\n<h3>Rodi\u010dia n\u00e1s odovzdali do Bo\u017e\u00edch r\u00fak<\/h3>\n<p>Narodil som sa miluj\u00facim rodi\u010dom v Kom\u00e1rne ako piate die\u0165a zo \u0161iestich. Rodi\u010dia n\u00e1s vo viere odovzdali do Bo\u017e\u00edch r\u00fak. Chodili sme pravidelne na bohoslu\u017eby, z\u00edskal som schopnos\u0165 rozl\u00ed\u0161i\u0165 medzi dobrom a zlom, ale vn\u00fatorne som nebol premenen\u00fd. Sna\u017eil som sa \u017ei\u0165 mor\u00e1lne, ale pr\u00edbehy z Biblie sa stali pre m\u0148a nezauj\u00edmav\u00fdmi. Po\u010d\u00faval som ich od detstva a boli pre m\u0148a opo\u010d\u00favan\u00e9. M\u00f4j otec bol kazate\u013eom na ju\u017enom Slovensku a popritom aj pracoval. Napriek tomu, \u017ee na\u0161a rodina na ist\u00fd \u010das prestala nav\u0161tevova\u0165 kres\u0165ansk\u00e9 zhroma\u017edenia, ke\u010f som bol e\u0161te chlapec, Boh sa n\u00e1m de\u0165om v tom \u010dase za\u010dal d\u00e1va\u0165 osobne pozna\u0165. M\u00f4j najstar\u0161\u00ed brat Peter sa ako prv\u00fd vidite\u013ene a radik\u00e1lne obr\u00e1til k Bohu. Raz pri\u0161iel domov v pla\u010di, preto\u017ee za\u017eil realitu duchovn\u00e9ho sveta, a to ho viedlo ku zmiereniu sa s Bohom. Mamka bola s n\u00edm do r\u00e1na hore a brat len plakal a vyzn\u00e1val svoje hriechy. Aj na m\u0148a toho bolo prive\u013ea, v t\u00fa noc som takmer nespal. Hne\u010f na druh\u00fd de\u0148 som v\u0161ak videl, \u017ee je nov\u00fdm \u010dlovekom. Za\u010dal pracova\u0165 v Bratislave, na v\u00edkendy chodieval domov a mal nie\u010do, \u010do mne ch\u00fdbalo, stretnutia s n\u00edm vo mne roznecovali t\u00fa\u017ebu po Bohu.<\/p>\n<p>\u00a0<\/p>\n<h3>Ako som na t\u00e1bore ne\u010dakane stretol Boha<\/h3>\n<p>Cez leto som i\u0161iel na ist\u00fd kres\u0165ansk\u00fd ml\u00e1de\u017en\u00edcky t\u00e1bor s n\u00e1dejou, \u017ee tam za\u017eijem nie\u010do podobn\u00e9. Niesol sa v duchu z\u00e1bavy, hier a n\u00e1v\u0161tev kr\u010dmy. Nebol som stoto\u017enen\u00fd s chodom t\u00e1bora, ke\u010f\u017ee mi v \u0148om ch\u00fdbal duchovn\u00fd rozmer. V jeden ve\u010der sme boli v\u0161etci mlad\u00ed a ved\u00faci v spolo\u010denskej miestnosti a mohli sme sa podeli\u0165 o svoje dojmy. Osmelil som sa a jasne vyjadril, kv\u00f4li \u010domu som tam pri\u0161iel a povedal, \u017ee to nenach\u00e1dzam. Jeden z ved\u00facich namietol, \u017ee sme si pri\u0161li odd\u00fdchnu\u0165 a nie modlika\u0165 sa a spieva\u0165 haleluja. Sklamanie s toho \u010do povedal ma n\u00fatilo \u00eds\u0165 pre\u010d, postavil som sa a \u0161iel do miestnosti, kde som mohol by\u0165 s\u00e1m. Za\u010dal som plaka\u0165 a vola\u0165 k Bohu. Povedal som mu: \u201eAk m\u00e1m ma\u0165 tak\u00fdto postoj ako veriaci, tak nechcem by\u0165 ani veriaci v Boha.\u201c\u00a0 Zrazu som po\u010dul, ako mi vn\u00fatorn\u00fdm hlasom hovor\u00ed: \u201ePozeraj sa na M\u0148a, a nie na \u013eud\u00ed!\u201c Rozplakal som sa e\u0161te viac a moje vn\u00fatro sa za\u010dalo napl\u0148ova\u0165 Bo\u017eou l\u00e1skou. Prijal som Je\u017ei\u0161a a na moje prekvapenie sa miestnos\u0165 naplnila \u010fal\u0161\u00edmi \u013eu\u010fmi, ktor\u00ed pre\u017eili veci podobne. E\u0161te o tretej nadr\u00e1nom sme spolo\u010dne chv\u00e1lili P\u00e1na a \u010fakovali mu za v\u0161etko, \u010do pre n\u00e1s urobil. Nevn\u00edmali sme \u010das, bolo to nie\u010do n\u00e1dhern\u00e9. Chcel som v\u0161etk\u00fdch vyobj\u00edma\u0165, aj t\u00fdch, ktor\u00ed sa vysmiali duchovn\u00e9mu obsahu t\u00e1bora.<\/p>\n<p>\u00a0<\/p>\n<h3>Boh mi daroval n\u00e1dhern\u00fa rodinu<\/h3>\n<p>Odvtedy som za\u010dal evanjelium prin\u00e1\u0161a\u0165 spolu\u017eiakom, u\u010dite\u013eom, jednoducho v\u0161ade, kde sa vyskytla \u0161anca. T\u00fa\u017eil som po tom, aby aj in\u00ed mohli za\u017ei\u0165 to, \u010do ja. Medzit\u00fdm som sa spriatelil s Erikou. Bolo to n\u00e1ro\u010dn\u00e9, ja som \u017eil v Marcelovej pri Kom\u00e1rne a ona v Ko\u0161iciach. N\u00e1\u0161 \u010dist\u00fd vz\u0165ah bol v\u0161ak po cel\u00e9 \u0161tyri roky ve\u013ek\u00fdm svedectvom pre na\u0161ich spolu\u017eiakov, preto\u017ee sme svoj \u017eivot postavili na skale. Po \u0161kole, v roku 2007, sme e\u0161te boli ako tak\u00e9 dospel\u00e9 de\u0165\u00farence, najm\u00e4 ja :-), ale zobrali sme sa a prv\u00e9 v\u00fdro\u010die sme oslavovali u\u017e s mesa\u010dn\u00fdm b\u00e1b\u00e4tkom Noelkom.<\/p>\n<p>V roku 2010 pri\u0161la na svet Rebeka a v roku 2014 sa n\u00e1m narodil Daniel. S\u00fa to na\u0161e tri drah\u00e9 deti, ktor\u00e9 sme dali pod Bo\u017eiu ochranu a je na\u0161ou t\u00fa\u017ebou, aby sa raz s pln\u00fdm vedom\u00edm rozhodli nasledova\u0165 P\u00e1na Je\u017ei\u0161a Krista. Noelko je \u0161ikovn\u00fd druh\u00e1\u010dik a futbalista. Rebeka je na\u0161e vesel\u00e9 a \u0161ikovn\u00e9 diev\u010datko, od septembra bude prv\u00e1\u010dka. Danielko u\u017e za\u010d\u00edna rozpr\u00e1va\u0165, je ve\u013emi u\u010denliv\u00fd, vesel\u00fd a m\u00e1me z neho ve\u013ek\u00fa rados\u0165.\u00a0<\/p>\n<p>\u00a0<\/p>\n<h3>Dobrodru\u017estvo na biblickej \u0161kole<\/h3>\n<p>V roku 2008, po tom, ako sa n\u00e1m narodilo prv\u00e9 die\u0165a, sme vn\u00edmali, \u017ee m\u00e1me \u00eds\u0165 na denn\u00fa biblick\u00fa \u0161kolu Slova \u017eivota do Bratislavy. Chceli sme nie\u010do praktick\u00e9 a na\u0161e o\u010dak\u00e1vania sa naplnili. Ka\u017ed\u00fd de\u0148 sme mohli uplat\u0148ova\u0165 v praxi to, \u010do sme sa nau\u010dili. Pre n\u00e1s to bol odv\u00e1\u017eny krok viery. Ke\u010f sme pri\u0161li, mali sme peniaze len na zaplatenie n\u00e1jmu, kaucie a na jedlo na mesiac. Vedel som, \u017ee m\u00e1m by\u0165 akt\u00edvny, pracovit\u00fd a m\u00e1me spolo\u010dne veri\u0165 Bohu. S Erikou sme sa rozhodli, \u017ee si od nikoho po\u010das biblickej \u0161koly nepo\u017ei\u010diame peniaze. Bolo by to na nieko\u013eko str\u00e1n, ak by som mal vymenova\u0165 v\u0161etky konkr\u00e9tne odpovede na modlitby a svedectv\u00e1 o tom, ako sa o n\u00e1s P\u00e1n postaral.\u00a0 <br \/>Po biblickej \u0161kole som pokra\u010doval v podnikan\u00ed, ale u\u017e intenz\u00edvnej\u0161ie a odv\u00e1\u017enej\u0161ie.<br \/>U\u010d\u00edm sa v podnikan\u00ed Bohu d\u00f4verova\u0165, lebo som zistil, \u017ee on m\u00f4jmu podnikaniu a pl\u00e1novaniu rozumie najlep\u0161ie. Del\u00edm sa s n\u00edm o svoje radosti, ale aj starosti. Niekedy id\u00fa veci hladko, inokedy \u0165a\u017e\u0161ie. O to viac som si uvedomil, \u017ee naozaj potrebujem Jeho m\u00fadros\u0165, aby som obst\u00e1l. Som Bohu v\u010fa\u010dn\u00fd za v\u0161etko, za v\u0161etky v\u00ed\u0165azstv\u00e1 a priazniv\u00e9 okolnosti, ale aj za tie \u0165a\u017e\u0161ie, preto\u017ee tie ma pos\u00favaj\u00fa dopredu.<br \/>Vieme, \u017ee ten prav\u00fd pokoj n\u00e1jdeme len v \u0147om, v P\u00e1novi sme na\u0161li svoju identitu, spolu s N\u00edm za\u017e\u00edvame rados\u0165 a zmysel n\u00e1\u0161ho bytia u\u017e tu na zemi. Ver\u00edm, \u017ee n\u00e1s \u010dakaj\u00fa e\u0161te ve\u013ek\u00e9 veci a dobrodru\u017estv\u00e1, ktor\u00e9 bud\u00fa ma\u0165 svoju hodnotu aj na ve\u010dnosti.<\/p>\n<p>\u00a0<\/p>\n<h1>Erika<\/h1>\n<h3>P\u00e1n Boh ma h\u013eadal na s\u00eddlisku<\/h3>\n<p>Narodila som sa v Ko\u0161iciach ako posledn\u00e1 z troch s\u00farodencov. M\u00f4j otec bol ateista a mamina katol\u00ed\u010dka. Bola som pokrsten\u00e1 ako b\u00e1b\u00e4tko a ako mal\u00e1 chodievala aj do kostola. Na jednej strane ma to nudilo, ist\u00fdm sp\u00f4sobom sa mi v\u0161ak t\u00e1 atmosf\u00e9ra aj p\u00e1\u010dila. Nesk\u00f4r sme na om\u0161e chodievali len nepravidelne, st\u00e1le som v\u0161ak verila, \u017ee Boh existuje. \u017dila som s vedom\u00edm, \u017ee Boh ma vid\u00ed a presne vie, \u010do rob\u00edm.<\/p>\n<p>Ke\u010f som mala 10 rokov, v\u0161imla som si po\u010das letn\u00fdch pr\u00e1zdnin na br\u00e1ne panel\u00e1ku oznam o akcii pre deti zo s\u00eddliska, ktor\u00fa organizovala Bratsk\u00e1 jednota baptistov.\u00a0 Chodievala som tam ka\u017ed\u00fd de\u0148 s kamar\u00e1tkou a bratom a ve\u013emi sa n\u00e1m p\u00e1\u010dili hry, s\u00fa\u0165a\u017ee, piesne a pr\u00edhovory o Bohu. Na konci t\u00fd\u017ed\u0148a sme si vymenili kontakty a s\u013e\u00fabili n\u00e1m, \u017ee n\u00e1m bud\u00fa p\u00edsa\u0165 aj vola\u0165. Tak sa aj stalo. Odvtedy n\u00e1s ka\u017ed\u00e9 leto poz\u00fdvali na t\u00fd\u017ed\u0148ov\u00fd t\u00e1bor a ve\u013ea sa n\u00e1m tam venovali. Ako \u0161trn\u00e1s\u0165ro\u010dn\u00e1 som za\u010dala baptistick\u00fd zbor pravidelne nav\u0161tevova\u0165 aj s o svoj\u00edm bratom a chodi\u0165 na ml\u00e1de\u017e. Na\u0161la som si tam ve\u013ea priate\u013eov a c\u00edtila som sa medzi nimi ve\u013emi dobre.<\/p>\n<p>\u00a0<\/p>\n<h3>Nevedela som zastavi\u0165 potoky s\u013az<\/h3>\n<p>Ke\u010f som mala 15 rokov, na ml\u00e1de\u017en\u00edckom t\u00e1bore sa ma Boh ve\u013emi silno dotkol. Plakala som a hanbila som sa pred ostatn\u00fdmi, \u017ee to tak silno pre\u017e\u00edvam, ale nevedela som zastavi\u0165 potoky s\u013az, ktor\u00e9 o\u010dis\u0165ovali moju du\u0161u. Tam som sa odovzdala Bohu a zistila, \u017ee aj ostatn\u00ed pla\u010d\u00fa od radosti. Spolu so mnou sa te\u0161ili, \u017ee som prijala Je\u017ei\u0161a Krista do svojho srdca. Od toho d\u0148a sa m\u00f4j \u017eivot menil. Zmenili sa moje priority, hodnoty aj vz\u0165ahy. Svoj vo\u013en\u00fd \u010das som tr\u00e1vila s ml\u00e1de\u017eou. Pom\u00e1hala som aj v organiz\u00e1cii Otcovo srdce, ktor\u00e1 sl\u00fa\u017eila v detsk\u00fdch domovoch, domovoch soci\u00e1lnych slu\u017eieb a medzi R\u00f3mami. Ve\u013emi ma to bavilo a nap\u013a\u0148alo. Som ve\u013emi v\u010fa\u010dn\u00e1 Bohu, \u017ee som sa znova narodila v takom mladom veku, a nemusela som zak\u00fasi\u0165 ve\u013ea zl\u00e9ho v obdob\u00ed dospievania.<\/p>\n<p>\u00a0<\/p>\n<h3>Som \u0161\u0165astnou mami\u010dkou<\/h3>\n<p>Pokrsti\u0165 som sa dala v sedemn\u00e1stich. V tom \u010dase som spoznala aj svojho man\u017eela, s ktor\u00fdm sme sa po \u0161tyroch rokoch chodenia na dia\u013eku aj vzali. Za\u010d\u00ednali sme ve\u013emi skromne, ale boli sme \u0161\u0165astn\u00ed, \u017ee m\u00f4\u017eeme by\u0165 kone\u010dne spolu. Na\u0161e rozhodnutie vzia\u0165 sa v tak mladom veku sme nikdy neo\u013eutovali. V\u017edy sa dobre pobav\u00edme pri prezeran\u00ed na\u0161ich svadobn\u00fdch fotografi\u00ed, ke\u010f sme boli e\u0161te \u201edeti\u201c. Mojou pr\u00e1cou je stara\u0165 sa o na\u0161e tri vz\u00e1cne deti a t\u00fa\u017ebou vidie\u0165, ako z nich vyrast\u00fa \u013eudia, ktor\u00ed bud\u00fa pozna\u0165 a nasledova\u0165 svojho Stvorite\u013ea P\u00e1na Je\u017ei\u0161a Krista. Som Bohu ve\u013emi v\u010fa\u010dn\u00e1\u00a0 za to, \u017ee sa n\u00e1m obom dal osobne spozna\u0165.<\/p>\n","protected":false},"excerpt":{"rendered":"<p>Maj\u00fa tri deti a v\u0161etci spolo\u010dne nasleduj\u00fa P\u00e1na. Tento rok sa s\u0165ahuj\u00fa z mal\u00e9ho dom\u010deka v Bratislave do nov\u00e9ho v Budmericiach. Pravidelne ich v\u00eddame na bohoslu\u017eb\u00e1ch Slova \u017eivota v Bratislave. [&hellip;]<\/p>\n","protected":false},"author":1,"featured_media":3434,"comment_status":"open","ping_status":"open","sticky":false,"template":"","format":"standard","meta":{"episode_type":"","audio_file":"","cover_image":"","cover_image_id":"","duration":"","filesize":"","date_recorded":"","explicit":"","block":"","filesize_raw":"","footnotes":""},"categories":[63],"tags":[],"series":[],"class_list":["post-3435","post","type-post","status-publish","format-standard","has-post-thumbnail","hentry","category-skutocny-pribeh"],"episode_featured_image":"https:\/\/www.slovozivota.sk\/wp-content\/uploads\/2016\/03\/Synovcovci.jpg","episode_player_image":"https:\/\/www.slovozivota.sk\/wp-content\/uploads\/2019\/10\/PodcastSZ-1.jpg","download_link":"","player_link":"","audio_player":false,"episode_data":{"playerMode":"dark","subscribeUrls":[],"rssFeedUrl":"https:\/\/www.slovozivota.sk\/ru-ru\/feed\/podcast\/slovo-zivota","embedCode":"<blockquote class=\"wp-embedded-content\" data-secret=\"MwLLi55H7n\"><a href=\"https:\/\/www.slovozivota.sk\/ru-ru\/2016\/03\/v-bohu-sme-nasli-skutocny-pokoj-a-radost-pavol-a-erika-synovcovci\/\">Pavol a Erika Synovcovci &#8211; V Bohu sme na\u0161li skuto\u010dn\u00fd pokoj a rados\u0165<\/a><\/blockquote><iframe sandbox=\"allow-scripts\" security=\"restricted\" src=\"https:\/\/www.slovozivota.sk\/ru-ru\/2016\/03\/v-bohu-sme-nasli-skutocny-pokoj-a-radost-pavol-a-erika-synovcovci\/embed\/#?secret=MwLLi55H7n\" width=\"500\" height=\"350\" title=\"\u00abPavol a Erika Synovcovci &#8211; V Bohu sme na\u0161li skuto\u010dn\u00fd pokoj a rados\u0165\u00bb &#8212; Slovo \u017eivota\" data-secret=\"MwLLi55H7n\" frameborder=\"0\" marginwidth=\"0\" marginheight=\"0\" scrolling=\"no\" class=\"wp-embedded-content\"><\/iframe><script type=\"text\/javascript\">\n\/* <![CDATA[ *\/\n\/*! This file is auto-generated *\/\n!function(d,l){\"use strict\";l.querySelector&&d.addEventListener&&\"undefined\"!=typeof URL&&(d.wp=d.wp||{},d.wp.receiveEmbedMessage||(d.wp.receiveEmbedMessage=function(e){var t=e.data;if((t||t.secret||t.message||t.value)&&!\/[^a-zA-Z0-9]\/.test(t.secret)){for(var s,r,n,a=l.querySelectorAll('iframe[data-secret=\"'+t.secret+'\"]'),o=l.querySelectorAll('blockquote[data-secret=\"'+t.secret+'\"]'),c=new RegExp(\"^https?:$\",\"i\"),i=0;i<o.length;i++)o[i].style.display=\"none\";for(i=0;i<a.length;i++)s=a[i],e.source===s.contentWindow&&(s.removeAttribute(\"style\"),\"height\"===t.message?(1e3<(r=parseInt(t.value,10))?r=1e3:~~r<200&&(r=200),s.height=r):\"link\"===t.message&&(r=new URL(s.getAttribute(\"src\")),n=new URL(t.value),c.test(n.protocol))&&n.host===r.host&&l.activeElement===s&&(d.top.location.href=t.value))}},d.addEventListener(\"message\",d.wp.receiveEmbedMessage,!1),l.addEventListener(\"DOMContentLoaded\",function(){for(var e,t,s=l.querySelectorAll(\"iframe.wp-embedded-content\"),r=0;r<s.length;r++)(t=(e=s[r]).getAttribute(\"data-secret\"))||(t=Math.random().toString(36).substring(2,12),e.src+=\"#?secret=\"+t,e.setAttribute(\"data-secret\",t)),e.contentWindow.postMessage({message:\"ready\",secret:t},\"*\")},!1)))}(window,document);\n\/* ]]> *\/\n<\/script>\n"},"_links":{"self":[{"href":"https:\/\/www.slovozivota.sk\/ru-ru\/wp-json\/wp\/v2\/posts\/3435","targetHints":{"allow":["GET"]}}],"collection":[{"href":"https:\/\/www.slovozivota.sk\/ru-ru\/wp-json\/wp\/v2\/posts"}],"about":[{"href":"https:\/\/www.slovozivota.sk\/ru-ru\/wp-json\/wp\/v2\/types\/post"}],"author":[{"embeddable":true,"href":"https:\/\/www.slovozivota.sk\/ru-ru\/wp-json\/wp\/v2\/users\/1"}],"replies":[{"embeddable":true,"href":"https:\/\/www.slovozivota.sk\/ru-ru\/wp-json\/wp\/v2\/comments?post=3435"}],"version-history":[{"count":0,"href":"https:\/\/www.slovozivota.sk\/ru-ru\/wp-json\/wp\/v2\/posts\/3435\/revisions"}],"wp:featuredmedia":[{"embeddable":true,"href":"https:\/\/www.slovozivota.sk\/ru-ru\/wp-json\/wp\/v2\/media\/3434"}],"wp:attachment":[{"href":"https:\/\/www.slovozivota.sk\/ru-ru\/wp-json\/wp\/v2\/media?parent=3435"}],"wp:term":[{"taxonomy":"category","embeddable":true,"href":"https:\/\/www.slovozivota.sk\/ru-ru\/wp-json\/wp\/v2\/categories?post=3435"},{"taxonomy":"post_tag","embeddable":true,"href":"https:\/\/www.slovozivota.sk\/ru-ru\/wp-json\/wp\/v2\/tags?post=3435"},{"taxonomy":"series","embeddable":true,"href":"https:\/\/www.slovozivota.sk\/ru-ru\/wp-json\/wp\/v2\/series?post=3435"}],"curies":[{"name":"wp","href":"https:\/\/api.w.org\/{rel}","templated":true}]}}