{"id":3446,"date":"2016-03-24T09:31:42","date_gmt":"2016-03-24T08:31:42","guid":{"rendered":"https:\/\/new.slovozivota.sk\/2016\/03\/daj-nam-narody-carl-gustaf-severin-a-ville-maennistoe\/"},"modified":"2016-03-24T09:31:42","modified_gmt":"2016-03-24T08:31:42","slug":"daj-nam-narody-carl-gustaf-severin-a-ville-maennistoe","status":"publish","type":"post","link":"https:\/\/www.slovozivota.sk\/ru-ru\/2016\/03\/daj-nam-narody-carl-gustaf-severin-a-ville-maennistoe\/","title":{"rendered":"Daj n\u00e1m n\u00e1rody &#8211; Carl-Gustaf Severin a Ville M\u00e4nnist\u00f6"},"content":{"rendered":"<p><strong><img decoding=\"async\" class=\" alignleft size-full wp-image-3445\" src=\"https:\/\/new.slovozivota.sk\/wp-content\/uploads\/2016\/03\/narody_severin.jpg\" border=\"0\" alt=\"\" width=\"331\" height=\"450\" align=\"left\" srcset=\"https:\/\/www.slovozivota.sk\/wp-content\/uploads\/2016\/03\/narody_severin.jpg 403w, https:\/\/www.slovozivota.sk\/wp-content\/uploads\/2016\/03\/narody_severin-221x300.jpg 221w, https:\/\/www.slovozivota.sk\/wp-content\/uploads\/2016\/03\/narody_severin-390x529.jpg 390w, https:\/\/www.slovozivota.sk\/wp-content\/uploads\/2016\/03\/narody_severin-300x407.jpg 300w\" sizes=\"(max-width: 767px) 100vw, 331px\" \/>\u013dudia niekedy hovoria, \u017ee kres\u0165anstvo del\u00ed od vymretia iba jedna gener\u00e1cia. Cirkev v\u0161ak z Bo\u017eej milosti existuje u\u017e dvetis\u00edc rokov a je potrebn\u00e9 aj na\u010falej odovzd\u00e1va\u0165 jej \u0161tafetov\u00fd kol\u00edk nasleduj\u00facim pokoleniam. Jedna vec, ktor\u00e1 sa m\u00f4\u017ee pri odovzd\u00e1van\u00ed kol\u00edka strati\u0165, je Ve\u013ek\u00e9 poslanie. M\u00e1me \u010des\u0165 by\u0165 s\u00fa\u010das\u0165ou nie\u010doho v\u00e4\u010d\u0161ieho, ne\u017e sme my sami. Nie\u010doho, \u010do existovalo d\u00e1vno predt\u00fdm, ako sme sa narodili, a bude pokra\u010dova\u0165 aj po skon\u010den\u00ed n\u00e1\u0161ho pozemsk\u00e9ho \u017eivota. Ak sa v dobe, ke\u010f n\u00e1s duch sveta tla\u010d\u00ed k hektick\u00e9mu \u017eivotn\u00e9mu \u0161t\u00fdlu zameran\u00e9mu na n\u00e1s sam\u00fdch, rozhodneme \u017ei\u0165 pre vy\u0161\u0161\u00ed, ve\u010dn\u00fd cie\u013e, n\u00e1jdeme nov\u00fa slobodu. Nov\u00e1 kniha od na slovo vzat\u00fdch \u0161kandin\u00e1vskych mision\u00e1rov v\u00e1s nanovo vyburcuje, podnieti k evanjeliz\u00e1cii a misii a t\u00fa\u017ebe po tejto skuto\u010dnej slobode. Kniha vych\u00e1dza 1.5. 2016, \u010fal\u0161ie podrobnosti o nej n\u00e1jdete na druhej strane tohto \u010d\u00edsla. Prin\u00e1\u0161ame v\u00e1m \u00faryvok z prvej kapitoly.<\/strong><\/p>\n<p>\u00a0<\/p>\n<h3>\u010co je misia?<\/h3>\n<p>V roku 1921 za\u017eil \u0161v\u00e9dsky man\u017eelsk\u00fd p\u00e1r David a Svea Floodovci povolanie sta\u0165 sa mision\u00e1rmi v Belgickom Kongu. Vzali so sebou aj svojho dvojro\u010dn\u00e9ho syna. Na misijnej stanici sa spoznali s \u010fal\u0161\u00edm p\u00e1rom Bertou a Joelom Ericksonovcami a rozhodli sa zamera\u0165 na dedinu, v ktorej e\u0161te nikto nehl\u00e1sal Kristovo evanjelium. N\u00e1\u010deln\u00edk im odmietol da\u0165 povolenie k\u00e1za\u0165, ale mision\u00e1ri sa nedali odbi\u0165. Pol m\u00edle od dediny si postavili hlinen\u00e9 chatr\u010de a modlili sa, aby im Boh otvoril dvere. Jedinou kontaktnou osobou v dedine bol chlapec, ktor\u00fd im pred\u00e1val sliepky a vaj\u00ed\u010dka. Svea sa modlila, aby im Boh dovolil privies\u0165 k viere aspo\u0148 tohto chlapca, ak u\u017e nebud\u00fa m\u00f4c\u0165 ovplyvni\u0165 cel\u00fa dedinu. Boh odpovedal na jej modlitbu a chlapec sa stal kres\u0165anom.<\/p>\n<p>\u00a0<\/p>\n<p>Ericksonovci sa vr\u00e1tili na misijn\u00fa stanicu, ale Floodovci zostali v chatr\u010di a \u010dakali, k\u00fdm sa im otvoria dvere do dediny. Nikdy sa tak nestalo. Svea otehotnela a porodila dc\u00e9rku Annu, ale ochorela na mal\u00e1riu a 17 dn\u00ed po p\u00f4rode zomrela. V tej chv\u00edli sa v jej man\u017eelovi Davidovi \u010dosi zlomilo. Oto\u010dil sa chrbtom nielen k svojmu povolaniu, ale aj k Bohu. Odi\u0161iel na misijn\u00fa stanicu, svoju dc\u00e9rku zveril Ericksonovcom a vyhl\u00e1sil, \u017ee Boh mu zruinoval \u017eivot. Potom sa so synom vr\u00e1til do \u0160v\u00e9dska.<\/p>\n<p>\u00a0<\/p>\n<p>Nesk\u00f4r ochoreli aj Ericksonovci a zomreli a mal\u00fa Annu si adoptoval mision\u00e1rsky p\u00e1r zo Spojen\u00fdch \u0161t\u00e1tov, ktor\u00fd sa po n\u00e1vrate do vlasti usadil v Ju\u017enej Dakote. Anna nav\u0161tevovala biblick\u00fa \u0161kolu a vydala sa za pastora. Mali spolu dve deti. Nesk\u00f4r sa pres\u0165ahovali do Seattlu, kde sa jej man\u017eel stal rektorom univerzity.<\/p>\n<p>\u00a0<\/p>\n<p>V tejto oblasti \u017eije ve\u013ek\u00e1 \u0161kandin\u00e1vska komunita a Anna na\u0161la jedn\u00e9ho d\u0148a v schr\u00e1nke \u0161v\u00e9dsky \u010dasopis. Hoci textom nerozumela, prelistovala si aspo\u0148 obr\u00e1zky. Zrazu zmeravela pri poh\u013eade na fotografiu hrobu s nahrubo opracovan\u00fdm kr\u00ed\u017eom, na ktorom boli iba dve slov\u00e1: Svea Floodov\u00e1. Anna poznala pr\u00edbeh svojich rodi\u010dov. Pon\u00e1h\u013eala sa na univerzitu, kde p\u00f4sobil ist\u00fd profesor, ktor\u00fd plynule hovoril po \u0161v\u00e9dsky.Prelo\u017eil jej \u010dl\u00e1nok o chlapcovi, ktor\u00e9ho ku Kristovi priviedli mision\u00e1ri. Text dop\u013a\u0148ala fotografia hrobu \u017eeny, ktor\u00e1 chlapcovi zvestovala evanjelium. Chlapec odi\u0161iel \u0161tudova\u0165 a do dediny sa vr\u00e1til ako u\u010dite\u013e. Otvoril si v nej \u0161kolu a ka\u017ed\u00e9ho zo svojich \u017eiakov z\u00edskal pre Krista. \u017diaci priniesli evanjelium do svojich rod\u00edn a v dedine sa napokon obr\u00e1tilo 600 \u013eud\u00ed. Dokonca aj star\u00fd n\u00e1\u010deln\u00edk sa stal kres\u0165anom.<\/p>\n<p>\u00a0<\/p>\n<p>Na 25. v\u00fdro\u010die svadby sa Anna s man\u017eelom vybrali do \u0160v\u00e9dska. Jej cie\u013eom bolo vyp\u00e1tra\u0165 svojho otca, ak e\u0161te \u017eije. Podarilo sa jej to. Jej otec sa znovu o\u017eenil a mal \u0161tyri deti. Ke\u010f Anna vst\u00fapila do jeho izby, bol u\u017e na pokraji smrti. Varovali ju, aby s n\u00edm nehovorila o Bohu. Mu\u017e nato\u013eko zatrpkol, \u017ee nedovolil, aby sa v jeho dome spom\u00ednalo Bo\u017eie meno. Anna vo\u0161la do izby a oslovila ho: \u201eOtecko.\u201c Mu\u017e sa na posteli oto\u010dil a povedal: \u201eAnna, moja Anna, nikdy som sa \u0165a nechcel vzda\u0165.\u201c Dc\u00e9ra odpovedala: \u201eTo je v poriadku, ocko. Boh z toho vy\u0165a\u017eil dobro.\u201c Mu\u017e zmeravel a vyhl\u00e1sil: \u201eNevyslovuj to meno. On mi vzal v\u0161etko, \u010do som mal.\u201c Anna namietla: \u201eNie, ocko. Boh ti nevzal v\u0161etko. Ani tvoja pr\u00e1ca, ani mami\u010dkina nevy\u0161la nazmar.\u201c Potom mu povedala o chlapcovi, ktor\u00fd vo svojej dedine priviedol ku Kristovi 600 \u013eud\u00ed. Starec sa rozvzlykal a v posledn\u00fdch t\u00fd\u017ed\u0148och svojho \u017eivota sa vr\u00e1til k P\u00e1novi.<\/p>\n<p>\u00a0<\/p>\n<p>O nieko\u013eko rokov nesk\u00f4r sa Anna a jej man\u017eel z\u00fa\u010dastnili na medzin\u00e1rodnej konferencii v Anglicku. Boli tam z\u00e1stupcovia z cel\u00e9ho sveta a medzi nimi aj ist\u00fd mlad\u00edk z Belgick\u00e9ho Konga. Hovoril o ve\u013ekom prebuden\u00ed v krajine. Na celon\u00e1rodnej \u00farovni dohliadal na zbory s viac ako 110 000 \u010dlenmi.<\/p>\n<p>\u00a0<\/p>\n<p>Po prezent\u00e1cii \u0161la Anna za n\u00edm a povedala: \u201ePredpoklad\u00e1m, \u017ee ste ich nepoznali, ale nepo\u010duli ste n\u00e1hodou o mojich rodi\u010doch Davidovi a Svei Floodovcoch?\u201c Mu\u017eovi vyh\u0155kli slzy. \u201eJa som ten chlapec, ktor\u00e9ho va\u0161a matka priviedla ku Kristovi a v na\u0161ej dedine na \u0148u spom\u00edname s ve\u013ekou \u00factou, preto\u017ee pr\u00e1ve ona n\u00e1s priviedla k Tomu, kto d\u00e1va ve\u010dn\u00fd \u017eivot.\u201c3<\/p>\n<p>\u00a0<\/p>\n<p>Je v tom moc, ke\u010f sa dotkneme aj jedn\u00e9ho \u010dloveka. Nikdy toti\u017e nevieme, koho sme zasiahli. Ke\u010f sa v boji unav\u00edme a za\u010dneme si myslie\u0165, \u017ee to, \u010do rob\u00edme, nem\u00e1 zmysel, spome\u0148me si na pr\u00edbeh Davida Flooda a jeho man\u017eelky Svey. Semienko, ktor\u00e9 zasiali do srdca jedn\u00e9ho chlapca, prinieslo obrovsk\u00fa \u00farodu. David Flood ju s\u00edce nevidel, ale Boh ju \u017eivil.<\/p>\n<p>\u00a0<\/p>\n<p>Aj ke\u010f sa zd\u00e1, \u017ee nem\u00e1me \u00faspech, neprest\u00e1vajme semeno rozsieva\u0165. Nevieme, ak\u00e9 ovocie m\u00f4\u017ee z neho Boh vypestova\u0165. Ak sa zameriame na hodnotu jednej osoby, tak \u013eahko sa ned\u00e1me znechuti\u0165.<\/p>\n<p>\u00a0<\/p>\n<p>Nem\u00f4\u017eeme zmeni\u0165 cel\u00fd svet, ale jednej osobe m\u00f4\u017eeme zmeni\u0165 cel\u00fd svet. To je biblick\u00fd princ\u00edp. Bohu z\u00e1le\u017e\u00ed na jednotlivcovi. Niekedy hovor\u00edme o prebuden\u00ed a \u010dak\u00e1me a \u010dak\u00e1me, kedy u\u017e pr\u00edde. Ke\u010f sa ni\u010d nedeje, znechut\u00ed n\u00e1s to a za\u010dneme si myslie\u0165, \u017ee Boh nekon\u00e1 v srdciach \u013eud\u00ed. K\u00fdm \u010dak\u00e1me na pr\u00edchod ve\u013ek\u00e9ho prebudenia, pok\u00fasme sa z\u00edska\u0165 pre Krista jedn\u00e9ho \u010dloveka. To je za\u010diatok prebudenia: ch\u00e1pa\u0165 d\u00f4le\u017eitos\u0165 ka\u017ed\u00e9ho \u010dloveka a vykro\u010di\u0165 s evanjeliom k jednotlivcovi.<\/p>\n<p>\u00a0<\/p>\n<p>Je\u017ei\u0161 o tom hovor\u00ed v 15. kapitole Evanjelia pod\u013ea Luk\u00e1\u0161a. Uv\u00e1dza tri podobenstv\u00e1 s rovnak\u00fdm odkazom: v Bo\u017e\u00edch o\u010diach je d\u00f4le\u017eit\u00fd ka\u017ed\u00fd \u010dlovek. Prv\u00e9 je podobenstvo o stratenej ovci. Je\u017ei\u0161 vo ver\u0161och 6-7 hovor\u00ed: \u201eRadujte sa so mnou, lebo som na\u0161iel svoju straten\u00fa ovcu. Hovor\u00edm v\u00e1m: Tak aj v nebi bude v\u00e4\u010d\u0161ia rados\u0165 nad jedn\u00fdm hrie\u0161nikom, ktor\u00fd rob\u00ed pok\u00e1nie, ako nad dev\u00e4\u0165desiatimi deviatimi spravodliv\u00fdmi, ktor\u00ed pok\u00e1nie nepotrebuj\u00fa.\u201c<\/p>\n<p>\u00a0<\/p>\n<p>Potom pokra\u010duje podobenstvom o \u017eene, ktor\u00e1 na\u0161la straten\u00fa drachmu. Vo ver\u0161och 9-10 vyhlasuje: \u201eRadujte sa so mnou! Na\u0161la som straten\u00fa drachmu. Hovor\u00edm v\u00e1m: Tak\u00e1 rados\u0165 je aj medzi Bo\u017e\u00edmi anjelmi nad jedn\u00fdm hrie\u0161nikom, ktor\u00fd rob\u00ed pok\u00e1nie.\u201c<br \/>A napokon, aby tento odkaz e\u0161te zd\u00f4raznil, prip\u00e1ja zn\u00e1me podobenstvo o m\u00e1rnotratnom synovi. Vo ver\u0161och 31-32 hovor\u00ed otec z pr\u00edbehu star\u0161iemu synovi, ktor\u00fd sa nahneval na neho aj na brata:<\/p>\n<p>\u00a0<\/p>\n<p>\u201eSyn m\u00f4j, ty si st\u00e1le so mnou a v\u0161etko, \u010do m\u00e1m, je tvoje. Ale teraz sa patr\u00ed veseli\u0165 a radova\u0165, lebo tento tvoj brat bol m\u0155tvy, a o\u017eil, bol straten\u00fd, a na\u0161iel sa.\u201c<\/p>\n<p>\u00a0<\/p>\n<p>Jedna ovca. Jedna minca. Jeden syn. Pre Boha je d\u00f4le\u017eit\u00fd ka\u017ed\u00fd \u010dlovek. Dokonca aj ke\u010f sa pozrieme na vlastn\u00fd \u017eivot, vid\u00edme, \u017ee tam v\u017edy niekto bol \u2013 niekto, kto n\u00e1s priviedol ku Kristovi, zavolal do zboru, poradil, pomohol a zauj\u00edmal sa o n\u00e1s.<\/p>\n<p>\u00a0<\/p>\n<p>V 1. kapitole Evanjelia pod\u013ea J\u00e1na \u010d\u00edtame, ako Je\u017ei\u0161 povolal svojich u\u010den\u00edkov. Poz\u00fdval ich po jednom. Filip zareagoval na P\u00e1novo pozvanie tak, \u017ee hne\u010f be\u017eal za Natanaelom a v\u0161etko mu rozpovedal. Ke\u010f sa s n\u00edm Je\u017ei\u0161 stretol, op\u00e4\u0165 zvolil osobn\u00fd pr\u00edstup a povedal mu: \u201eSk\u00f4r ako \u0165a Filip zavolal, videl som \u0165a, ke\u010f si bol pod figovn\u00edkom\u201c (v. 48). T\u00e1to jednoduch\u00e1 osobn\u00e1 pozn\u00e1mka roztopila Natanaelovo srdce a on sa hne\u010f rozhodol nasledova\u0165 Je\u017ei\u0161a.<\/p>\n<p>\u00a0<\/p>\n<p>Podstata Je\u017ei\u0161ovej slu\u017eby spo\u010d\u00edvala v rozhovoroch s jednotlivcami. K\u00e1zal aj z\u00e1stupom a nas\u00fdtil nieko\u013ekotis\u00edcov\u00fd dav, ale na \u013eud\u00ed sa v\u017edy pozeral ako na jednotlivcov. Nikod\u00e9mov \u017eivot sa zmenil po jednom no\u010dnom rozhovore s Je\u017ei\u0161om (Jn 3:2). Nesk\u00f4r sa Je\u017ei\u0161 rozpr\u00e1val so Samarit\u00e1nkou a prostredn\u00edctvom jej svedectva sa zmenilo cel\u00e9 mesto (Jn 4).<\/p>\n<p>\u00a0<\/p>\n<p>Iste, priestor maj\u00fa aj davy a z\u00e1stupy, ale nezab\u00fadajme na hodnotu ka\u017edej osoby. Misia sa za\u010d\u00edna t\u00fdm, \u017ee vid\u00edme jednotlivca a zmen\u00edme cel\u00fd jeho svet.<\/p>\n","protected":false},"excerpt":{"rendered":"<p>\u013dudia niekedy hovoria, \u017ee kres\u0165anstvo del\u00ed od vymretia iba jedna gener\u00e1cia. Cirkev v\u0161ak z Bo\u017eej milosti existuje u\u017e dvetis\u00edc rokov a je potrebn\u00e9 aj na\u010falej odovzd\u00e1va\u0165 jej \u0161tafetov\u00fd kol\u00edk nasleduj\u00facim [&hellip;]<\/p>\n","protected":false},"author":1,"featured_media":3445,"comment_status":"open","ping_status":"open","sticky":false,"template":"","format":"standard","meta":{"episode_type":"","audio_file":"","cover_image":"","cover_image_id":"","duration":"","filesize":"","date_recorded":"","explicit":"","block":"","filesize_raw":"","footnotes":""},"categories":[66],"tags":[],"series":[],"class_list":["post-3446","post","type-post","status-publish","format-standard","has-post-thumbnail","hentry","category-vyucovanie-zahranicny-autor"],"episode_featured_image":"https:\/\/www.slovozivota.sk\/wp-content\/uploads\/2016\/03\/narody_severin.jpg","episode_player_image":"https:\/\/www.slovozivota.sk\/wp-content\/uploads\/2019\/10\/PodcastSZ-1.jpg","download_link":"","player_link":"","audio_player":false,"episode_data":{"playerMode":"dark","subscribeUrls":[],"rssFeedUrl":"https:\/\/www.slovozivota.sk\/ru-ru\/feed\/podcast\/slovo-zivota","embedCode":"<blockquote class=\"wp-embedded-content\" data-secret=\"RSfhdS5myx\"><a href=\"https:\/\/www.slovozivota.sk\/ru-ru\/2016\/03\/daj-nam-narody-carl-gustaf-severin-a-ville-maennistoe\/\">Daj n\u00e1m n\u00e1rody &#8211; Carl-Gustaf Severin a Ville M\u00e4nnist\u00f6<\/a><\/blockquote><iframe sandbox=\"allow-scripts\" security=\"restricted\" src=\"https:\/\/www.slovozivota.sk\/ru-ru\/2016\/03\/daj-nam-narody-carl-gustaf-severin-a-ville-maennistoe\/embed\/#?secret=RSfhdS5myx\" width=\"500\" height=\"350\" title=\"\u00abDaj n\u00e1m n\u00e1rody &#8211; Carl-Gustaf Severin a Ville M\u00e4nnist\u00f6\u00bb &#8212; Slovo \u017eivota\" data-secret=\"RSfhdS5myx\" frameborder=\"0\" marginwidth=\"0\" marginheight=\"0\" scrolling=\"no\" class=\"wp-embedded-content\"><\/iframe><script type=\"text\/javascript\">\n\/* <![CDATA[ *\/\n\/*! This file is auto-generated *\/\n!function(d,l){\"use strict\";l.querySelector&&d.addEventListener&&\"undefined\"!=typeof URL&&(d.wp=d.wp||{},d.wp.receiveEmbedMessage||(d.wp.receiveEmbedMessage=function(e){var t=e.data;if((t||t.secret||t.message||t.value)&&!\/[^a-zA-Z0-9]\/.test(t.secret)){for(var s,r,n,a=l.querySelectorAll('iframe[data-secret=\"'+t.secret+'\"]'),o=l.querySelectorAll('blockquote[data-secret=\"'+t.secret+'\"]'),c=new RegExp(\"^https?:$\",\"i\"),i=0;i<o.length;i++)o[i].style.display=\"none\";for(i=0;i<a.length;i++)s=a[i],e.source===s.contentWindow&&(s.removeAttribute(\"style\"),\"height\"===t.message?(1e3<(r=parseInt(t.value,10))?r=1e3:~~r<200&&(r=200),s.height=r):\"link\"===t.message&&(r=new URL(s.getAttribute(\"src\")),n=new URL(t.value),c.test(n.protocol))&&n.host===r.host&&l.activeElement===s&&(d.top.location.href=t.value))}},d.addEventListener(\"message\",d.wp.receiveEmbedMessage,!1),l.addEventListener(\"DOMContentLoaded\",function(){for(var e,t,s=l.querySelectorAll(\"iframe.wp-embedded-content\"),r=0;r<s.length;r++)(t=(e=s[r]).getAttribute(\"data-secret\"))||(t=Math.random().toString(36).substring(2,12),e.src+=\"#?secret=\"+t,e.setAttribute(\"data-secret\",t)),e.contentWindow.postMessage({message:\"ready\",secret:t},\"*\")},!1)))}(window,document);\n\/* ]]> *\/\n<\/script>\n"},"_links":{"self":[{"href":"https:\/\/www.slovozivota.sk\/ru-ru\/wp-json\/wp\/v2\/posts\/3446","targetHints":{"allow":["GET"]}}],"collection":[{"href":"https:\/\/www.slovozivota.sk\/ru-ru\/wp-json\/wp\/v2\/posts"}],"about":[{"href":"https:\/\/www.slovozivota.sk\/ru-ru\/wp-json\/wp\/v2\/types\/post"}],"author":[{"embeddable":true,"href":"https:\/\/www.slovozivota.sk\/ru-ru\/wp-json\/wp\/v2\/users\/1"}],"replies":[{"embeddable":true,"href":"https:\/\/www.slovozivota.sk\/ru-ru\/wp-json\/wp\/v2\/comments?post=3446"}],"version-history":[{"count":0,"href":"https:\/\/www.slovozivota.sk\/ru-ru\/wp-json\/wp\/v2\/posts\/3446\/revisions"}],"wp:featuredmedia":[{"embeddable":true,"href":"https:\/\/www.slovozivota.sk\/ru-ru\/wp-json\/wp\/v2\/media\/3445"}],"wp:attachment":[{"href":"https:\/\/www.slovozivota.sk\/ru-ru\/wp-json\/wp\/v2\/media?parent=3446"}],"wp:term":[{"taxonomy":"category","embeddable":true,"href":"https:\/\/www.slovozivota.sk\/ru-ru\/wp-json\/wp\/v2\/categories?post=3446"},{"taxonomy":"post_tag","embeddable":true,"href":"https:\/\/www.slovozivota.sk\/ru-ru\/wp-json\/wp\/v2\/tags?post=3446"},{"taxonomy":"series","embeddable":true,"href":"https:\/\/www.slovozivota.sk\/ru-ru\/wp-json\/wp\/v2\/series?post=3446"}],"curies":[{"name":"wp","href":"https:\/\/api.w.org\/{rel}","templated":true}]}}