{"id":3659,"date":"2017-04-01T15:19:00","date_gmt":"2017-04-01T13:19:00","guid":{"rendered":"https:\/\/new.slovozivota.sk\/2017\/04\/ivan-a-tamara-andrasikovci-boh-ma-dokonaly-plan\/"},"modified":"2017-04-01T15:19:00","modified_gmt":"2017-04-01T13:19:00","slug":"ivan-a-tamara-andrasikovci-boh-ma-dokonaly-plan","status":"publish","type":"post","link":"https:\/\/www.slovozivota.sk\/ru-ru\/2017\/04\/ivan-a-tamara-andrasikovci-boh-ma-dokonaly-plan\/","title":{"rendered":"Ivan a Tamara Andra\u0161ikovci &#8211; Boh m\u00e1 dokonal\u00fd pl\u00e1n"},"content":{"rendered":"<p><em><strong><img decoding=\"async\" class=\" alignright size-full wp-image-3658\" src=\"https:\/\/new.slovozivota.sk\/wp-content\/uploads\/2017\/04\/andrasikovci.jpg\" border=\"0\" alt=\"\" width=\"551\" height=\"368\" align=\"right\" srcset=\"https:\/\/www.slovozivota.sk\/wp-content\/uploads\/2017\/04\/andrasikovci.jpg 800w, https:\/\/www.slovozivota.sk\/wp-content\/uploads\/2017\/04\/andrasikovci-300x200.jpg 300w, https:\/\/www.slovozivota.sk\/wp-content\/uploads\/2017\/04\/andrasikovci-768x512.jpg 768w, https:\/\/www.slovozivota.sk\/wp-content\/uploads\/2017\/04\/andrasikovci-600x400.jpg 600w, https:\/\/www.slovozivota.sk\/wp-content\/uploads\/2017\/04\/andrasikovci-390x260.jpg 390w\" sizes=\"(max-width: 767px) 100vw, 551px\" \/>Ich rodi\u010dia boli pastormi prebuden\u00fdch zborov vo Vojvodine, obaja pre\u017eili kr\u00e1sne detstvo, no aj obdobie kr\u00edzy a h\u013eadania smeru pre svoj \u017eivot. Ivan sa pova\u017euje za m\u00e1rnotratn\u00e9ho syna, ktor\u00fd sa vr\u00e1til na spr\u00e1vnu cestu. Podarilo sa mu to a\u017e tu na Slovensku, dnes pracuje ako hypotek\u00e1rny \u0161pecialista, jeho hobby je opravova\u0165 hudobn\u00e9 n\u00e1stroje. Spolu s man\u017eelkou Tamarou s\u00fa pre zbor Slova \u017eivota v Bratislave ve\u013ek\u00fdm po\u017eehnan\u00edm, obaja sl\u00fa\u017eia v hudobnej skupine, Ivan hr\u00e1 na gitare a Tamara spieva.<\/strong><\/em><\/p>\n<p>\u00a0<\/p>\n<h1>Ivan<\/h1>\n<h3>Ako som (s)poznal Je\u017ei\u0161a<\/h3>\n<p>M\u00f4j pr\u00edbeh nezapad\u00e1 do be\u017en\u00fdch svedectiev o obr\u00e1ten\u00ed. Ja som toti\u017e o Je\u017ei\u0161ovi po\u010dul e\u0161te predt\u00fdm, ne\u017e si dok\u00e1\u017eem spomen\u00fa\u0165. Narodil som sa do kres\u0165anskej rodiny, moji rodi\u010dia s\u00fa pastormi zboru Kristova Duchovn\u00e1 Cirkev v meste\u010dku Ba\u010dsky Petrovec vo Vojvodine na severe Srbska. V na\u0161om dome sa v\u017edy vz\u00fdvalo meno Bo\u017eie, modlilo sa, \u010d\u00edtala sa Biblia, a tak m\u00f4\u017eem poveda\u0165, \u017ee m\u00f4j \u017eivot bez Je\u017ei\u0161a v podstate ani neexistoval. Nechal som sa pokrsti\u0165, prijal som dar Sv\u00e4t\u00e9ho Ducha e\u0161te ako mal\u00fd chlapec. Vedel som, \u017ee Boh existuje, videl som Jeho z\u00e1zraky, bol som si vedom\u00fd, \u017ee sa ma dot\u00fdka a \u017eije vo mne. Zak\u00fasil som, ako ku mne hovoril cez Bo\u017eie slovo, cez sny; rozumel som tomu, \u017ee s\u00fa veci, ktor\u00e9 presahuj\u00fa \u013eudsk\u00fa m\u00fadros\u0165, a predsa&#8230;<\/p>\n<p>\u00a0<\/p>\n<h3>Trag\u00e9dia v na\u0161ej rodine<\/h3>\n<p>Mal som 11 rokov a m\u00f4jho mlad\u0161ieho brata zasiahol elektrick\u00fd pr\u00fad. Zomrel. Bolo to v obdob\u00ed, ke\u010f bola v Srbsku najv\u00e4\u010d\u0161ia kr\u00edza, \u017eilo sa z viery&#8230; M\u00f4jmu otcovi sa podarilo dosta\u0165 sa do Nemecka pracova\u0165. No zl\u00e1 spr\u00e1va ho prin\u00fatila vr\u00e1ti\u0165 sa ihne\u010f sp\u00e4\u0165 a pochova\u0165 vlastn\u00e9ho syna. To, \u010do povedal na pohrebe, som nevedel pochopi\u0165: \u201eBoh dal, Boh vzal, nech je posv\u00e4ten\u00e9 Jeho meno.\u201c Nahneval som sa na Boha. Ako m\u00f4\u017ee by\u0165 tak\u00fd nespravodliv\u00fd? Ako m\u00f4\u017ee dovoli\u0165, aby sa tak\u00e9to nie\u010do stalo pr\u00e1ve tak\u00e9mu zbo\u017en\u00e9mu a nevinn\u00e9mu stvoreniu, ak\u00fdm bol m\u00f4j otec? Nahlod\u00e1valo to moje vn\u00fatro a v\u0161etko, \u010domu som odmali\u010dka veril, sa r\u00facalo. Za\u010dali mi vadi\u0165 veriaci \u013eudia, bohoslu\u017eby, modlitby a postupne moje srdce ochladlo&#8230;<\/p>\n<p>Ned\u00e1vno som po\u010dul jednu vetu od kres\u0165ana, ktor\u00fd podobne ako ja, vyrastal vo veriacej rodine. Presne popisovala aj moju situ\u00e1ciu: \u201eObr\u00e1ti\u0165 sa o 180 stup\u0148ov by pre m\u0148a znamenalo odvr\u00e1ti\u0165 sa od Je\u017ei\u0161a!\u201c A pr\u00e1ve toto sa vo mne odohr\u00e1valo. Odvr\u00e1til som sa od P\u00e1na, nechcel som ma\u0165 ni\u010d spolo\u010dn\u00e9 s \u013eu\u010fmi, ktor\u00ed mu veria, svojich rodi\u010dov som ignoroval, prestal som sa modli\u0165 a do zboru som chodil len zo zvyku. Nepokra\u010dovalo to dobre.<\/p>\n<p>V\u0161etci asi pozn\u00e1me pr\u00edbeh m\u00e1rnotratn\u00e9ho syna, ja obzvl\u00e1\u0161\u0165, preto\u017ee som to pre\u017eil na vlastnej ko\u017ei. Neskon\u010dil som s\u00edce na mizine medzi svi\u0148ami, pr\u00e1ve naopak \u2013 svet mi pon\u00fakol re\u0161pekt medzi kamar\u00e1tmi, popularitu v hudobnej bran\u017ei, dobr\u00e9 zn\u00e1mosti, ale pr\u00e1zdnota, ktor\u00e1 ma nap\u013a\u0148ala, bola neznesite\u013en\u00e1. Alkohol, \u013eahk\u00e9 drogy, cigarety, hudba, nemravn\u00fd \u017eivot a n\u00e1silie nenaplnili moje o\u010dak\u00e1vania, akur\u00e1t mi zanechali jazvy na srdci a negat\u00edvne ovplyvnili myse\u013e a telo. Rodi\u010dia sa ma sna\u017eili privies\u0165 na spr\u00e1vnu cestu, ale ja som sa im \u010doraz viac vz\u010fa\u013eoval. Dodnes si spom\u00ednam, ako mi mama vravela, \u017ee ak bude treba, tak ma vlastn\u00fdmi rukami vytrhne z pekla. Nemal som odtia\u013e \u010faleko, m\u00f4j \u017eivot tam smeroval&#8230; Cel\u00fd \u010das som si uvedomoval, ako moje vn\u00fatro kri\u010d\u00ed a t\u00fa\u017ei po zmene, po nie\u010dom inom. Ako keby som bol sm\u00e4dn\u00fd, ale nevedel sa napi\u0165, chcel som sa zhlboka nad\u00fdchnu\u0165, ale nedok\u00e1zal som to. Nevedel som poriadne spa\u0165, v\u00fdbuchy n\u00e1lady sa stali ka\u017edodennou z\u00e1le\u017eitos\u0165ou. Vedel som, \u017ee zarmucujem Ducha Sv\u00e4t\u00e9ho svojimi skutkami. Potreboval som zmenu zm\u00fd\u0161\u013eania, prostredia, spolo\u010dnosti&#8230;<\/p>\n<p>\u00a0<\/p>\n<h3>Nov\u00fd \u017eivot som na\u0161iel na Slovensku<\/h3>\n<p>Pod v\u00fdhovorkou, \u017ee si idem n\u00e1js\u0165 lep\u0161iu pr\u00e1cu, som vycestoval na Slovensko. Nebola to pravda, preto\u017ee aj v Srbsku som mal dobr\u00e9 zamestnanie. Unikal som. Hlboko vo vn\u00fatri som vn\u00edmal, ako mi Boh d\u00e1va posledn\u00fa \u0161ancu. V Bratislave som na\u0161iel in\u00fdch \u013eud\u00ed, in\u00fa kult\u00faru. Kone\u010dne som mal slobodu robi\u0165 to, \u010do sa mi chcelo. Napriek tomu sa nedala potla\u010di\u0165 t\u00fa\u017eba po nie\u010dom spr\u00e1vnom, novom a \u010distom. Zostal som \u00faplne s\u00e1m, bez zn\u00e1most\u00ed, bez kamar\u00e1tov, bez negat\u00edvnych vplyvov okolia. S vedom\u00edm, \u017ee s\u00e1m P\u00e1n stoj\u00ed st\u00e1le ne\u010faleko m\u0148a a chce mi da\u0165 nov\u00fd \u017eivot.<\/p>\n<p>Jedn\u00e9ho d\u0148a som sa ocitol na zhroma\u017eden\u00ed v Slove \u017eivota. Pr\u00e1ve mali konferenciu, m\u00f4j duch sa v okamihu prebudil a priam splynul s Duchom Bo\u017e\u00edm, ktor\u00fd nap\u013a\u0148al t\u00fa miestnos\u0165. Pastora Petra a Martina som poznal e\u0161te z ich n\u00e1v\u0161tev v Srbsku, vedel som, \u017ee s\u00fa to kazatelia \u017eiv\u00e9ho slova. Moje srdce znova zm\u00e4klo, kone\u010dne som c\u00edtil, ako sa ma op\u00e4\u0165 dot\u00fdka Duch Sv\u00e4t\u00fd, ako usmer\u0148uje moju myse\u013e. Zrazu mi bolo jasn\u00e9, \u017ee v dome Otcovom sa sluhovia maj\u00fa ove\u013ea lep\u0161ie, ako by som sa mal ja vo svete. Ubehol nejak\u00fd \u010das, preto\u017ee Duch Sv\u00e4t\u00fd mi musel uzdravi\u0165 srdce, zmeni\u0165 moju myse\u013e a znovu ma povola\u0165, aby som mu sl\u00fa\u017eil. Povedal mi, \u017ee s\u00e1m pozn\u00e1m cestu sp\u00e4\u0165, a s\u013e\u00fabil mi, \u017ee bude so mnou po cel\u00fd \u010das. Cesta sp\u00e4\u0165 nebola \u013eahk\u00e1, mal som ve\u013ea prek\u00e1\u017eok (a niektor\u00e9 z nich tam st\u00e1le s\u00fa), ale u\u017e sa nevyh\u00fdbam poh\u013eadu na Je\u017ei\u0161a Krista, na Toho, ktor\u00fd sp\u00f4sobil v mojom \u017eivote ten najv\u00e4\u010d\u0161\u00ed div. P\u00e1n mi dal n\u00e1dhern\u00fd dar \u2013 man\u017eelku Tamaru, s ktorou mu chceme spolo\u010dne sl\u00fa\u017ei\u0165 tam, kde n\u00e1s pozve, a to v\u0161etko z l\u00e1sky k Nemu.<\/p>\n<p>P\u00e1n napravil moje vz\u0165ahy s rodi\u010dmi a ostatn\u00fdmi pr\u00edbuzn\u00fdmi, okres\u00e1va m\u00f4j charakter. Popritom sa splnila \u010fal\u0161ia t\u00fa\u017eba m\u00f4jho srdca. Ke\u010f som \u0161tudoval za drev\u00e1rskeho technika, chcel som sa nau\u010di\u0165 vyr\u00e1ba\u0165 hudobn\u00e9 n\u00e1stroje. Podarilo sa mi n\u00e1js\u0165 si pr\u00e1cu vo firme, ktor\u00e1 ich vyr\u00e1ba, nau\u010dil som sa ich aj opravova\u0165 a stal som sa ved\u00facim v\u00fdroby. Dnes to u\u017e rob\u00edm len ako z\u00e1\u013eubu, preto\u017ee som vn\u00edmal, \u017ee ma P\u00e1n povol\u00e1va pracova\u0165 v oblasti finan\u010dn\u00e9ho poradenstva.<\/p>\n<p>\u00a0<\/p>\n<h1>Tamara<\/h1>\n<h3>Odovzdala som mu v\u0161etky zranenia<\/h3>\n<p>Poch\u00e1dzam z Kulp\u00edna \u2013\u00a0 malej dedinky vo Vojvodine. Vyrastala som v kres\u0165anskej rodine, moji rodi\u010dia mne a mojim dvom bratom u\u017e od mali\u010dka v\u0161tepovali do srdca Bo\u017eie slovo. Milovala som tr\u00e1vi\u0165 chv\u00edle v zbore spolu s bratmi a sestrami. M\u00f4j otec je pastorom zboru Kristovej Duchovnej Cirkvi v Kulp\u00edne. Vyrastala som ako die\u0165a pastora, \u010dasto to nebolo \u013eahk\u00e9. C\u00edtila som sa odmietnut\u00e1 \u013eu\u010fmi, nepochopen\u00e1 a pod dvadsa\u0165\u0161tyrihodinov\u00fdm dozorom.<\/p>\n<p>\u00a0<\/p>\n<h3>Zap\u00edsan\u00e1 v Knihe \u017eivota<\/h3>\n<p>U\u017e ako trin\u00e1s\u0165ro\u010dn\u00e1 som bola naplnen\u00e1 Sv\u00e4t\u00fdm Duchom, ale naplno som sa e\u0161te nerozhodla odovzda\u0165 svoj \u017eivot Bohu. Po\u010das strednej \u0161koly ma za\u010dal l\u00e1ka\u0165 svet, ist\u00fd \u010das som bola zm\u00e4ten\u00e1. V\u017edy som sa vr\u00e1tila sp\u00e4\u0165 k Bohu, ale vo svojom srdci som si odn\u00e1\u0161ala zranenia od \u013eud\u00ed. Bola som t\u00edned\u017eerka, v obdob\u00ed, ke\u010f s\u00fa deti akosi citlivej\u0161ie a \u013eah\u0161ie zranite\u013enej\u0161ie. \u0164a\u017eko som niesla ka\u017ed\u00fd konflikt, ka\u017ed\u00e9 nedorozumenie. Tu\u0161ila som, \u017ee mus\u00ed existova\u0165 nie\u010do, \u010do ma uspokoj\u00ed a napln\u00ed viac. Moji rodi\u010dia mi boli vzorom, brala som si od nich pr\u00edklad, ako odp\u00fa\u0161\u0165a\u0165, ako znies\u0165 i zl\u00e9, ich l\u00e1skav\u00e9 slov\u00e1 akoby o\u017e\u00edvali v mojom vn\u00fatri.<\/p>\n<p>Dospela som a vedela, \u017ee nie\u010do mus\u00edm so svoj\u00edm \u017eivotom spravi\u0165. Ch\u00fdbal mi smer, Boh e\u0161te st\u00e1le nekormidloval moju lo\u010f. A\u017e ako osemn\u00e1s\u0165ro\u010dn\u00fa ma P\u00e1n povolal, aby som pri\u0161la k Nemu a zlo\u017eila pri Jeho noh\u00e1ch v\u0161etky zranenia. Posl\u00fachla som a v\u0161etko mu odovzdala. E\u0161te ako die\u0165a som po\u010dula o tom, \u017ee existuje ak\u00e1si Kniha \u017divota, v ktorej s\u00fa zap\u00edsan\u00e9 men\u00e1 t\u00fdch, \u010do odovzdali svoj \u017eivot Bohu. V\u017edy som t\u00fa\u017eila, aby tam bolo aj moje meno. Kone\u010dne pri\u0161iel ten de\u0148 \u2013 viem, \u017ee tam u\u017e som zap\u00edsan\u00e1 aj ja. P\u00e1n zobral z m\u00f4jho srdca v\u0161etky zranenia, kone\u010dne som znova mohla \u00faprimne milova\u0165 svojich bratov a sestry. V na\u0161om zbore som sa zapojila do chv\u00e1l a za\u010dala pom\u00e1ha\u0165 v nede\u013enej \u0161kole. Sl\u00fa\u017ei\u0165 mal\u00fdm de\u0165om po\u010das bohoslu\u017eieb ma ve\u013emi nap\u013a\u0148alo.<\/p>\n<p>\u00a0<\/p>\n<h3>Ako som spoznala Ivana<\/h3>\n<p>Nastal \u010das, ke\u010f vo mne r\u00e1stla t\u00fa\u017eba po \u017eivotnom partnerovi, za\u010dala som sa za neho modli\u0165. Chcela som, aby mi Boh po\u017eehnal mu\u017ea, s ktor\u00fdm budeme m\u00f4c\u0165 spolu sl\u00fa\u017ei\u0165. S Ivanom sme sa v podstate poznali od mali\u010dka. Jedn\u00e9ho kr\u00e1sneho d\u0148a ma oslovil a za\u010dali sme sa viac spozn\u00e1va\u0165. Hne\u010f sme vedeli, \u017ee patr\u00edme k sebe. Som Bohu za neho ve\u013emi v\u010fa\u010dn\u00e1. Ke\u010f sme spolo\u010dne pl\u00e1novali na\u0161u bud\u00facnos\u0165, museli sme rie\u0161i\u0165, kde budeme b\u00fdva\u0165. Ja som si nikdy neprip\u00fa\u0161\u0165ala, \u017ee by som niekedy zo Srbska odi\u0161la. Ale P\u00e1n Boh mal in\u00e9 pl\u00e1ny a dnes, s odstupom \u010dasu, naozaj m\u00f4\u017eem potvrdi\u0165, \u017ee Jeho pl\u00e1ny s\u00fa lep\u0161ie ne\u017e tie na\u0161e.<\/p>\n<p>Po pres\u0165ahovan\u00ed do Bratislavy mi bolo ve\u013emi \u0165a\u017eko, v\u0161etko bolo in\u00e9, nov\u00ed \u013eudia a n\u00e1ro\u010dn\u00e9 v\u00fdzvy. Aj v tomto ma Boh nau\u010dil spolieha\u0165 sa na Neho a d\u00f4verova\u0165 mu. Po\u017eehnal ma nad moje o\u010dak\u00e1vanie, pracujem v jednej americkej biofarmaceutickej firme a minul\u00fd rok sa n\u00e1m podarilo k\u00fapi\u0165 byt pri Senci. U\u017e od mali\u010dka ve\u013emi rada spievam, milujem tr\u00e1vi\u0165 chv\u00edle uctievan\u00edm n\u00e1\u0161ho Boha, a preto je pre m\u0148a c\u0165ou, \u017ee takto m\u00f4\u017eem sl\u00fa\u017ei\u0165 aj v zbore a vies\u0165 \u013eud\u00ed spolu s cel\u00fdm t\u00edmom bli\u017e\u0161ie do Bo\u017eej pr\u00edtomnosti. P\u00e1n n\u00e1s po\u017eehnal mnoh\u00fdmi skuto\u010dn\u00fdmi priate\u013emi v zbore Slova \u017eivota, kde sa c\u00edtime ako doma. Boh m\u00e1 naozaj dokonal\u00e9 pl\u00e1ny pre na\u0161e \u017eivoty.<\/p>\n","protected":false},"excerpt":{"rendered":"<p>Ich rodi\u010dia boli pastormi prebuden\u00fdch zborov vo Vojvodine, obaja pre\u017eili kr\u00e1sne detstvo, no aj obdobie kr\u00edzy a h\u013eadania smeru pre svoj \u017eivot. Ivan sa pova\u017euje za m\u00e1rnotratn\u00e9ho syna, ktor\u00fd sa [&hellip;]<\/p>\n","protected":false},"author":1,"featured_media":3658,"comment_status":"open","ping_status":"open","sticky":false,"template":"","format":"standard","meta":{"episode_type":"","audio_file":"","cover_image":"","cover_image_id":"","duration":"","filesize":"","date_recorded":"","explicit":"","block":"","filesize_raw":"","footnotes":""},"categories":[63],"tags":[],"series":[],"class_list":["post-3659","post","type-post","status-publish","format-standard","has-post-thumbnail","hentry","category-skutocny-pribeh"],"episode_featured_image":"https:\/\/www.slovozivota.sk\/wp-content\/uploads\/2017\/04\/andrasikovci.jpg","episode_player_image":"https:\/\/www.slovozivota.sk\/wp-content\/uploads\/2019\/10\/PodcastSZ-1.jpg","download_link":"","player_link":"","audio_player":false,"episode_data":{"playerMode":"dark","subscribeUrls":[],"rssFeedUrl":"https:\/\/www.slovozivota.sk\/ru-ru\/feed\/podcast\/slovo-zivota","embedCode":"<blockquote class=\"wp-embedded-content\" data-secret=\"6NkMKD8EJa\"><a href=\"https:\/\/www.slovozivota.sk\/ru-ru\/2017\/04\/ivan-a-tamara-andrasikovci-boh-ma-dokonaly-plan\/\">Ivan a Tamara Andra\u0161ikovci &#8211; Boh m\u00e1 dokonal\u00fd pl\u00e1n<\/a><\/blockquote><iframe sandbox=\"allow-scripts\" security=\"restricted\" src=\"https:\/\/www.slovozivota.sk\/ru-ru\/2017\/04\/ivan-a-tamara-andrasikovci-boh-ma-dokonaly-plan\/embed\/#?secret=6NkMKD8EJa\" width=\"500\" height=\"350\" title=\"\u00abIvan a Tamara Andra\u0161ikovci &#8211; Boh m\u00e1 dokonal\u00fd pl\u00e1n\u00bb &#8212; Slovo \u017eivota\" data-secret=\"6NkMKD8EJa\" frameborder=\"0\" marginwidth=\"0\" marginheight=\"0\" scrolling=\"no\" class=\"wp-embedded-content\"><\/iframe><script type=\"text\/javascript\">\n\/* <![CDATA[ *\/\n\/*! This file is auto-generated *\/\n!function(d,l){\"use strict\";l.querySelector&&d.addEventListener&&\"undefined\"!=typeof URL&&(d.wp=d.wp||{},d.wp.receiveEmbedMessage||(d.wp.receiveEmbedMessage=function(e){var t=e.data;if((t||t.secret||t.message||t.value)&&!\/[^a-zA-Z0-9]\/.test(t.secret)){for(var s,r,n,a=l.querySelectorAll('iframe[data-secret=\"'+t.secret+'\"]'),o=l.querySelectorAll('blockquote[data-secret=\"'+t.secret+'\"]'),c=new RegExp(\"^https?:$\",\"i\"),i=0;i<o.length;i++)o[i].style.display=\"none\";for(i=0;i<a.length;i++)s=a[i],e.source===s.contentWindow&&(s.removeAttribute(\"style\"),\"height\"===t.message?(1e3<(r=parseInt(t.value,10))?r=1e3:~~r<200&&(r=200),s.height=r):\"link\"===t.message&&(r=new URL(s.getAttribute(\"src\")),n=new URL(t.value),c.test(n.protocol))&&n.host===r.host&&l.activeElement===s&&(d.top.location.href=t.value))}},d.addEventListener(\"message\",d.wp.receiveEmbedMessage,!1),l.addEventListener(\"DOMContentLoaded\",function(){for(var e,t,s=l.querySelectorAll(\"iframe.wp-embedded-content\"),r=0;r<s.length;r++)(t=(e=s[r]).getAttribute(\"data-secret\"))||(t=Math.random().toString(36).substring(2,12),e.src+=\"#?secret=\"+t,e.setAttribute(\"data-secret\",t)),e.contentWindow.postMessage({message:\"ready\",secret:t},\"*\")},!1)))}(window,document);\n\/* ]]> *\/\n<\/script>\n"},"_links":{"self":[{"href":"https:\/\/www.slovozivota.sk\/ru-ru\/wp-json\/wp\/v2\/posts\/3659","targetHints":{"allow":["GET"]}}],"collection":[{"href":"https:\/\/www.slovozivota.sk\/ru-ru\/wp-json\/wp\/v2\/posts"}],"about":[{"href":"https:\/\/www.slovozivota.sk\/ru-ru\/wp-json\/wp\/v2\/types\/post"}],"author":[{"embeddable":true,"href":"https:\/\/www.slovozivota.sk\/ru-ru\/wp-json\/wp\/v2\/users\/1"}],"replies":[{"embeddable":true,"href":"https:\/\/www.slovozivota.sk\/ru-ru\/wp-json\/wp\/v2\/comments?post=3659"}],"version-history":[{"count":0,"href":"https:\/\/www.slovozivota.sk\/ru-ru\/wp-json\/wp\/v2\/posts\/3659\/revisions"}],"wp:featuredmedia":[{"embeddable":true,"href":"https:\/\/www.slovozivota.sk\/ru-ru\/wp-json\/wp\/v2\/media\/3658"}],"wp:attachment":[{"href":"https:\/\/www.slovozivota.sk\/ru-ru\/wp-json\/wp\/v2\/media?parent=3659"}],"wp:term":[{"taxonomy":"category","embeddable":true,"href":"https:\/\/www.slovozivota.sk\/ru-ru\/wp-json\/wp\/v2\/categories?post=3659"},{"taxonomy":"post_tag","embeddable":true,"href":"https:\/\/www.slovozivota.sk\/ru-ru\/wp-json\/wp\/v2\/tags?post=3659"},{"taxonomy":"series","embeddable":true,"href":"https:\/\/www.slovozivota.sk\/ru-ru\/wp-json\/wp\/v2\/series?post=3659"}],"curies":[{"name":"wp","href":"https:\/\/api.w.org\/{rel}","templated":true}]}}