{"id":3670,"date":"2017-11-10T15:51:41","date_gmt":"2017-11-10T14:51:41","guid":{"rendered":"https:\/\/new.slovozivota.sk\/2017\/11\/konferencia-viery-2017-v-bratislave-2\/"},"modified":"2017-11-10T15:51:41","modified_gmt":"2017-11-10T14:51:41","slug":"konferencia-viery-2017-v-bratislave-2","status":"publish","type":"post","link":"https:\/\/www.slovozivota.sk\/ru-ru\/2017\/11\/konferencia-viery-2017-v-bratislave-2\/","title":{"rendered":"Konferencia viery 2017 v Bratislave"},"content":{"rendered":"<p><img decoding=\"async\" class=\" alignleft size-full wp-image-3668\" src=\"https:\/\/new.slovozivota.sk\/wp-content\/uploads\/2017\/11\/KV2017_Srini.JPG\" border=\"0\" alt=\"\" width=\"1\" height=\"1\" align=\"left\" style=\"float: right;\" srcset=\"https:\/\/www.slovozivota.sk\/wp-content\/uploads\/2017\/11\/KV2017_Srini.JPG 800w, https:\/\/www.slovozivota.sk\/wp-content\/uploads\/2017\/11\/KV2017_Srini-300x300.jpg 300w, https:\/\/www.slovozivota.sk\/wp-content\/uploads\/2017\/11\/KV2017_Srini-150x150.jpg 150w, https:\/\/www.slovozivota.sk\/wp-content\/uploads\/2017\/11\/KV2017_Srini-768x512.jpg 768w, https:\/\/www.slovozivota.sk\/wp-content\/uploads\/2017\/11\/KV2017_Srini-600x400.jpg 600w, https:\/\/www.slovozivota.sk\/wp-content\/uploads\/2017\/11\/KV2017_Srini-390x390.jpg 390w, https:\/\/www.slovozivota.sk\/wp-content\/uploads\/2017\/11\/KV2017_Srini-370x415.jpg 370w, https:\/\/www.slovozivota.sk\/wp-content\/uploads\/2017\/11\/KV2017_Srini-75x75.jpg 75w, https:\/\/www.slovozivota.sk\/wp-content\/uploads\/2017\/11\/KV2017_Srini-45x45.jpg 45w\" sizes=\"(max-width: 1px) 100vw, 1px\" \/>Vystrojte Bo\u017e\u00ed \u013eud k slu\u017ebe! (Ef 4:12)<\/p>\n<p>Konferencie viery organizuje Slovo \u017eivota Bratislava u\u017e mnoho rokov. Ka\u017ed\u00e1 z nich je po\u017eehnan\u00edm nielen pre na\u0161e hnutie, ale aj pre v\u0161etk\u00fdch host\u00ed. T\u00e1 najlep\u0161ia, ako zvy\u010dajne, je t\u00e1 posledn\u00e1. Naozaj! Tento rok sme boli v sobotu v priestoroch kinos\u00e1ly v Istropolise (v sobotu ve\u010der to bolo zaplnen\u00e9), v piatok a v nede\u013eu &#8220;doma&#8221; na Toma\u0161\u00edkovej 30 v na\u0161ich priestoroch. Pozvan\u00ed re\u010dn\u00edci sa skvele dop\u013a\u0148ali, v\u0161etci priniesli nie\u010do \u010derstv\u00e9 od Boha. Ak tam niektor\u00ed z v\u00e1s nemohli pr\u00eds\u0165, ve\u013emi odpor\u00fa\u010dame, aby ste si to sp\u00e4tne vypo\u010duli, stoj\u00ed to za to. \u010eakujeme Bohu za v\u0161etko, \u010do konal, postupne bud\u00fa na na\u0161om youtube prib\u00fada\u0165 v\u0161etky posolstv\u00e1: <a href=\"https:\/\/www.youtube.com\/watch?v=vok6ZqmRlM0\" target=\"_blank\" rel=\"noopener noreferrer\">Chop sa Boha a z\u00edskaj n\u00e1rody (p. Srini)<\/a>, <a href=\"https:\/\/www.youtube.com\/watch?v=PE2JAdhVLJ0\" target=\"_blank\" rel=\"noopener noreferrer\">Ak\u00fd je skuto\u010dn\u00fd z\u00e1mer cirkvi? (p. Srini)<\/a>, <a href=\"https:\/\/www.youtube.com\/watch?v=bETmj60V95w\" target=\"_blank\" rel=\"noopener noreferrer\">Vysok\u00e9 sa mus\u00ed pon\u00ed\u017ei\u0165 a n\u00edzke pov\u00fd\u0161i\u0165 (M. T\u00f3th)<\/a>, <a href=\"https:\/\/www.youtube.com\/watch?v=fKoook91U2Q\" target=\"_blank\" rel=\"noopener noreferrer\">Viera, ktor\u00e1 sa odmieta vzda\u0165 (P. \u010cu\u0159\u00edk)<\/a>, <a href=\"https:\/\/www.youtube.com\/watch?v=_zTT9jIBGHQ\" target=\"_blank\" rel=\"noopener noreferrer\">Prenes sa cez to! (C.-G. Severin)<\/a> a <a href=\"https:\/\/www.youtube.com\/watch?v=39zGVbymox8\" target=\"_blank\" rel=\"noopener noreferrer\">Bo\u017eie slovo je ako kladivo (C.-G. Severin)<\/a>. Zanietenie a\u00a0 Bo\u017eia v\u00e1\u0161e\u0148 pastora Sriniho je priam n\u00e1kazliv\u00e1, Severin n\u00e1s nielen pobavil, ale roznietil k nasledovaniu P\u00e1na a k tomu, aby sme sa dr\u017eali Bo\u017eieho slova a vyzn\u00e1vali ho. Miro T\u00f3th m\u00e1 dar poveda\u0165 prebudeneck\u00e9 Bo\u017eie pravdy modern\u00fdm nen\u00e1bo\u017eensk\u00fdm sp\u00f4sobom a pastor Peter je v\u00fdborn\u00fdm u\u010dite\u013eom Slova.<\/p>\n<p>\u00a0<\/p>\n<p>\u00da\u017easne tie\u017e posl\u00fa\u017eili obe worshipove skupiny: dom\u00e1ca kapela Slovo \u017eivota s Dankou Vr\u00e1blovou a Tret\u00ed de\u0148 z Ko\u0161\u00edc s Mirom T\u00f3thom. Priniesli Bo\u017eiu pr\u00edtomnos\u0165, bolo \u013eahk\u00e9 nasko\u010di\u0165 do ich &#8220;vlaku&#8221; a spolo\u010dne uctieva\u0165 Kr\u00e1\u013ea kr\u00e1\u013eov. Na svoje si pri\u0161li aj deti, ktor\u00e9 mali cel\u00fd \u010das zabezpe\u010den\u00fd paraleln\u00fd program.<\/p>\n<p>{gallery}201711_konf_viery{\/gallery}<\/p>\n<p>\u00a0<\/p>\n","protected":false},"excerpt":{"rendered":"<p>Vystrojte Bo\u017e\u00ed \u013eud k slu\u017ebe! (Ef 4:12) Konferencie viery organizuje Slovo \u017eivota Bratislava u\u017e mnoho rokov. Ka\u017ed\u00e1 z nich je po\u017eehnan\u00edm nielen pre na\u0161e hnutie, ale aj pre v\u0161etk\u00fdch host\u00ed. [&hellip;]<\/p>\n","protected":false},"author":1,"featured_media":3668,"comment_status":"open","ping_status":"open","sticky":false,"template":"","format":"standard","meta":{"episode_type":"","audio_file":"","cover_image":"","cover_image_id":"","duration":"","filesize":"","date_recorded":"","explicit":"","block":"","filesize_raw":"","footnotes":""},"categories":[72],"tags":[],"series":[],"class_list":["post-3670","post","type-post","status-publish","format-standard","has-post-thumbnail","hentry","category-aktuality"],"episode_featured_image":"https:\/\/www.slovozivota.sk\/wp-content\/uploads\/2017\/11\/KV2017_Srini.JPG","episode_player_image":"https:\/\/www.slovozivota.sk\/wp-content\/uploads\/2019\/10\/PodcastSZ-1.jpg","download_link":"","player_link":"","audio_player":false,"episode_data":{"playerMode":"dark","subscribeUrls":[],"rssFeedUrl":"https:\/\/www.slovozivota.sk\/ru-ru\/feed\/podcast\/slovo-zivota","embedCode":"<blockquote class=\"wp-embedded-content\" data-secret=\"SlWlbjwvVg\"><a href=\"https:\/\/www.slovozivota.sk\/ru-ru\/2017\/11\/konferencia-viery-2017-v-bratislave-2\/\">Konferencia viery 2017 v Bratislave<\/a><\/blockquote><iframe sandbox=\"allow-scripts\" security=\"restricted\" src=\"https:\/\/www.slovozivota.sk\/ru-ru\/2017\/11\/konferencia-viery-2017-v-bratislave-2\/embed\/#?secret=SlWlbjwvVg\" width=\"500\" height=\"350\" title=\"\u00abKonferencia viery 2017 v Bratislave\u00bb &#8212; Slovo \u017eivota\" data-secret=\"SlWlbjwvVg\" frameborder=\"0\" marginwidth=\"0\" marginheight=\"0\" scrolling=\"no\" class=\"wp-embedded-content\"><\/iframe><script type=\"text\/javascript\">\n\/* <![CDATA[ *\/\n\/*! This file is auto-generated *\/\n!function(d,l){\"use strict\";l.querySelector&&d.addEventListener&&\"undefined\"!=typeof URL&&(d.wp=d.wp||{},d.wp.receiveEmbedMessage||(d.wp.receiveEmbedMessage=function(e){var t=e.data;if((t||t.secret||t.message||t.value)&&!\/[^a-zA-Z0-9]\/.test(t.secret)){for(var s,r,n,a=l.querySelectorAll('iframe[data-secret=\"'+t.secret+'\"]'),o=l.querySelectorAll('blockquote[data-secret=\"'+t.secret+'\"]'),c=new RegExp(\"^https?:$\",\"i\"),i=0;i<o.length;i++)o[i].style.display=\"none\";for(i=0;i<a.length;i++)s=a[i],e.source===s.contentWindow&&(s.removeAttribute(\"style\"),\"height\"===t.message?(1e3<(r=parseInt(t.value,10))?r=1e3:~~r<200&&(r=200),s.height=r):\"link\"===t.message&&(r=new URL(s.getAttribute(\"src\")),n=new URL(t.value),c.test(n.protocol))&&n.host===r.host&&l.activeElement===s&&(d.top.location.href=t.value))}},d.addEventListener(\"message\",d.wp.receiveEmbedMessage,!1),l.addEventListener(\"DOMContentLoaded\",function(){for(var e,t,s=l.querySelectorAll(\"iframe.wp-embedded-content\"),r=0;r<s.length;r++)(t=(e=s[r]).getAttribute(\"data-secret\"))||(t=Math.random().toString(36).substring(2,12),e.src+=\"#?secret=\"+t,e.setAttribute(\"data-secret\",t)),e.contentWindow.postMessage({message:\"ready\",secret:t},\"*\")},!1)))}(window,document);\n\/* ]]> *\/\n<\/script>\n"},"_links":{"self":[{"href":"https:\/\/www.slovozivota.sk\/ru-ru\/wp-json\/wp\/v2\/posts\/3670","targetHints":{"allow":["GET"]}}],"collection":[{"href":"https:\/\/www.slovozivota.sk\/ru-ru\/wp-json\/wp\/v2\/posts"}],"about":[{"href":"https:\/\/www.slovozivota.sk\/ru-ru\/wp-json\/wp\/v2\/types\/post"}],"author":[{"embeddable":true,"href":"https:\/\/www.slovozivota.sk\/ru-ru\/wp-json\/wp\/v2\/users\/1"}],"replies":[{"embeddable":true,"href":"https:\/\/www.slovozivota.sk\/ru-ru\/wp-json\/wp\/v2\/comments?post=3670"}],"version-history":[{"count":0,"href":"https:\/\/www.slovozivota.sk\/ru-ru\/wp-json\/wp\/v2\/posts\/3670\/revisions"}],"wp:featuredmedia":[{"embeddable":true,"href":"https:\/\/www.slovozivota.sk\/ru-ru\/wp-json\/wp\/v2\/media\/3668"}],"wp:attachment":[{"href":"https:\/\/www.slovozivota.sk\/ru-ru\/wp-json\/wp\/v2\/media?parent=3670"}],"wp:term":[{"taxonomy":"category","embeddable":true,"href":"https:\/\/www.slovozivota.sk\/ru-ru\/wp-json\/wp\/v2\/categories?post=3670"},{"taxonomy":"post_tag","embeddable":true,"href":"https:\/\/www.slovozivota.sk\/ru-ru\/wp-json\/wp\/v2\/tags?post=3670"},{"taxonomy":"series","embeddable":true,"href":"https:\/\/www.slovozivota.sk\/ru-ru\/wp-json\/wp\/v2\/series?post=3670"}],"curies":[{"name":"wp","href":"https:\/\/api.w.org\/{rel}","templated":true}]}}